{"id":49756,"date":"2025-10-01T07:24:22","date_gmt":"2025-10-01T07:24:22","guid":{"rendered":"https:\/\/www.europesays.com\/no\/49756\/"},"modified":"2025-10-01T07:24:22","modified_gmt":"2025-10-01T07:24:22","slug":"elverum-helse-mester-gronn-i-elverum-er-aktivt-med-pa-rosa-sloyfe-kampanjen-brystkreft-angar-oss-alle-mener-de","status":"publish","type":"post","link":"https:\/\/www.europesays.com\/no\/49756\/","title":{"rendered":"Elverum, Helse | Mester Gr\u00f8nn i Elverum er aktivt med p\u00e5 Rosa sl\u00f8yfe-kampanjen: Brystkreft ang\u00e5r oss alle, mener de"},"content":{"rendered":"\n<p>Rosa roser, alkoholfrie bobler, rosa handlenett, servietter, snittekniver og diverse annet rosa tilbeh\u00f8r.\u00a0<\/p>\n<p>Det skal ikke v\u00e6re noen tvil om hvilken m\u00e5ned vi n\u00e5 g\u00e5r inn i, n\u00e5r du passerer Mester Gr\u00f8nn i Elverum.<\/p>\n<p>\u2013 Brystkreft er noe som ang\u00e5r alle kvinner. Vi er en bedrift med nesten 90 prosent kvinnelige ansatte, s\u00e5 for oss er det dermed helt naturlig \u00e5 bidra.<\/p>\n<p> \u2013 Alle kjenner vi noen som er ber\u00f8rt, og pengene som kommer inn gjennom Rosa sl\u00f8yfe-aksjonen er virkelig med p\u00e5 \u00e5 redde liv, sier nestleder Aina Gillerholtmoen.<\/p>\n<p>Best mulig livskvalitet<\/p>\n<p>Derfor er Elverums-gjengen nok en gang med p\u00e5 samarbeidet med Kreftforeningen og Brystkreftforeningen, med et m\u00e5l om \u00e5 samle inn midler til brystkreftforskning.<\/p>\n<p>Brystkreft er den vanligste kreftformen blant kvinner, og mer enn 4000 f\u00e5r p\u00e5vist sjukdommen hvert \u00e5r.\u00a0<\/p>\n<p>Men takket v\u00e6re innsamlinger som Rosa sl\u00f8yfe, kommer det inn penger til livsviktig forskning.\u00a0<\/p>\n<p>Noe som gj\u00f8r at stadig flere overlever og f\u00e5r best mulig livskvalitet etter kreftbehandlingen.\u00a0<\/p>\n<p>Siden starten i 1999 har Rosa sl\u00f8yfe-aksjonen bidratt med mer enn 465 millioner kroner til brystkreftsaken.\u00a0<\/p>\n<p>Blant topp 10<\/p>\n<p>\u2013 Vi i Mester Gr\u00f8nn synes dette er en veldig viktig aksjon. \u00c5 f\u00e5 en brystkreftdiagnose er heldigvis ikke en d\u00f8dsdom lenger. Men det trengs stadig midler til forskning, sier Aina.<\/p>\n<p>Det er da heller ikke fritt for annet enn at det g\u00e5r litt sport i \u00e5 samle inn mest i kjeden.<\/p>\n<p>\u2013 Og da er det ekstra artig at vi har ligget h\u00f8yt oppe i alle \u00e5r. Vi i Elverum har alltid v\u00e6rt blant topp 10 av 150-160 butikker.\u00a0<\/p>\n<p>\u2013 Det satser vi p\u00e5 i \u00e5r ogs\u00e5, takket v\u00e6re at elverumsingene er veldig flinke til st\u00f8tte opp om aksjonen, smiler de ivrige damene.<\/p>\n<p>Helgebukett<\/p>\n<p>Blant de mange rosa produktene, er ogs\u00e5 en egen Rosa sl\u00f8yfe-bukett. Og blomster, ja det er noe vi nordmenn vet \u00e5 sette pris p\u00e5.<\/p>\n<p>\u2013 Vi har v\u00e6rt til stede i Elverum i 30 \u00e5r, og folk har alltid v\u00e6rt glad i blomster. Men etter koronatida ble nok mange ekstra opptatt av \u00e5 bruke blomster som en del av interi\u00f8ret. Det virker som om mange er blitt avhengige av en helgebukett, mener damene.\u00a0<\/p>\n<p>\u2013 Vi pleier da ogs\u00e5 \u00e5 si at mat er n\u00e6ring for kroppen, og blomster n\u00e6ring for sjela!<\/p>\n<p>I fjor satte da ogs\u00e5 Mester Gr\u00f8nn ny rekord, og samlet inn 8,1 millioner kroner \u2013 langt over m\u00e5let som blomsterkjeden hadde satt seg, p\u00e5 5,7 millioner.<\/p>\n<p>   <img decoding=\"async\" width=\"1708\" height=\"2560\" fetchpriority=\"low\"  loading=\"lazy\"  src=\"https:\/\/www.europesays.com\/no\/wp-content\/uploads\/2025\/10\/Brystkreftforeningen_CelineAa_-163-3-scaled.jpg\" alt=\"\" class=\"brick-c-cFOWSL\" style=\"--brick-image-ratio: 1708 \/ 2560;\"\/><\/p>\n<p>    \u00c5RETS VERSJON: Dette er \u00e5rets rosa sl\u00f8yfe, designet av Celine Aagaard. Hun har sj\u00f8l opplevd kreft i n\u00e6r familie.<br \/>\n    Foto: Stephanie Sikkes\n  <\/p>\n<p>  Samleobjekt<\/p>\n<p>N\u00e5 gyver damene i Elverum i gang igjen, og det noen dager f\u00f8r 1. oktober.<\/p>\n<p>\u2013 Vi opplever at folk er p\u00e5 fra f\u00f8rste stund. Det er ogs\u00e5 helt tydelig at sl\u00f8yfen, som kommer i nytt design hvert \u00e5r, er blitt et samleobjekt. S\u00e5 vi blir egentlig litt lei oss hvis det blir tomt f\u00f8r oktober er over, sier de.<\/p>\n<p>\u00c5rets sl\u00f8yfe er designet av Celine Irgens Aagaard og hennes designteam i ENVELOPE1976.<\/p>\n<p>Den selges hos Mester Gr\u00f8nn, Lindex, Vitusapotek, Ditt Apotek, Kid Interi\u00f8r, Coop og Colosseum tannlege.<\/p>\n<p>I tillegg kan du bestille sl\u00f8yfen i Kreftforeningens nettbutikk, p\u00e5 et av Kreftforeningens regionskontor eller p\u00e5 en stand i regi av Brystkreftforeningen i oktober.<\/p>\n","protected":false},"excerpt":{"rendered":"Rosa roser, alkoholfrie bobler, rosa handlenett, servietter, snittekniver og diverse annet rosa tilbeh\u00f8r.\u00a0 Det skal ikke v\u00e6re noen&hellip;\n","protected":false},"author":2,"featured_media":49757,"comment_status":"","ping_status":"","sticky":false,"template":"","format":"standard","meta":{"footnotes":""},"categories":[10],"tags":[465,36,20,21,2138,1070,24,25,15,736,7687,22,23,13,30,28,29,14,16,7686,1510,26,27],"class_list":{"0":"post-49756","1":"post","2":"type-post","3":"status-publish","4":"format-standard","5":"has-post-thumbnail","7":"category-norge","8":"tag-arbeidsliv","9":"tag-art","10":"tag-breaking-news","11":"tag-breakingnews","12":"tag-brystkreft","13":"tag-elverum","14":"tag-featured-news","15":"tag-featurednews","16":"tag-headlines","17":"tag-helse","18":"tag-kreftsaken","19":"tag-latest-news","20":"tag-latestnews","21":"tag-news","22":"tag-no","23":"tag-norge","24":"tag-norway","25":"tag-nyheter","26":"tag-overskrifter","27":"tag-rosa-sloyfe","28":"tag-story","29":"tag-top-stories","30":"tag-topstories"},"share_on_mastodon":{"url":"","error":""},"_links":{"self":[{"href":"https:\/\/www.europesays.com\/no\/wp-json\/wp\/v2\/posts\/49756","targetHints":{"allow":["GET"]}}],"collection":[{"href":"https:\/\/www.europesays.com\/no\/wp-json\/wp\/v2\/posts"}],"about":[{"href":"https:\/\/www.europesays.com\/no\/wp-json\/wp\/v2\/types\/post"}],"author":[{"embeddable":true,"href":"https:\/\/www.europesays.com\/no\/wp-json\/wp\/v2\/users\/2"}],"replies":[{"embeddable":true,"href":"https:\/\/www.europesays.com\/no\/wp-json\/wp\/v2\/comments?post=49756"}],"version-history":[{"count":0,"href":"https:\/\/www.europesays.com\/no\/wp-json\/wp\/v2\/posts\/49756\/revisions"}],"wp:featuredmedia":[{"embeddable":true,"href":"https:\/\/www.europesays.com\/no\/wp-json\/wp\/v2\/media\/49757"}],"wp:attachment":[{"href":"https:\/\/www.europesays.com\/no\/wp-json\/wp\/v2\/media?parent=49756"}],"wp:term":[{"taxonomy":"category","embeddable":true,"href":"https:\/\/www.europesays.com\/no\/wp-json\/wp\/v2\/categories?post=49756"},{"taxonomy":"post_tag","embeddable":true,"href":"https:\/\/www.europesays.com\/no\/wp-json\/wp\/v2\/tags?post=49756"}],"curies":[{"name":"wp","href":"https:\/\/api.w.org\/{rel}","templated":true}]}}