{"id":49766,"date":"2025-10-01T07:33:17","date_gmt":"2025-10-01T07:33:17","guid":{"rendered":"https:\/\/www.europesays.com\/no\/49766\/"},"modified":"2025-10-01T07:33:17","modified_gmt":"2025-10-01T07:33:17","slug":"elverum-fotball-fotball-kalddusj-for-elverum-som-mistet-tabelltoppen","status":"publish","type":"post","link":"https:\/\/www.europesays.com\/no\/49766\/","title":{"rendered":"Elverum Fotball, Fotball | Kalddusj for Elverum som mistet tabelltoppen"},"content":{"rendered":"\n<p>Det begynner virkelig \u00e5 spisse seg til i toppen for Elverum Fotball.<\/p>\n<p>Med fem kamper igjen kunne Elverum med seier i tirsdagens kamp borte mot Lillestr\u00f8m 2 klatre tilbake p\u00e5 tabelltoppen etter \u00e5 ha sett L\u00f8renskog vinne sin kamp i helga.<\/p>\n<p>Men noen enkel kamp skulle det p\u00e5 ingen m\u00e5te vise seg \u00e5 bli mot et Lillestr\u00f8m med flere sv\u00e6rt rutinerte spillere, blant dem Ruben Gabrielsen.<\/p>\n<p>\u2013 Vi taper fortjent i dag. Det er et godt Lillestr\u00f8mlag, sier en \u00e6rlig Stian Aasen, som trekker fram en spesiell sitausjon etter tirsdagens nederlag.<\/p>\n<p>\u2013 Vi takler straffesituasjonen og utligningen til Lillestr\u00f8m like f\u00f8r pause veldig d\u00e5rlig, og spiller en 2. omgang langt under det vi forventer.<\/p>\n<p>\u00abStjal\u00bb scoring<\/p>\n<p>S\u00e5 det var virkelig en voksen oppgave i vente for Stian Aasen og hans menn, som nok f\u00f8ler de ikke har r\u00e5d til \u00e5 g\u00e5 p\u00e5 noen bananskall i sin jakt p\u00e5 opprykk.<\/p>\n<p>Og etter et \u00e5pningskvarter uten de store sjansene noen veg, var det til slutt p\u00e5 et hj\u00f8rnespark at det skulle l\u00f8sne for kveldens gjester.<\/p>\n<p>En corner sl\u00e5tt p\u00e5 f\u00f8rste stolpe endte med \u00e5 bli stusset i en flott bue over Lillestr\u00f8ms keeper av hans egen spiller, er undertegnede ganske sikker p\u00e5.<\/p>\n<p>Likevel er scoringen, enn s\u00e5 lenge, signert Peder Qveim Nersveen, som jublet hemningsl\u00f8st etter at ballen hadde g\u00e5tt i m\u00e5l.<\/p>\n<p>Om han faktisk var borti ballen, eller om han jublet i h\u00e5p om \u00e5 f\u00e5 en gratis scoring, vites ikke enda. Scoringen er ogs\u00e5 registrert p\u00e5 Nersveen hos fotball.no.<\/p>\n<p>Utlignet etter tvilsom straffe<\/p>\n<p>Med scoringen hadde Elverum f\u00e5tt akkurat den starten de dr\u00f8mte om, uten at det var noen hvilepute for de hvitkledde.<\/p>\n<p>Lillestr\u00f8m hadde i store perioder sv\u00e6rt mye ball og skapte et par skumle situasjoner foran Elverum sitt m\u00e5l.<\/p>\n<p>Lenge s\u00e5 omgangen ut til \u00e5 ende uten flere scoringer, overtiden starta.<\/p>\n<p>Hjemmelagets Jubril Chukwu-Emeka Adedeji tok med seg ballen nedover venstresiden, l\u00f8p inn i Elverums forsvarer og gikk i bakken. Dommer pekte p\u00e5 straffemerket.<\/p>\n<p>Med omgangens nest siste spark p\u00e5 ballen satt samme mann ballen i m\u00e5l, etter det som m\u00e5 v\u00e6re lov \u00e5 kalle et noe billig straffespark.<\/p>\n<p>Kom aldri inn i det<\/p>\n<p>Uansett er det dommeren som har siste ord, og scoringen s\u00f8rget for at lagene var like langt etter halvspilt omgang.<\/p>\n<p>En stor oppgave l\u00e5 foran Elverum, som har fire sv\u00e6rt t\u00f8ffe kamper i vente i de fire siste kampene.<\/p>\n<p>Dessverre for hedmarkingene var det Lillestr\u00f8m som tok tak i den andre omgangen, noe de fikk uttelling for etter femten minutter.<\/p>\n<p>Et meget godt skudd fra Angelos Chaminta gikk utakbart nede ved stolperota til Elverum-keeper Andreas Hippe Fagereng, som m\u00e5tte plukke nok en ball ut av nettet.<\/p>\n<p>Oppgaven ble med det enda st\u00f8rre for kveldens gjester.<\/p>\n<p>Rakning og historisk scoring<\/p>\n<p>Og om ikke oppgaven var stor nok som den er, ble den i l\u00f8pet av et par grusomme minutter p\u00e5 grensa til umulig da kampens f\u00f8rste m\u00e5lscorer var framp\u00e5 igjen \u2013 to ganger.<\/p>\n<p>F\u00f8rst etter et vanvittig soloraid av lagkamerat Chaminta, som la inn p\u00e5 lengste der Adedeji sto og venta.<\/p>\n<p>Den andre ble han servert av Elverum sitt forsvar, som rota det til for seg selv. I l\u00f8pet av fem minutter var s\u00e5 godt som alt h\u00e5p ute for Elverum, som bare hadde sju minutter pluss tillegg p\u00e5 \u00e5 snu det.<\/p>\n<p>Det viste seg umulig for Elverum, tross en historisk scoring av Magnus Solum som ble delt toppscorer i Elverum Fotball sin historie sammen med Lars Christer Kleiven, og r\u00f8dt kort til Lillestr\u00f8ms Emil Andreas Karlsen-Chavez.<\/p>\n<p>Kampen endte med en overlegen 4-2-seier til Lillestr\u00f8m, som med det sendte Elverum ned p\u00e5 2. plass p\u00e5 tabellen.<\/p>\n","protected":false},"excerpt":{"rendered":"Det begynner virkelig \u00e5 spisse seg til i toppen for Elverum Fotball. Med fem kamper igjen kunne Elverum&hellip;\n","protected":false},"author":2,"featured_media":49767,"comment_status":"","ping_status":"","sticky":false,"template":"","format":"standard","meta":{"footnotes":""},"categories":[59],"tags":[36,5534,92,30,28,29,83,82,1510],"class_list":{"0":"post-49766","1":"post","2":"type-post","3":"status-publish","4":"format-standard","5":"has-post-thumbnail","7":"category-sport","8":"tag-art","9":"tag-elverum-fotball","10":"tag-fotball","11":"tag-no","12":"tag-norge","13":"tag-norway","14":"tag-sport","15":"tag-sports","16":"tag-story"},"share_on_mastodon":{"url":"","error":""},"_links":{"self":[{"href":"https:\/\/www.europesays.com\/no\/wp-json\/wp\/v2\/posts\/49766","targetHints":{"allow":["GET"]}}],"collection":[{"href":"https:\/\/www.europesays.com\/no\/wp-json\/wp\/v2\/posts"}],"about":[{"href":"https:\/\/www.europesays.com\/no\/wp-json\/wp\/v2\/types\/post"}],"author":[{"embeddable":true,"href":"https:\/\/www.europesays.com\/no\/wp-json\/wp\/v2\/users\/2"}],"replies":[{"embeddable":true,"href":"https:\/\/www.europesays.com\/no\/wp-json\/wp\/v2\/comments?post=49766"}],"version-history":[{"count":0,"href":"https:\/\/www.europesays.com\/no\/wp-json\/wp\/v2\/posts\/49766\/revisions"}],"wp:featuredmedia":[{"embeddable":true,"href":"https:\/\/www.europesays.com\/no\/wp-json\/wp\/v2\/media\/49767"}],"wp:attachment":[{"href":"https:\/\/www.europesays.com\/no\/wp-json\/wp\/v2\/media?parent=49766"}],"wp:term":[{"taxonomy":"category","embeddable":true,"href":"https:\/\/www.europesays.com\/no\/wp-json\/wp\/v2\/categories?post=49766"},{"taxonomy":"post_tag","embeddable":true,"href":"https:\/\/www.europesays.com\/no\/wp-json\/wp\/v2\/tags?post=49766"}],"curies":[{"name":"wp","href":"https:\/\/api.w.org\/{rel}","templated":true}]}}