{"id":49785,"date":"2025-10-01T07:52:10","date_gmt":"2025-10-01T07:52:10","guid":{"rendered":"https:\/\/www.europesays.com\/no\/49785\/"},"modified":"2025-10-01T07:52:10","modified_gmt":"2025-10-01T07:52:10","slug":"gulating-lagmannsrett-frikjent-advokat-frikjent-for-mishandling-skulle-aldri-vaert-tatt-ut-tiltale","status":"publish","type":"post","link":"https:\/\/www.europesays.com\/no\/49785\/","title":{"rendered":"Gulating lagmannsrett, Frikjent | Advokat frikjent for mishandling: \u2013 Skulle aldri v\u00e6rt tatt ut tiltale"},"content":{"rendered":"\n<p>En tidligere advokat i 50-\u00e5rene fra Bergen ble i 2024 <a href=\"https:\/\/www.ba.no\/eks-advokat-domt-til-over-to-ras-fengsel\/s\/5-8-2796461\" rel=\"Follow nofollow noopener\" target=\"_blank\">d\u00f8mt<\/a> til ubetinget fengsel i to \u00e5r og to m\u00e5neder for mishandling i n\u00e6re relasjoner.<\/p>\n<p>Han ble ogs\u00e5 d\u00f8mt til \u00e5 betale flere millioner kroner i erstatning og oppreisning, men dommen ble anket.<\/p>\n<p>N\u00e5 har lagmannsretten frikjent mannen for alt han var tiltalt for.<\/p>\n<p><b>\u2013 Han er lettet, men fortvilet. Det skulle aldri v\u00e6rt tatt ut tiltale, sier hans forsvarer Mette Yvonne Larsen.<\/b><\/p>\n<p>  <a href=\"https:\/\/www.ba.no\/5-8-2767193\" class=\"related-teaser has-image default-story-teaser article--c-eRUmMG article--c-eRUmMG-jKCPdD-design-default\" rel=\"nofollow noopener\" target=\"_blank\"><\/p>\n<p>    <img decoding=\"async\" loading=\"lazy\"  src=\"https:\/\/www.europesays.com\/no\/wp-content\/uploads\/2025\/10\/Roofgarden.jpg\" alt=\"\" class=\"brick-c-cFOWSL\" style=\"\"\/><\/p>\n<p>\n            Les ogs\u00e5<\/p>\n<p>              Advokaten: \u2013 Jeg har gr\u00e5tt mye. Dette er hevn\n        <\/p>\n<p>  <\/a><br \/>\n  Kritisk til politiet<\/p>\n<p><a href=\"https:\/\/www.ba.no\/advokat-tiltalt-kone-og-barn-levde-i-utrygghet-og-frykt\/s\/5-8-2537121\" rel=\"Follow nofollow noopener\" target=\"_blank\">Tiltalen<\/a> mot familiefaren ble kjent i januar 2024. Han la da ned advokatpraksisen sin, og ble sykemeldt.<\/p>\n<p>P\u00e5talemyndigheten mener han har v\u00e6rt voldelig, truende og skremmende mot sin egen familie siden tidlig p\u00e5 2000-tallet.<\/p>\n<p>\u2013 De fysiske voldshandlingene er ikke av de mest alvorlige. Det er slag med flat h\u00e5nd p\u00e5 armer, lugging og kniping. De psykiske krenkelsene er mer alvorlig, <a rel=\"Follow nofollow noopener\" href=\"https:\/\/www.ba.no\/vil-ha-over-to-ars-fengsel-for-bergensk-eks-advokat\/s\/5-8-2774472\" target=\"_blank\">oppsummerte aktor <\/a>Katharina Fenc Nesse i sitt sluttinnlegg i tingretten.<\/p>\n<p><b>Til sammen var mannen tiltalt for syv punkter. Han er frifunnet for alle punktene, i en enstemmig dom.<\/b><\/p>\n<p>   <img decoding=\"async\" width=\"4538\" height=\"3144\" fetchpriority=\"low\"  loading=\"lazy\"  src=\"https:\/\/www.europesays.com\/no\/wp-content\/uploads\/2025\/10\/Nesse.jpg\" alt=\"\" class=\"brick-c-cFOWSL\" style=\"--brick-image-ratio: 4538 \/ 3144;\"\/><\/p>\n<p>    Politiadvokat Katharina Fenc Nesse i retten i fjor h\u00f8st.<br \/>\n    Foto: Olav Sundvor\n  <\/p>\n<p>B\u00e5de lagmannsretten og advokat Mette Yvonne Larsen er kritiske til politiets arbeid med saken.<\/p>\n<p>\u2013 Denne saken har tatt fra ham yrket, \u00f8konomien og familien. Og har tatt altfor lang tid, skriver advokat Larsen til BA.<\/p>\n<p>\u2013 Alt er oppskrudd<\/p>\n<p>Hordaland tingrett mente alts\u00e5 \u00e5 kunne bevise at han gjennom nesten tyve \u00e5r utsatte sin eks-kone og deres tre felles barn for hyppige krenkelser.<\/p>\n<p><b>Selv har mannen hele tiden avvist at han har v\u00e6rt en voldelig, truende og skremmende far og ektemann, og nektet straffskyld.<\/b><\/p>\n<p>\u2013 Det er fortvilende \u00e5 sitte og h\u00f8re p\u00e5. Alt er oppskrudd. Det er trist og utrolig hjerteskj\u00e6rende, <a href=\"https:\/\/www.ba.no\/vil-ha-over-to-ars-fengsel-for-bergensk-eks-advokat\/s\/5-8-2774472\" rel=\"Follow nofollow noopener\" target=\"_blank\">sa mannen i rettsaken i tingretten. <\/a><\/p>\n<p>I dommen skriver lagmannsretten at de etter bevisf\u00f8rselen har \u00abet klart inntrykk av at forholdet mellom tiltalte og [ekskonen] var sv\u00e6rt turbulent, og det ble kranglet mye og h\u00f8ylytt\u00bb.<\/p>\n<p>At ekskonen var redd for advokaten, finnes det ingen bevis for, mener lagmannsretten.<\/p>\n<p>I dommen st\u00e5r det at de tvert om har inntrykk av at ekskonen bestemte mye i forholdet, slik den frikjente advokaten har forklart.<\/p>\n<p>Finner ingen bevis<\/p>\n<p>Lagmannsretten mener det finnes en realistisk mulighet for at mannen er helt uskyldig.<\/p>\n<p>Dommerne peker p\u00e5 at de forn\u00e6rmede barnas forklaringer b\u00e6rer preg av samme kronologi og bruk av ord, og er i tvil om de p\u00e5 forh\u00e5nd kan ha blitt enig om en felles sannhet sammen med sin mor.<\/p>\n<p><b>\u2013 Den frie del av de nevnte forklaringene bar preg av opplesning, st\u00e5r det i dommen.<\/b><\/p>\n<p>Det vises ogs\u00e5 til at politianmeldelsen kom p\u00e5 et tidspunkt da forholdet mellom de to var sv\u00e6rt anspent av flere grunner.<\/p>\n<p>I det store og hele konkluderes det med at det ikke finnes bevis for at familiefaren har mishandlet sin familie, eller at de har levd i et fryktregime.<\/p>\n<p>\u2013 N\u00e5r det gjelder voldsepisodene kan lagmannsretten ikke se bort fra at tilfeller av fysisk kontakt skyldes gjensidig krangel, uhell eller uv\u00f8ren lek, st\u00e5r det i dommen.<\/p>\n<p>Politiadvokat Katharina Fenc Nesse har forel\u00f8pig ikke svart p\u00e5 BAs henvendelser tirsdag kveld.<\/p>\n","protected":false},"excerpt":{"rendered":"En tidligere advokat i 50-\u00e5rene fra Bergen ble i 2024 d\u00f8mt til ubetinget fengsel i to \u00e5r og&hellip;\n","protected":false},"author":2,"featured_media":49786,"comment_status":"","ping_status":"","sticky":false,"template":"","format":"standard","meta":{"footnotes":""},"categories":[10],"tags":[6188,36,20,21,24,25,7688,5733,15,22,23,13,30,28,29,14,16,1510,26,27],"class_list":{"0":"post-49785","1":"post","2":"type-post","3":"status-publish","4":"format-standard","5":"has-post-thumbnail","7":"category-norge","8":"tag-advokat","9":"tag-art","10":"tag-breaking-news","11":"tag-breakingnews","12":"tag-featured-news","13":"tag-featurednews","14":"tag-frikjent","15":"tag-gulating-lagmannsrett","16":"tag-headlines","17":"tag-latest-news","18":"tag-latestnews","19":"tag-news","20":"tag-no","21":"tag-norge","22":"tag-norway","23":"tag-nyheter","24":"tag-overskrifter","25":"tag-story","26":"tag-top-stories","27":"tag-topstories"},"share_on_mastodon":{"url":"","error":""},"_links":{"self":[{"href":"https:\/\/www.europesays.com\/no\/wp-json\/wp\/v2\/posts\/49785","targetHints":{"allow":["GET"]}}],"collection":[{"href":"https:\/\/www.europesays.com\/no\/wp-json\/wp\/v2\/posts"}],"about":[{"href":"https:\/\/www.europesays.com\/no\/wp-json\/wp\/v2\/types\/post"}],"author":[{"embeddable":true,"href":"https:\/\/www.europesays.com\/no\/wp-json\/wp\/v2\/users\/2"}],"replies":[{"embeddable":true,"href":"https:\/\/www.europesays.com\/no\/wp-json\/wp\/v2\/comments?post=49785"}],"version-history":[{"count":0,"href":"https:\/\/www.europesays.com\/no\/wp-json\/wp\/v2\/posts\/49785\/revisions"}],"wp:featuredmedia":[{"embeddable":true,"href":"https:\/\/www.europesays.com\/no\/wp-json\/wp\/v2\/media\/49786"}],"wp:attachment":[{"href":"https:\/\/www.europesays.com\/no\/wp-json\/wp\/v2\/media?parent=49785"}],"wp:term":[{"taxonomy":"category","embeddable":true,"href":"https:\/\/www.europesays.com\/no\/wp-json\/wp\/v2\/categories?post=49785"},{"taxonomy":"post_tag","embeddable":true,"href":"https:\/\/www.europesays.com\/no\/wp-json\/wp\/v2\/tags?post=49785"}],"curies":[{"name":"wp","href":"https:\/\/api.w.org\/{rel}","templated":true}]}}