{"id":49836,"date":"2025-10-01T08:36:14","date_gmt":"2025-10-01T08:36:14","guid":{"rendered":"https:\/\/www.europesays.com\/no\/49836\/"},"modified":"2025-10-01T08:36:14","modified_gmt":"2025-10-01T08:36:14","slug":"stale-solbakken-besokte-vip-boksen-til-haaland-pa-etihad-stadium","status":"publish","type":"post","link":"https:\/\/www.europesays.com\/no\/49836\/","title":{"rendered":"St\u00e5le Solbakken bes\u00f8kte VIP-boksen til Haaland p\u00e5 Etihad Stadium."},"content":{"rendered":"<p>  Plutselig dukket St\u00e5le Solbakken (57) opp i VIP-boksen til Haaland. Men det var ikke det eneste han gjorde i Manchester.<\/p>\n<p>\n    VIP-PRAT: St\u00e5le Solbakken (t.h.) snakker med Alfie Haaland (t.v.) i VIP-boksen p\u00e5 Etihad Stadium. Anledningen var kampen mellom Manchester City og Napoli 18. september. Skjermdump: Med tillatelse fra TV 2\n  <\/p>\n<ul>\n<li class=\"lab-bodytext-line font-weight-bold m-font-weight-bold\" data-lab-font_weight=\"font-weight-bold\">Norge &#8211; Israel. L\u00f8rdag 11. oktober klokka 18.00.<\/li>\n<\/ul>\n<p>ULLEVAAL (Dagbladet): Overfor Dagbladet bekrefter St\u00e5le Solbakken at han m\u00f8tte Pep Guardiola (54) i rundt en time. Dette skjedde for knappe to uker siden.<\/p>\n<p>Anledningen var kampen mellom Manchester City og Napoli i Champions League. Etter 56 minutter sendte Erling Braut Haaland hjemmelaget opp i 1-0.\u00a0<\/p>\n<p>          <img loading=\"lazy\" decoding=\"async\" src=\"https:\/\/www.europesays.com\/no\/wp-content\/uploads\/2025\/10\/83663356.webp\" width=\"686\" height=\"392\" title=\"M\u00c5L: Erling Braut Haaland scoret det f\u00f8rste m\u00e5let da Manchester City slo Napoli 2-0. Foto: NTB\" alt=\"\" class=\"\" style=\"--aspect-ratio-image: 1.75; \"\/><\/p>\n<p>\n          M\u00c5L: Erling Braut Haaland scoret det f\u00f8rste m\u00e5let da Manchester City slo Napoli 2-0. Foto: NTB\n      <\/p>\n<p>Rett etter scoringen ble VIP-boksen til Haaland p\u00e5 Etihad Stadium zoomet inn av et TV-kamera.<\/p>\n<p>TV-bildene viste at pappa Alfie f\u00f8rst snakket med teamets \u00f8konomidirekt\u00f8r, Egil \u00d8stenstad. S\u00e5 henvendte han seg til Solbakken.<\/p>\n<p>Scoringen utl\u00f8ste norsk ekstase.<\/p>\n<p>          <img loading=\"lazy\" decoding=\"async\" src=\"https:\/\/www.europesays.com\/no\/wp-content\/uploads\/2025\/10\/83665517.webp\" width=\"686\" height=\"419\" title=\"NORDMENN I FOKUS: VIP-boksen var sentralt i TV-bildet da Erling Braut Haaland scoret mot Napoli. Skjermdump: Med tillatelse fra TV 2\" alt=\"\" class=\"\" style=\"--aspect-ratio-image: 1.64; \"\/><\/p>\n<p>\n          NORDMENN I FOKUS: VIP-boksen var sentralt i TV-bildet da Erling Braut Haaland scoret mot Napoli. Skjermdump: Med tillatelse fra TV 2\n      <\/p>\n<p>City vant 2-0.<\/p>\n<p>&#8211; Jeg hadde et m\u00f8te med Oscar Bobb og Erling. Jeg hadde ogs\u00e5 en time med Pep Guardiola og Pepijn Lijnders (assistent). Det var hyggelig, det, forteller Solbakken, som forbereder VM-kvalifisering mot Israel 11. oktober.<\/p>\n<p class=\"font-weight-bold m-font-weight-bold\" data-lab-font_weight=\"font-weight-bold\">&#8211; Vi hadde en god samtale med Pep. N\u00e5r vi b\u00e5de har Erling og Oscar i klubben, og Mario Pafundi, har vi en god inngang.<\/p>\n<p>Sistnevnte er en fysioterapeut som har gjort underverker med Haalands kropp. Han benyttes ogs\u00e5 av det norske landslaget og s\u00f8rger for \u00e5 holde gladiatoren skadefri.<\/p>\n<p>          <img loading=\"lazy\" decoding=\"async\" src=\"https:\/\/www.europesays.com\/no\/wp-content\/uploads\/2025\/10\/83663358.webp\" width=\"686\" height=\"453\" title=\"STORM\u00d8TE: St\u00e5le Solbakken (t.v.) og Pep Guardiola har m\u00f8ttes ved flere anledninger. Her fra da F.C. K\u00f8benhavn og Barcelona barket sammen i Parken i 2010. Foto: NTB\" alt=\"\" class=\"\" style=\"--aspect-ratio-image: 1.51; \"\/><\/p>\n<p>\n          STORM\u00d8TE: St\u00e5le Solbakken (t.v.) og Pep Guardiola har m\u00f8ttes ved flere anledninger. Her fra da F.C. K\u00f8benhavn og Barcelona barket sammen i Parken i 2010. Foto: NTB\n      <\/p>\n<p>&#8211; Vi s\u00e5 Liverpool mot Atl\u00e9tico Madrid (3-2) p\u00e5 den samme turen. Vi hadde et m\u00f8te med Liverpool-ledelsen. Ikke trenerteamet, men scouting og sport for \u00f8vrig. Det var et fint utbytte, sier Solbakken.<\/p>\n<p class=\"italic m-italic\" data-lab-italic=\"italic\">&#8211; Var det et spektakul\u00e6rt bes\u00f8k i VIP-boksen til Haaland?<\/p>\n<p>&#8211; Nei, det var ikke s\u00e5 spektakul\u00e6rt. Det var enkelt og fint.<\/p>\n<p class=\"italic m-italic\" data-lab-italic=\"italic\">&#8211; Hvor godt kjenner du pappa Alfie?<\/p>\n<p>&#8211; Vi spilte fotball sammen.<\/p>\n<p>          <img loading=\"lazy\" decoding=\"async\" src=\"https:\/\/www.europesays.com\/no\/wp-content\/uploads\/2025\/10\/83663365.webp\" width=\"686\" height=\"481\" title=\"LAGKAMERATER: Egil \u00d8stenstad (foran) og St\u00e5le Solbakken (t.h.) spilte sammen p\u00e5 det norske landslaget. Foto: NTB\" alt=\"\" class=\"\" style=\"--aspect-ratio-image: 1.43; \"\/><\/p>\n<p>\n          LAGKAMERATER: Egil \u00d8stenstad (foran) og St\u00e5le Solbakken (t.h.) spilte sammen p\u00e5 det norske landslaget. Foto: NTB\n      <\/p>\n<p> &#8211; Har dere holdt kontakten?\u00a0<\/p>\n<p>&#8211; Egentlig ikke. Men vi m\u00f8tes i forbindelse med fotballen. Jeg var litt romkamerat med Egil \u00d8stenstad p\u00e5 landslaget. Han er i teamet (rundt Haaland), s\u00e5 jeg har egentlig hatt mest kontakt ham.<\/p>\n<p class=\"italic m-italic\" data-lab-italic=\"italic\">&#8211; Det har v\u00e6rt snakk om at Haaland har hatt en ryggskade. Hva vet du om dette?<\/p>\n<p>&#8211; Det har bare v\u00e6rt noe sm\u00e5tteri.<\/p>\n<p>    <a itemprop=\"url\" href=\"https:\/\/www.dagbladet.no\/sport\/naermest-desperat\/83662005\" rel=\"nofollow noopener\" target=\"_blank\"><\/p>\n<p>      <img loading=\"lazy\" decoding=\"async\" src=\"https:\/\/www.europesays.com\/no\/wp-content\/uploads\/2025\/10\/83662012.webp\" width=\"980\" height=\"441\" title=\"- N\u00e6rmest desperat\" alt=\"\" class=\"lazyload\" style=\"--aspect-ratio-image: 2.22; \"\/><\/p>\n<p>        &#8211; N\u00e6rmest desperat<\/p>\n<p>    <\/a><\/p>\n<p class=\"italic m-italic\" data-lab-italic=\"italic\">&#8211; Haaland st\u00e5r oppf\u00f8rt med 93 m\u00e5l i Premier League, to mer enn Ole Gunnar Solskj\u00e6r. Hva forteller dette?<\/p>\n<p>&#8211; Det forteller at han vil gj\u00f8re historiske ting i ganske lang tid framover.<\/p>\n<p class=\"italic m-italic\" data-lab-italic=\"italic\">&#8211; P\u00e5 hvilke omr\u00e5der kan han forbedre seg?<\/p>\n<p>&#8211; I takt med at fotballspillere blir eldre, blir de enda mer modne og tar enda bedre beslutninger. Men slik han spiller n\u00e5 er det ikke s\u00e5 mye \u00e5 hente p\u00e5 noen omr\u00e5der.<\/p>\n<p>        Sist gang Norge m\u00f8tte Israel var landslagstrener St\u00e5le Solbakken sv\u00e6rt snakkesalig om politikken rundt kampen. Denne gangen blir det annerledes. Reporter: Edward Stenlund. Video: NTB<\/p>\n<p>Solbakken samler landslaget i Oslo f\u00f8rstkommende mandag. Etter m\u00f8tet med Israel venter privatlandskamp mot New Zealand 14. oktober.<\/p>\n","protected":false},"excerpt":{"rendered":"Plutselig dukket St\u00e5le Solbakken (57) opp i VIP-boksen til Haaland. Men det var ikke det eneste han gjorde&hellip;\n","protected":false},"author":2,"featured_media":49837,"comment_status":"","ping_status":"","sticky":false,"template":"","format":"standard","meta":{"footnotes":""},"categories":[59],"tags":[92,30,28,29,83,82,1387],"class_list":{"0":"post-49836","1":"post","2":"type-post","3":"status-publish","4":"format-standard","5":"has-post-thumbnail","7":"category-sport","8":"tag-fotball","9":"tag-no","10":"tag-norge","11":"tag-norway","12":"tag-sport","13":"tag-sports","14":"tag-stale-solbakken"},"share_on_mastodon":{"url":"","error":""},"_links":{"self":[{"href":"https:\/\/www.europesays.com\/no\/wp-json\/wp\/v2\/posts\/49836","targetHints":{"allow":["GET"]}}],"collection":[{"href":"https:\/\/www.europesays.com\/no\/wp-json\/wp\/v2\/posts"}],"about":[{"href":"https:\/\/www.europesays.com\/no\/wp-json\/wp\/v2\/types\/post"}],"author":[{"embeddable":true,"href":"https:\/\/www.europesays.com\/no\/wp-json\/wp\/v2\/users\/2"}],"replies":[{"embeddable":true,"href":"https:\/\/www.europesays.com\/no\/wp-json\/wp\/v2\/comments?post=49836"}],"version-history":[{"count":0,"href":"https:\/\/www.europesays.com\/no\/wp-json\/wp\/v2\/posts\/49836\/revisions"}],"wp:featuredmedia":[{"embeddable":true,"href":"https:\/\/www.europesays.com\/no\/wp-json\/wp\/v2\/media\/49837"}],"wp:attachment":[{"href":"https:\/\/www.europesays.com\/no\/wp-json\/wp\/v2\/media?parent=49836"}],"wp:term":[{"taxonomy":"category","embeddable":true,"href":"https:\/\/www.europesays.com\/no\/wp-json\/wp\/v2\/categories?post=49836"},{"taxonomy":"post_tag","embeddable":true,"href":"https:\/\/www.europesays.com\/no\/wp-json\/wp\/v2\/tags?post=49836"}],"curies":[{"name":"wp","href":"https:\/\/api.w.org\/{rel}","templated":true}]}}