{"id":49915,"date":"2025-10-01T09:53:08","date_gmt":"2025-10-01T09:53:08","guid":{"rendered":"https:\/\/www.europesays.com\/no\/49915\/"},"modified":"2025-10-01T09:53:08","modified_gmt":"2025-10-01T09:53:08","slug":"welhaven-om-israel-nekt-i-fotballen-utenkelig","status":"publish","type":"post","link":"https:\/\/www.europesays.com\/no\/49915\/","title":{"rendered":"Welhaven om Israel-nekt i fotballen: Utenkelig"},"content":{"rendered":"\n<p class=\"_lead_1nvvf_2 _lead_xtcu6_50 layout-component text-serif-m layout-normal text-serif-l layout-component layout-normal layout-padded layout-padded\"><strong class=\"_strong_1nvvf_25\">Den politiske kj\u00f8ttvekten gj\u00f8r det naivt \u00e5 tro at Israel blir fryst ut av fotballen. Men kritikerne har funnet et spor som kan skape tr\u00f8bbel for toppene.<\/strong><\/p>\n<p>Kommentator i VG. Skriver mest om sport og idrettspolitikk, men ogs\u00e5 om diverse andre temaer.<\/p>\n<p><a href=\"https:\/\/www.vg.no\/sport\/i\/gw595A\/mailto:leif.welhaven@vg.no\" class=\"_button_6bkpv_2 button-label-large _filled_6bkpv_106 _button_43ilh_75\" rel=\"nofollow noopener\" target=\"_blank\">E-post<\/a><img alt=\"St\u00e5le Solbakken venter med \u00e5 uttale seg om den politiske siden ved Israel i fotballen til etter at kvalifiseringskampen er spilt.\" class=\"_image_qp4xg_65 layout-component layout-wide\" data-fullscreen- data-track-element-type=\"Article image fullscreen\" data-track-name=\"ImageFullscreen\" fetchpriority=\"high\" decoding=\"sync\" loading=\"eager\" height=\"533\" itemprop=\"image\"  src=\"https:\/\/www.europesays.com\/no\/wp-content\/uploads\/2025\/10\/c327ee3a-6092-4911-94b4-3b019d55a5fc\"  style=\"object-position:0% 0%\" width=\"800\"\/> Foto: Erik Flaaris Johansen \/ NTBOnsdag 1. oktober kl. 11:06     <\/p>\n<p class=\"_paragraph_1nvvf_4 _paragraph_xtcu6_10 layout-component text-serif-m layout-normal text-serif-m layout-padded\">Klisjeen om at idrett lever separat fra politikk, har aldri v\u00e6rt lengre unna virkeligheten enn n\u00e5. Mens det har v\u00e6rt sanksjonert mot Russland lenge, \u00f8nsker krefter i europeisk fotball at det tas grep ogs\u00e5 overfor Israel.<\/p>\n<p class=\"_paragraph_1nvvf_4 _paragraph_xtcu6_10 layout-component text-serif-m layout-normal text-serif-m layout-padded\">Den norske fotballpresidenten Lise Klaveness, som ogs\u00e5 er styremedlem i Det europeiske fotballforbundet (UEFA), har v\u00e6rt \u00e5pen om at hun personlig er tilhenger av at Israel b\u00f8r utestenges. Aktiviteten skal v\u00e6re stor innad i det europeiske forbundet.<\/p>\n<p class=\"_paragraph_1nvvf_4 _paragraph_xtcu6_10 layout-component text-serif-m layout-normal text-serif-m layout-padded\">Selv om det er spenning knyttet til hva som vil skje i UEFA, fremst\u00e5r det utenkelig at vi vil ende opp med at Israel skyves ut av fotballfellesskapet. Til det r\u00e5der realpolitikken for tydelig.<\/p>\n<p class=\"_paragraph_1nvvf_4 _paragraph_xtcu6_10 layout-component text-serif-m layout-normal text-serif-m layout-padded\">Gitt linjen til Gianni Infantino, som leder Det internasjonale fotballforbundet (FIFA), tyder ingenting p\u00e5 at han vil se noe slikt skje. Uavhengig av formelle strukturer, viser historien at FIFA f\u00e5r det som de vil, noe vi for eksempel s\u00e5 rundt kapteinsbind med regnbuefarger under mesterskapet i Qatar.<\/p>\n<p class=\"_paragraph_1nvvf_4 _paragraph_xtcu6_10 layout-component text-serif-m layout-normal text-serif-m layout-padded\">Infantino skal fronte et verdensmesterskap i Donald Trumps USA neste \u00e5r. Det vi har sett s\u00e5 langt, er en fotballboss som er veldig opptatt av \u00e5 holde seg inne med den amerikanske presidenten. Om Israel skulle bli fryst ut av fotballen n\u00e5, med det storpolitiske landskapet som r\u00e5der, ville det skadet denne relasjonen p\u00e5 et vis toppsjefen aldri ville kunne godta. Og selv om kvalifiseringene er geografisk inndelt, er selve mesterskapet i FIFAs hender.<\/p>\n<p><img alt=\"Fotballpresident Lise Klaveness er blant dem som mener Israel burde v\u00e6rt utestengt.\" class=\"_image_qp4xg_65 layout-component layout-normal\" data-fullscreen- data-track-element-type=\"Article image fullscreen\" data-track-name=\"ImageFullscreen\" decoding=\"async\" loading=\"lazy\" height=\"3676\" itemprop=\"image\"  src=\"https:\/\/www.europesays.com\/no\/wp-content\/uploads\/2025\/10\/d812cada-9286-4562-837b-3adf4362c26a\"  style=\"object-position:0% 0%\" width=\"5531\"\/>Foto: Jonas F\u00e6ste Laksekj\u00f8n \/ NTB<\/p>\n<p class=\"_paragraph_1nvvf_4 _paragraph_xtcu6_10 layout-component text-serif-m layout-normal text-serif-m layout-padded\"><strong class=\"_strong_1nvvf_25\">Men selv om utfallet virker klart, kommer ikke diskusjonen om Israel burde v\u00e6rt inne eller ute til \u00e5 stilne. Det er en voksende verkebyll.\u00a0<\/strong><\/p>\n<p class=\"_paragraph_1nvvf_4 _paragraph_xtcu6_10 layout-component text-serif-m layout-normal text-serif-m layout-padded\">Etter at Norge trakk Israel i VM-kvalifiseringen, har det v\u00e6rt \u00e5penbart at politikken ville sl\u00e5 inn med full kraft. N\u00e5 kommer israelerne hit, og dermed blir oppladningen til kampen helt spesiell. Vi vet ikke hvor heftig det blir, men det er bare \u00e5 st\u00e5lsette seg for at veldig mye kommer til \u00e5 handle om andre ting enn 2&#215;45 minutter pluss tillegg.<\/p>\n<p class=\"_paragraph_1nvvf_4 _paragraph_xtcu6_10 layout-component text-serif-m layout-normal text-serif-m layout-padded\"><a href=\"https:\/\/www.vg.no\/tag\/staale-solbakken?utm_source=vg-article&amp;utm_medium=auto-tagger&amp;utm_campaign=gw595A\" class=\"_link_1nvvf_39\" rel=\"nofollow noopener\" target=\"_blank\">St\u00e5le Solbakken<\/a> velger \u00e5 vente med \u00e5 si hva han mener f\u00f8r etter kampen, i et fors\u00f8k p\u00e5 \u00e5 skjerme det sportslige. Men uansett kommer all viraken utenfor banen til \u00e5 skape et voldsomt trykk rundt en kamp som kan sende Norge mye n\u00e6rmere VM.\u00a0<\/p>\n<p><img alt=\"Norge slo Israel 4\u20132 i borteoppgj\u00f8ret. \" class=\"_image_qp4xg_65 layout-component layout-normal\" data-fullscreen- data-track-element-type=\"Article image fullscreen\" data-track-name=\"ImageFullscreen\" decoding=\"async\" loading=\"lazy\" height=\"2897\" itemprop=\"image\"  src=\"https:\/\/www.europesays.com\/no\/wp-content\/uploads\/2025\/10\/7e06a363-0da2-4bdb-bf8b-df3f4b6adf19\"  style=\"object-position:0% 0%\" width=\"4183\"\/>Foto: Bj\u00f8rn S. Delebekk \/ VG<\/p>\n<p class=\"_paragraph_1nvvf_4 _paragraph_xtcu6_10 layout-component text-serif-m layout-normal text-serif-m layout-padded\">Det er ikke vanskelig \u00e5 finne argumenter som taler b\u00e5de for og mot at Israel burde bli suspendert. Noen vil mene at det Israel foretar seg p\u00e5 Gaza-stripen er s\u00e5 dr\u00f8yt, at det i seg selv tilsier at fotballen burde foreta seg noe. Parallellen til Russland er relevant, selv om det er forskjeller p\u00e5 de to sakene. Andre vil trekke frem idrettens apolitiske visjon, og at det ikke er fotballens oppgave \u00e5 blande seg inn i den betente konflikten.<\/p>\n<p class=\"_paragraph_1nvvf_4 _paragraph_xtcu6_10 layout-component text-serif-m layout-normal text-serif-m layout-padded\">Det som er interessant \u00e5 registrere, er at det ikke f\u00f8rst og fremst er den storpolitiske dimensjonen som brukes som argument av Klaveness. Det finnes nemlig en side av saken som er tettere p\u00e5 fotballens banehalvdel. Dermed blir den ogs\u00e5 vanskeligere \u00e5 feie unna.\u00a0<\/p>\n<p class=\"_paragraph_1nvvf_4 _paragraph_xtcu6_10 layout-component text-serif-m layout-normal text-serif-m layout-padded\">At flere israelske klubber har utspring i de okkuperte omr\u00e5dene, er et problem opp mot fotballens regelverk. Det argumentet kan de som vil ha Israel ut, bruke hardt i diskusjonene fremover. Sp\u00f8rsm\u00e5let er hvilken konsekvens problemstillingen kan f\u00e5, og om lobbyvirksomheten til det palestinske forbundet kan f\u00f8re noe sted.<\/p>\n<p class=\"_paragraph_1nvvf_4 _paragraph_xtcu6_10 layout-component text-serif-m layout-normal text-serif-m layout-padded\">Denne siden av saken er kinkig. Det blir interessant \u00e5 se hvordan fotballtopper p\u00e5 ulike niv\u00e5er kommer til \u00e5 ordlegge seg fremover. Men uansett hvordan det hele m\u00e5tte utspille seg, ligger det rett og slett ingen Israel-nekt i kortene. <\/p>\n<p class=\"_paragraph_1nvvf_4 _paragraph_xtcu6_10 layout-component text-serif-m layout-normal text-serif-m layout-padded\"><strong class=\"_strong_1nvvf_25\">Til det er de Israel-vennlige kreftene for sterke.<\/strong><\/p>\n<p>Les ogs\u00e5<br \/>\n   Dette er en kommentar. Kommentaren gir uttrykk for skribentens holdning. <\/p>\n","protected":false},"excerpt":{"rendered":"Den politiske kj\u00f8ttvekten gj\u00f8r det naivt \u00e5 tro at Israel blir fryst ut av fotballen. Men kritikerne har&hellip;\n","protected":false},"author":2,"featured_media":49916,"comment_status":"","ping_status":"","sticky":false,"template":"","format":"standard","meta":{"footnotes":""},"categories":[59],"tags":[2326,92,52,2451,30,28,29,83,82,1387,103],"class_list":{"0":"post-49915","1":"post","2":"type-post","3":"status-publish","4":"format-standard","5":"has-post-thumbnail","7":"category-sport","8":"tag-fifa","9":"tag-fotball","10":"tag-israel","11":"tag-lise-klaveness","12":"tag-no","13":"tag-norge","14":"tag-norway","15":"tag-sport","16":"tag-sports","17":"tag-stale-solbakken","18":"tag-vgmeninger"},"share_on_mastodon":{"url":"","error":""},"_links":{"self":[{"href":"https:\/\/www.europesays.com\/no\/wp-json\/wp\/v2\/posts\/49915","targetHints":{"allow":["GET"]}}],"collection":[{"href":"https:\/\/www.europesays.com\/no\/wp-json\/wp\/v2\/posts"}],"about":[{"href":"https:\/\/www.europesays.com\/no\/wp-json\/wp\/v2\/types\/post"}],"author":[{"embeddable":true,"href":"https:\/\/www.europesays.com\/no\/wp-json\/wp\/v2\/users\/2"}],"replies":[{"embeddable":true,"href":"https:\/\/www.europesays.com\/no\/wp-json\/wp\/v2\/comments?post=49915"}],"version-history":[{"count":0,"href":"https:\/\/www.europesays.com\/no\/wp-json\/wp\/v2\/posts\/49915\/revisions"}],"wp:featuredmedia":[{"embeddable":true,"href":"https:\/\/www.europesays.com\/no\/wp-json\/wp\/v2\/media\/49916"}],"wp:attachment":[{"href":"https:\/\/www.europesays.com\/no\/wp-json\/wp\/v2\/media?parent=49915"}],"wp:term":[{"taxonomy":"category","embeddable":true,"href":"https:\/\/www.europesays.com\/no\/wp-json\/wp\/v2\/categories?post=49915"},{"taxonomy":"post_tag","embeddable":true,"href":"https:\/\/www.europesays.com\/no\/wp-json\/wp\/v2\/tags?post=49915"}],"curies":[{"name":"wp","href":"https:\/\/api.w.org\/{rel}","templated":true}]}}