{"id":49921,"date":"2025-10-01T09:57:10","date_gmt":"2025-10-01T09:57:10","guid":{"rendered":"https:\/\/www.europesays.com\/no\/49921\/"},"modified":"2025-10-01T09:57:10","modified_gmt":"2025-10-01T09:57:10","slug":"dette-sier-innbyggerne-om-trumps-fredsplan","status":"publish","type":"post","link":"https:\/\/www.europesays.com\/no\/49921\/","title":{"rendered":"Dette sier innbyggerne om Trumps fredsplan"},"content":{"rendered":"\n<p class=\"_paragraph_1nvvf_4 _paragraph_xtcu6_10 layout-component text-serif-m layout-normal text-serif-m layout-padded\"><strong class=\"_strong_1nvvf_25\">\u2013 Det viktigste for oss innbyggere er \u00e5 f\u00e5 en ende p\u00e5 krigen og drapene, alt annet blir bagateller, skriver familiefaren Muhammad Diab til VG tirsdag formiddag.<\/strong><\/p>\n<p class=\"_paragraph_1nvvf_4 _paragraph_xtcu6_10 layout-component text-serif-m layout-normal text-serif-m layout-padded\">Mandag kveld stilte Donald Trump seg foran pressen i Det hvite hus, sammen med sin n\u00e6re allierte, Israels statsminister Benjamin Netanyahu.<\/p>\n<p class=\"_paragraph_1nvvf_4 _paragraph_xtcu6_10 layout-component text-serif-m layout-normal text-serif-m layout-padded\">\u00abDette er potensielt en av de st\u00f8rste dagene, noen gang i sivilisasjonen\u00bb, sa Trump, og fortalte videre at USA og Israel var enige om en 20 punkts fredsplan for <a href=\"https:\/\/www.vg.no\/tag\/gaza?utm_source=vg-article&amp;utm_medium=auto-tagger&amp;utm_campaign=5E9K2b\" class=\"_link_1nvvf_39\" rel=\"nofollow noopener\" target=\"_blank\">Gaza<\/a>.<\/p>\n<p><img alt=\"Trump og Netanyahu sammen i Det hvite hus mandag.  Foto: SAUL LOEB \/ AFP \/ NTB\" class=\"_image_qp4xg_65 layout-component layout-normal\" data-fullscreen- data-track-element-type=\"Article image fullscreen\" data-track-name=\"ImageFullscreen\" decoding=\"async\" loading=\"lazy\" height=\"3401\" itemprop=\"image\"  src=\"https:\/\/www.europesays.com\/no\/wp-content\/uploads\/2025\/10\/a4834754-8cab-4145-8a04-547892a4e205\"  style=\"object-position:0% 0%\" width=\"5102\"\/>Trump og Netanyahu sammen i Det hvite hus mandag.  Foto: SAUL LOEB \/ AFP \/ NTB<\/p>\n<p class=\"_paragraph_1nvvf_4 _paragraph_xtcu6_10 layout-component text-serif-m layout-normal text-serif-m layout-padded\">Reaksjonene verden over var\u00a0mange og omfattende, og kom raskt: Noen var forsiktig optimistiske, andre var sterkt kritiske.<\/p>\n<p class=\"_paragraph_1nvvf_4 _paragraph_xtcu6_10 layout-component text-serif-m layout-normal text-serif-m layout-padded\"><strong class=\"_strong_1nvvf_25\">Men hva sier mennesker i Gaza om mandagens nyheter fra Washington, D. C.?<\/strong><\/p>\n<p class=\"_paragraph_1nvvf_4 _paragraph_xtcu6_10 layout-component text-serif-m layout-normal text-serif-m layout-padded\">Tre innbyggere som VG snakker med, gir en pekepinn:<\/p>\n<p class=\"_paragraph_1nvvf_4 _paragraph_xtcu6_10 layout-component text-serif-m layout-normal text-serif-m layout-padded\">Palestinske Mouhammed Diab sier det \u00e5penbart er mange problemer med forslaget, men har likevel h\u00e5p fordi han fremfor alt \u00f8nsker en slutt p\u00e5 krigen &#8211; koste hva det koste vil.<\/p>\n<p class=\"_paragraph_1nvvf_4 _paragraph_xtcu6_10 layout-component text-serif-m layout-normal text-serif-m layout-padded\">\u2013 Dessverre favoriserer forslaget Israel og oppfyller Netanyahus m\u00e5l, men jeg tror Hamas ikke har noe annet valg enn \u00e5 godta planen, skriver han p\u00e5 melding fra Gaza.<\/p>\n<p><img decoding=\"async\" alt=\"Bilde av Mahmoud Ahmed Al-Abse\" class=\"_image_ygndg_42\" height=\"25\" itemprop=\"image\" loading=\"lazy\"  src=\"https:\/\/www.europesays.com\/no\/wp-content\/uploads\/2025\/10\/6837a22e-465e-46e7-a45a-e7e7e7519367\"  width=\"40\"\/><strong class=\"_name_ygndg_51 title-serif-xs\">Mahmoud Ahmed Al-Abse<\/strong><\/p>\n<p class=\"_paragraph_1nvvf_4 _paragraph_xtcu6_10 layout-component text-serif-m layout-normal text-serif-m layout-padded\">41 \u00e5r gamle Mahmoud Ahmed Al-Abse befinner seg n\u00e5 i sentrale Gaza. Han sier til VG at avtalen m\u00e5 studeres n\u00f8ye.<\/p>\n<p class=\"_paragraph_1nvvf_4 _paragraph_xtcu6_10 layout-component text-serif-m layout-normal text-serif-m layout-padded\">\u2013 Dette kan v\u00e6re en mulighet for fred og \u00e5 f\u00e5 slutt p\u00e5 lidelsene, men samtidig er det viktig at betingelsene ender i en ekte og varig fred for alle, sier han.<\/p>\n<p class=\"_paragraph_1nvvf_4 _paragraph_xtcu6_10 layout-component text-serif-m layout-normal text-serif-m layout-padded\">Han sier at alt i livet preges av den konstante krigen. Nylig har flere hundre tusen flyktet fra <a href=\"https:\/\/www.vg.no\/i\/jQRPae\" data-track-element-type=\"Link\" data-track-id=\"link:jQRPae\" class=\"_link_1nvvf_39\" rel=\"nofollow noopener\" target=\"_blank\">Israels offensiv mot Gaza by.<\/a><\/p>\n<p class=\"_paragraph_1nvvf_4 _paragraph_xtcu6_10 layout-component text-serif-m layout-normal text-serif-m layout-padded\">\u2013 Jeg har kommet meg til midtre Gaza, og har flyktet fra den sikre d\u00f8d, aier Al-Abse.<\/p>\n<p><img alt=\"Telt for fordrevne i Hamad City, Khan Yunis, 22. september.  Foto: OMAR AL-QATTAA \/ AFP\" class=\"_image_qp4xg_65 layout-component layout-normal\" data-fullscreen- data-track-element-type=\"Article image fullscreen\" data-track-name=\"ImageFullscreen\" decoding=\"async\" loading=\"lazy\" height=\"2000\" itemprop=\"image\"  src=\"https:\/\/www.europesays.com\/no\/wp-content\/uploads\/2025\/10\/0b93b120-db3f-47ea-8f34-fd6840ff4e2e\"  style=\"object-position:57.59280089988752% 58.475%\" width=\"2667\"\/>Telt for fordrevne i Hamad City, Khan Yunis, 22. september.  Foto: OMAR AL-QATTAA \/ AFP<\/p>\n<p class=\"_paragraph_1nvvf_4 _paragraph_xtcu6_10 layout-component text-serif-m layout-normal text-serif-m layout-padded\">Det er Trumps administrasjon som har utarbeidet og presentert fredsforslaget som n\u00e5 for alvor diskuteres &#8211; og som n\u00e5 vurderes av den gjenlevende ledelsen i Hamas.<\/p>\n<p class=\"_paragraph_1nvvf_4 _paragraph_xtcu6_10 layout-component text-serif-m layout-normal text-serif-m layout-padded\">USA har v\u00e6rt Israels viktigste st\u00f8ttespiller og allierte i Gaza-krigen, som har krevd over 65.000 palestinske liv, og som av ledende menneskerettighetsorganisasjoner og en <a href=\"https:\/\/www.vg.no\/i\/XjKrMo\" data-track-element-type=\"Link\" data-track-id=\"link:XjKrMo\" class=\"_link_1nvvf_39\" rel=\"nofollow noopener\" target=\"_blank\">FN-kommisjon<\/a> n\u00e5 defineres som et folkemord, beg\u00e5tt av Israel mot palestinerne i Gaza.<\/p>\n<p class=\"_paragraph_1nvvf_4 _paragraph_xtcu6_10 layout-component text-serif-m layout-normal text-serif-m layout-padded\">Akkurat n\u00e5 p\u00e5g\u00e5r Israels fors\u00f8k p\u00e5 \u00e5 ta kontroll over og okkupere Gaza by: <\/p>\n<p class=\"_paragraph_1nvvf_4 _paragraph_xtcu6_10 layout-component text-serif-m layout-normal text-serif-m layout-padded\">Samtidig hevder Hamas selv at de har 5000 krigere inne i byen, og truer, overfor BBC, med \u00e5 kalle alle gjenlevende krigere fra hele Gazastripen inn i byen for \u00abet endelig slag\u00bb, gjennom uran geriljakrig.<\/p>\n<p class=\"_paragraph_1nvvf_4 _paragraph_xtcu6_10 layout-component text-serif-m layout-normal text-serif-m layout-padded\">Hamas har selv publisert disse bildene, av deres krigere, fra Jabalia, nord for byen:<\/p>\n<p class=\"_paragraph_1nvvf_4 _paragraph_xtcu6_10 layout-component text-serif-m layout-normal text-serif-m layout-padded\">I forrige uke publiserte VG et st\u00f8rre intervju med menneskerettighetsforkjemperen Ayman Lubbad, som ogs\u00e5 befinner seg i Gaza. <\/p>\n<p class=\"_paragraph_1nvvf_4 _paragraph_xtcu6_10 layout-component text-serif-m layout-normal text-serif-m layout-padded\">I intervjuet ba han <a href=\"https:\/\/www.vg.no\/i\/pP3jRR\" data-track-element-type=\"Link\" data-track-id=\"link:pP3jRR\" class=\"_link_1nvvf_39\" rel=\"nofollow noopener\" target=\"_blank\">Hamas om \u00e5 legge ned v\u00e5pnene og l\u00f8slate alle israelske gisler, for \u00e5 f\u00e5 en umiddelbar slutt p\u00e5 de israelske massedrapene.<\/a> <\/p>\n<p class=\"_paragraph_1nvvf_4 _paragraph_xtcu6_10 layout-component text-serif-m layout-normal text-serif-m layout-padded\">Han fulgte ogs\u00e5 med p\u00e5 pressekonferansen i Det hvite hus mandag.<\/p>\n<p><img alt=\"Ayman Lubbad i det som en gang var kontoret hans i Gaza by.  Foto: Privat\" class=\"_image_qp4xg_65 layout-component layout-normal\" data-fullscreen- data-track-element-type=\"Article image fullscreen\" data-track-name=\"ImageFullscreen\" decoding=\"async\" loading=\"lazy\" height=\"1200\" itemprop=\"image\"  src=\"https:\/\/www.europesays.com\/no\/wp-content\/uploads\/2025\/10\/8143e2e3-32f7-4ada-b0d5-d4ab38b4e149\"  style=\"object-position:0% 0%\" width=\"1600\"\/>Ayman Lubbad i det som en gang var kontoret hans i Gaza by.  Foto: Privat<\/p>\n<p class=\"_paragraph_1nvvf_4 _paragraph_xtcu6_10 layout-component text-serif-m layout-normal text-serif-m layout-padded\">Lubbad mener Trumps fredsforslag er urettferdig p\u00e5 mange m\u00e5ter, og vanskelig \u00e5 svelge for palestinerne. Likevel m\u00e5 initiativet \u00f8nskes velkommen, mener han. <\/p>\n<p class=\"_paragraph_1nvvf_4 _paragraph_xtcu6_10 layout-component text-serif-m layout-normal text-serif-m layout-padded\">\u2013 Det viktigste for folket n\u00e5 er \u00e5 f\u00e5 slutt p\u00e5 marerittet med fordrivelse og den evige \u00f8deleggelsen av oss som nasjon, sier han.<\/p>\n<p class=\"_paragraph_1nvvf_4 _paragraph_xtcu6_10 layout-component text-serif-m layout-normal text-serif-m layout-padded\">Derfor mener han Hamas m\u00e5 godta betingelsene som er foresl\u00e5tt.<\/p>\n<p class=\"_paragraph_1nvvf_4 _paragraph_xtcu6_10 layout-component text-serif-m layout-normal text-serif-m layout-padded\">\u2013 De israelske massakrene m\u00e5 stanse, for \u00e5 redde det som gjenst\u00e5r av v\u00e5r verdighet og v\u00e5re liv, sier han.<\/p>\n<p><img alt=\"R\u00f8yk stiger etter israelske luftangrep som \u00f8dela al-Ghafari-t\u00e5rnet i Gaza by, 15. september.  Foto: OMAR AL-QATTAA \/ AFP \/ NTB\" class=\"_image_qp4xg_65 layout-component layout-normal\" data-fullscreen- data-track-element-type=\"Article image fullscreen\" data-track-name=\"ImageFullscreen\" decoding=\"async\" loading=\"lazy\" height=\"4016\" itemprop=\"image\"  src=\"https:\/\/www.europesays.com\/no\/wp-content\/uploads\/2025\/10\/cf475625-fcdf-4423-92a9-e6a24874b5b1\"  style=\"object-position:0% 0%\" width=\"6016\"\/>R\u00f8yk stiger etter israelske luftangrep som \u00f8dela al-Ghafari-t\u00e5rnet i Gaza by, 15. september.  Foto: OMAR AL-QATTAA \/ AFP \/ NTB<\/p>\n<p class=\"_paragraph_1nvvf_4 _paragraph_xtcu6_10 layout-component text-serif-m layout-normal text-serif-m layout-padded\">Familiefaren Diab mener at en stor mangel ved forslaget, er frav\u00e6ret av en tydelig tidsplan for hvordan prosessen skal gjennomf\u00f8res. <\/p>\n<p class=\"_paragraph_1nvvf_4 _paragraph_xtcu6_10 layout-component text-serif-m layout-normal text-serif-m layout-padded\">Han kommer derfor med en dyster sp\u00e5dom:<\/p>\n<p class=\"_paragraph_1nvvf_4 _paragraph_xtcu6_10 layout-component text-serif-m layout-normal text-serif-m layout-padded\">\u2013 Netanyahu vil bruke denne tiden til \u00e5 befeste Israels kontroll over Gaza by og til \u00e5 \u00f8delegge infrastruktur og sivile bygg, slik vi tidligere har sett i Khan Younis, Rafah og Jabalia.<\/p>\n<p><img alt=\"Hamas-ledere m\u00f8ter Irans \u00f8verste leder Ayatollah Ali Khamenei i Teheran, 8. februar 2025. Bildet er distribuert av Khameneis kontor.  Foto: \u2013 \/ AFP \/ NTB\" class=\"_image_qp4xg_65 layout-component layout-normal\" data-fullscreen- data-track-element-type=\"Article image fullscreen\" data-track-name=\"ImageFullscreen\" decoding=\"async\" loading=\"lazy\" height=\"1667\" itemprop=\"image\"  src=\"https:\/\/www.europesays.com\/no\/wp-content\/uploads\/2025\/10\/8432133a-6939-4130-a510-515c195ad025\"  style=\"object-position:0% 0%\" width=\"2499\"\/>Hamas-ledere m\u00f8ter Irans \u00f8verste leder Ayatollah Ali Khamenei i Teheran, 8. februar 2025. Bildet er distribuert av Khameneis kontor.  Foto: \u2013 \/ AFP \/ NTBHamas hardt presset<\/p>\n<p class=\"_paragraph_1nvvf_4 _paragraph_xtcu6_10 layout-component text-serif-m layout-normal text-serif-m layout-padded\">Hamas er n\u00e5 presset opp i et hj\u00f8rne, etter at ogs\u00e5 en rekke arabiske land har ytret st\u00f8ttet til Trumps fredsplan, inkludert Egypt, Jordan, Saudi-Arabia, De forente arabiske emirater og Qatar.<\/p>\n<p class=\"_paragraph_1nvvf_4 _paragraph_xtcu6_10 layout-component text-serif-m layout-normal text-serif-m layout-padded\">Hamas sin forhandlingsdelegasjon befinner seg i Qatars hovedstad Doha, og sitter n\u00e5 i m\u00f8ter med b\u00e5de Tyrkia og Qatar.<\/p>\n<p class=\"_paragraph_1nvvf_4 _paragraph_xtcu6_10 layout-component text-serif-m layout-normal text-serif-m layout-padded\">Ogs\u00e5 Den palestinske selvstyremyndigheten, som leder det begrensede palestinske selvstyret i deler av den okkuperte Vestbredden, har v\u00e6rt positive.<\/p>\n<p><img alt=\"Ogs\u00e5 i Israel vokser motstanden mot Israels krigsf\u00f8ring for hver dag som g\u00e5r. Bildet er fra Tel Aviv tirsdag.  Foto: JACK GUEZ \/ AFP \/ NTB\" class=\"_image_qp4xg_65 layout-component layout-normal\" data-fullscreen- data-track-element-type=\"Article image fullscreen\" data-track-name=\"ImageFullscreen\" decoding=\"async\" loading=\"lazy\" height=\"3637\" itemprop=\"image\"  src=\"https:\/\/www.europesays.com\/no\/wp-content\/uploads\/2025\/10\/283706aa-85fc-488d-9196-6d6fbd0da627\"  style=\"object-position:0% 0%\" width=\"5455\"\/>Ogs\u00e5 i Israel vokser motstanden mot Israels krigsf\u00f8ring for hver dag som g\u00e5r. Bildet er fra Tel Aviv tirsdag.  Foto: JACK GUEZ \/ AFP \/ NTB<\/p>\n<p class=\"_paragraph_1nvvf_4 _paragraph_xtcu6_10 layout-component text-serif-m layout-normal text-serif-m layout-padded\">Den emiratiske avisen The National siterer kilder tett p\u00e5 forhandlingene, som sier at Hamas trolig ikke vil avvise planen, men kreve noen endringer.<\/p>\n<p class=\"_paragraph_1nvvf_4 _paragraph_xtcu6_10 layout-component text-serif-m layout-normal text-serif-m layout-padded\">En kilde tett p\u00e5 Hamas, sier til nyhetsbyr\u00e5et AFP:<\/p>\n<p class=\"_paragraph_1nvvf_4 _paragraph_xtcu6_10 layout-component text-serif-m layout-normal text-serif-m layout-padded\">\u2013 Hamas\u00a0har begynt en rekke konsultasjoner innen sitt politiske og milit\u00e6re lederskap, b\u00e5de i Palestina og i utlandet.<\/p>\n<p class=\"_paragraph_1nvvf_4 _paragraph_xtcu6_10 layout-component text-serif-m layout-normal text-serif-m layout-padded\">Tirsdag sa Trump at han ville gi Hamas tre til fire dager p\u00e5 \u00e5 komme med en respons.<\/p>\n<p class=\"_paragraph_1nvvf_4 _paragraph_xtcu6_10 layout-component text-serif-m layout-normal text-serif-m layout-padded\">N\u00e5 venter verdenssamfunnet og menneskene i Gaza p\u00e5 hva svaret vil bli.<\/p>\n<p><img alt=\"R\u00f8yk stiger fra israelsk operasjon i Gaza by, 1. oktober.  Foto: Mahmoud Issa \/ REUTERS\" class=\"_image_qp4xg_65 layout-component layout-normal\" data-fullscreen- data-track-element-type=\"Article image fullscreen\" data-track-name=\"ImageFullscreen\" decoding=\"async\" loading=\"lazy\" height=\"3626\" itemprop=\"image\"  src=\"https:\/\/www.europesays.com\/no\/wp-content\/uploads\/2025\/10\/36d43cfc-e182-49ae-9494-2a7e6b7667fa\"  style=\"object-position:0% 0%\" width=\"5500\"\/>R\u00f8yk stiger fra israelsk operasjon i Gaza by, 1. oktober.  Foto: Mahmoud Issa \/ REUTERS    <\/p>\n","protected":false},"excerpt":{"rendered":"\u2013 Det viktigste for oss innbyggere er \u00e5 f\u00e5 en ende p\u00e5 krigen og drapene, alt annet blir&hellip;\n","protected":false},"author":2,"featured_media":49922,"comment_status":"","ping_status":"","sticky":false,"template":"","format":"standard","meta":{"footnotes":""},"categories":[12],"tags":[20,21,24,25,53,15,1243,22,23,13,30,28,29,14,16,26,27,42,43,44,45],"class_list":{"0":"post-49921","1":"post","2":"type-post","3":"status-publish","4":"format-standard","5":"has-post-thumbnail","7":"category-verden","8":"tag-breaking-news","9":"tag-breakingnews","10":"tag-featured-news","11":"tag-featurednews","12":"tag-gaza","13":"tag-headlines","14":"tag-israel-palestina","15":"tag-latest-news","16":"tag-latestnews","17":"tag-news","18":"tag-no","19":"tag-norge","20":"tag-norway","21":"tag-nyheter","22":"tag-overskrifter","23":"tag-top-stories","24":"tag-topstories","25":"tag-verden","26":"tag-world","27":"tag-world-news","28":"tag-worldnews"},"share_on_mastodon":{"url":"","error":""},"_links":{"self":[{"href":"https:\/\/www.europesays.com\/no\/wp-json\/wp\/v2\/posts\/49921","targetHints":{"allow":["GET"]}}],"collection":[{"href":"https:\/\/www.europesays.com\/no\/wp-json\/wp\/v2\/posts"}],"about":[{"href":"https:\/\/www.europesays.com\/no\/wp-json\/wp\/v2\/types\/post"}],"author":[{"embeddable":true,"href":"https:\/\/www.europesays.com\/no\/wp-json\/wp\/v2\/users\/2"}],"replies":[{"embeddable":true,"href":"https:\/\/www.europesays.com\/no\/wp-json\/wp\/v2\/comments?post=49921"}],"version-history":[{"count":0,"href":"https:\/\/www.europesays.com\/no\/wp-json\/wp\/v2\/posts\/49921\/revisions"}],"wp:featuredmedia":[{"embeddable":true,"href":"https:\/\/www.europesays.com\/no\/wp-json\/wp\/v2\/media\/49922"}],"wp:attachment":[{"href":"https:\/\/www.europesays.com\/no\/wp-json\/wp\/v2\/media?parent=49921"}],"wp:term":[{"taxonomy":"category","embeddable":true,"href":"https:\/\/www.europesays.com\/no\/wp-json\/wp\/v2\/categories?post=49921"},{"taxonomy":"post_tag","embeddable":true,"href":"https:\/\/www.europesays.com\/no\/wp-json\/wp\/v2\/tags?post=49921"}],"curies":[{"name":"wp","href":"https:\/\/api.w.org\/{rel}","templated":true}]}}