{"id":49947,"date":"2025-10-01T10:25:08","date_gmt":"2025-10-01T10:25:08","guid":{"rendered":"https:\/\/www.europesays.com\/no\/49947\/"},"modified":"2025-10-01T10:25:08","modified_gmt":"2025-10-01T10:25:08","slug":"dronning-mary-dukket-opp-alvorlig-ensomhet","status":"publish","type":"post","link":"https:\/\/www.europesays.com\/no\/49947\/","title":{"rendered":"Dronning Mary dukket opp: &#8211; Alvorlig ensomhet"},"content":{"rendered":"<p class=\"kicker \" style=\"\">Dronning Mary:\u00a0<\/p>\n<p>  Dronningen dukket opp som vikarl\u00e6rer, og snakket om et tema som st\u00e5r henne n\u00e6rt.\u00a0<\/p>\n<p>\n    ENSOMHET: Dronning Mary tok opp et alvorlig tema under klassetimen. Foto: Hanne Juul\/Aller\n  <\/p>\n<p>Tidligere denne uken sto danske <a href=\"https:\/\/www.seher.no\/kongelig\/nektet-a-svare\/83456087\" rel=\"nofollow noopener\" target=\"_blank\">dronning Mary (53) <\/a>p\u00e5 timeplanen for en videreg\u00e5ende klasse i Esbjerg i Danmark. Dronningen dukket nemlig opp\u00a0som vikarl\u00e6rer for klassen, hvor hun snakket om ensomhet.\u00a0<\/p>\n<p>    <a itemprop=\"url\" href=\"https:\/\/www.seher.no\/kongelig\/hyllet-svigermor\/83501115\" rel=\"nofollow noopener\" target=\"_blank\"><\/p>\n<p>      <img loading=\"lazy\" decoding=\"async\" src=\"https:\/\/www.europesays.com\/no\/wp-content\/uploads\/2025\/10\/83501546.webp\" width=\"147\" height=\"98\" title=\"Hyllet svigermor\" alt=\"\" class=\"lazyload\" style=\"--aspect-ratio-image: 1.50; \"\/><\/p>\n<p>        Hyllet svigermor<\/p>\n<p>    <\/a><\/p>\n<p>\u00abEnsomhet blant unge sto i sentrum da dronningen bes\u00f8kte Esbjerg sammen med Mary Fonden og initiativet Lift, som st\u00f8tter unge som lever med alvorlig ensomhet\u00bb, skriver det danske kongehuset p\u00e5 Instagram.<\/p>\n<p>        Dronning Mary overrasket da hun gjennomf\u00f8rte sitt f\u00f8rste solooppdrag som dronning. Reporter: Caroline Vagle. <\/p>\n<p>Unders\u00f8kelsen \u00abEnsomhet i Danmark\u00bb, som har blitt utarbeidet for Mary Fonden, viser nemlig at andelen av unge som opplever alvorlig ensomhet har tredoblet seg fra 2013 til 2023, if\u00f8lge <a href=\"https:\/\/www.billedbladet.dk\/kongelige\/danmark\/dronning-mary-overtog-undervisningen\" rel=\"nofollow noopener\" target=\"_blank\">Billedbladet<\/a>.\u00a0<\/p>\n<p>Dronningens fond jobber gjennom tiltaket \u00abLift\u00bb for at unge som\u00a0opplever alvorlig ensomhet blir sett og f\u00e5r hjelp som er tilpasset den enkeltes behov. <\/p>\n<p>Under timen ledet den danske dronningen undervisningen, og stilte sp\u00f8rsm\u00e5l til elevene om temaet.\u00a0<\/p>\n<p>          <img loading=\"lazy\" decoding=\"async\" src=\"https:\/\/www.europesays.com\/no\/wp-content\/uploads\/2025\/10\/83665847.webp\" width=\"686\" height=\"796\" title=\"P\u00c5 TIMEPLANEN: Dronning Mary bes\u00f8kte en videreg\u00e5ende skole i Esbjerg tirsdag. Foto: Kongehuset\" alt=\"\" class=\"\" style=\"--aspect-ratio-image: 0.86; \"\/><\/p>\n<p>\n          P\u00c5 TIMEPLANEN: Dronning Mary bes\u00f8kte en videreg\u00e5ende skole i Esbjerg tirsdag. Foto: Kongehuset\n      <\/p>\n<p>Dette er ikke f\u00f8rste gang dronning Mary tar til orde for ensomhet.\u00a0<\/p>\n<p>Jula 2023 delte dronningen en kryptisk hilsen om ensomhet. <\/p>\n<p>\u00abVi trenger hverandre hvis vi skal lykkes. Og dette gjelder ikke bare i arbeidslivet og for oss som jobber med \u00e5 bekjempe sosial isolasjon. Dette gjelder for oss alle. Mennesker trenger mennesker\u00bb.\u00a0<\/p>\n<p>          <img loading=\"lazy\" decoding=\"async\" src=\"https:\/\/www.europesays.com\/no\/wp-content\/uploads\/2025\/10\/83665993.webp\" width=\"686\" height=\"810\" title=\"EKTEPAR: Dronning Mary og kong Frederik. Her fotografert i Norge i fjor. Foto: Lise \u00c5serud \/ NTB\" alt=\"\" class=\"\" style=\"--aspect-ratio-image: 0.85; \"\/><\/p>\n<p>\n          EKTEPAR: Dronning Mary og kong Frederik. Her fotografert i Norge i fjor. Foto: Lise \u00c5serud \/ NTB\n      <\/p>\n<p>I brevet, som ble lagt ut p\u00e5\u00a0<a href=\"https:\/\/www.maryfonden.dk\/aaret-der-gik-i-mary-fonden-2023\/\" rel=\"nofollow noopener\" target=\"_blank\">Mary Fondens hjemmeside<\/a>, reflekterte hun ogs\u00e5 over \u00e5ret som har v\u00e6rt, og at det f\u00f8ltes kortere enn tidligere \u00e5r.\u00a0<\/p>\n<p>    <a itemprop=\"url\" href=\"https:\/\/www.seher.no\/kongelig\/na-har-hun-dratt\/83498302\" rel=\"nofollow noopener\" target=\"_blank\"><\/p>\n<p>      <img loading=\"lazy\" decoding=\"async\" src=\"https:\/\/www.europesays.com\/no\/wp-content\/uploads\/2025\/10\/83498565.webp\" width=\"147\" height=\"98\" title=\"N\u00e5 har hun dratt\" alt=\"\" class=\"lazyload\" style=\"--aspect-ratio-image: 1.50; \"\/><\/p>\n<p>        N\u00e5 har hun dratt<\/p>\n<p>    <\/a><\/p>\n<p>\u00abOg samtidig har det skjedd s\u00e5 mye at det er umulig \u00e5 sette ord p\u00e5 alt\u00bb.\u00a0<\/p>\n<p>        Se de ukjente bildene av dronning Mary. Reporter: Caroline Vagle. Video: Nora Skavhaug\/Se og H\u00f8r, NTB. Foto: Jesper Sunesen, NTB. <\/p>\n<p>Brevet ble publisert kort tid etter at det stormet rundt dronningen og ektemannen, kong Frederik (57).\u00a0<\/p>\n<p>Samme \u00e5r ble nemlig kongen fotografert sammen med den tidligere modellen Genoveva Casanova (48) i Madrid i Spania.\u00a0\u00a0<\/p>\n<p>          <img loading=\"lazy\" decoding=\"async\" src=\"https:\/\/www.europesays.com\/no\/wp-content\/uploads\/2025\/10\/83665996.webp\" width=\"686\" height=\"755\" title=\"SKAPTE OVERSKRIFTER: Kong Frederiks bes\u00f8k til Genoveva Casanova fikk massiv oppmerksomet. Foto: GTres \/ SplashNews\/NTB\" alt=\"\" class=\"\" style=\"--aspect-ratio-image: 0.91; \"\/><\/p>\n<p>\n          SKAPTE OVERSKRIFTER: Kong Frederiks bes\u00f8k til Genoveva Casanova fikk massiv oppmerksomet. Foto: GTres \/ SplashNews\/NTB\n      <\/p>\n<p>Bildene av Frederik og Casanova skal ha blitt tatt under en kveld p\u00e5 byen i Madrid. Han skal ogs\u00e5 ha overnattet hos 48-\u00e5ringen.<\/p>\n<p>Dronning Mary og kong Frederik har v\u00e6rt gift siden 2004, og har fire barn sammen, kronprins Christian (19), prinsesse Isabella (18), prins Vincent (14) og prinsesse Josephine (14).\u00a0<\/p>\n","protected":false},"excerpt":{"rendered":"Dronning Mary:\u00a0 Dronningen dukket opp som vikarl\u00e6rer, og snakket om et tema som st\u00e5r henne n\u00e6rt.\u00a0 ENSOMHET: Dronning&hellip;\n","protected":false},"author":2,"featured_media":49948,"comment_status":"","ping_status":"","sticky":false,"template":"","format":"standard","meta":{"footnotes":""},"categories":[12],"tags":[20,21,5818,24,25,7708,15,2543,5817,76,22,23,13,30,28,29,14,16,26,27,42,43,44,45],"class_list":{"0":"post-49947","1":"post","2":"type-post","3":"status-publish","4":"format-standard","5":"has-post-thumbnail","7":"category-verden","8":"tag-breaking-news","9":"tag-breakingnews","10":"tag-dronning-mary","11":"tag-featured-news","12":"tag-featurednews","13":"tag-genoveva-casanova","14":"tag-headlines","15":"tag-kjendisdesken","16":"tag-kong-frederik","17":"tag-kongelig","18":"tag-latest-news","19":"tag-latestnews","20":"tag-news","21":"tag-no","22":"tag-norge","23":"tag-norway","24":"tag-nyheter","25":"tag-overskrifter","26":"tag-top-stories","27":"tag-topstories","28":"tag-verden","29":"tag-world","30":"tag-world-news","31":"tag-worldnews"},"share_on_mastodon":{"url":"","error":""},"_links":{"self":[{"href":"https:\/\/www.europesays.com\/no\/wp-json\/wp\/v2\/posts\/49947","targetHints":{"allow":["GET"]}}],"collection":[{"href":"https:\/\/www.europesays.com\/no\/wp-json\/wp\/v2\/posts"}],"about":[{"href":"https:\/\/www.europesays.com\/no\/wp-json\/wp\/v2\/types\/post"}],"author":[{"embeddable":true,"href":"https:\/\/www.europesays.com\/no\/wp-json\/wp\/v2\/users\/2"}],"replies":[{"embeddable":true,"href":"https:\/\/www.europesays.com\/no\/wp-json\/wp\/v2\/comments?post=49947"}],"version-history":[{"count":0,"href":"https:\/\/www.europesays.com\/no\/wp-json\/wp\/v2\/posts\/49947\/revisions"}],"wp:featuredmedia":[{"embeddable":true,"href":"https:\/\/www.europesays.com\/no\/wp-json\/wp\/v2\/media\/49948"}],"wp:attachment":[{"href":"https:\/\/www.europesays.com\/no\/wp-json\/wp\/v2\/media?parent=49947"}],"wp:term":[{"taxonomy":"category","embeddable":true,"href":"https:\/\/www.europesays.com\/no\/wp-json\/wp\/v2\/categories?post=49947"},{"taxonomy":"post_tag","embeddable":true,"href":"https:\/\/www.europesays.com\/no\/wp-json\/wp\/v2\/tags?post=49947"}],"curies":[{"name":"wp","href":"https:\/\/api.w.org\/{rel}","templated":true}]}}