{"id":49951,"date":"2025-10-01T10:27:17","date_gmt":"2025-10-01T10:27:17","guid":{"rendered":"https:\/\/www.europesays.com\/no\/49951\/"},"modified":"2025-10-01T10:27:17","modified_gmt":"2025-10-01T10:27:17","slug":"storste-pa-16-ar-massiv-invasjon","status":"publish","type":"post","link":"https:\/\/www.europesays.com\/no\/49951\/","title":{"rendered":"St\u00f8rste p\u00e5 16 \u00e5r: &#8211; Massiv invasjon"},"content":{"rendered":"<p>  Norge er blant landene som bidrar n\u00e5r EU-toppledere m\u00f8tes i K\u00f8benhavn denne uka.\u00a0<\/p>\n<p>\n    STORE FORBEREDELSER: Politiet i K\u00f8benhavn gj\u00f8r seg klare for EU-toppm\u00f8te onsdag og torsdag. Foto: Liselotte Sabroe \/ Ritzau Scanpix \/ AFP \/ NTB\n  <\/p>\n<p>Det er ventet en enorm oppgave for K\u00f8benhavn-politiet onsdag og torsdag denne uka, som f\u00f8lge av to EU-toppm\u00f8ter i den danske hovedstaden.\u00a0<\/p>\n<p class=\"font-weight-bold m-font-weight-bold\" data-lab-font_weight=\"font-weight-bold\">\u00abDansk politi st\u00e5r overfor den st\u00f8rste politioppgaven p\u00e5 16 \u00e5r: K\u00f8benhavnerne vil oppleve en massiv invasjon av politifolk\u00bb, rapporterer <a href=\"https:\/\/www.dr.dk\/nyheder\/indland\/dansk-politi-staar-over-den-stoerste-politiopgave-i-16-aar-koebenhavnerne-vil-opleve-en-massiv\" rel=\"nofollow noopener\" target=\"_blank\">Danmarks Radio<\/a>.\u00a0<\/p>\n<p>    <a itemprop=\"url\" href=\"https:\/\/www.dagbladet.no\/nyheter\/ikke-optimalt\/83663330\" rel=\"nofollow noopener\" target=\"_blank\"><\/p>\n<p>      <img loading=\"lazy\" decoding=\"async\" src=\"https:\/\/www.europesays.com\/no\/wp-content\/uploads\/2025\/10\/83663345.webp\" width=\"980\" height=\"441\" title=\"- Ikke optimalt\" alt=\"\" class=\"lazyload\" style=\"--aspect-ratio-image: 2.22; \"\/><\/p>\n<p>        &#8211; Ikke optimalt<\/p>\n<p>    <\/a><\/p>\n<p>De to toppm\u00f8tene kommer i etterkant av at alarmen har g\u00e5tt i Danmark, som f\u00f8lge av flere droneangrep den siste uka. Det har f\u00f8rt til at politiet har rustet ekstra opp denne uka.\u00a0<\/p>\n<p class=\"font-weight-bold m-font-weight-bold\" data-lab-font_weight=\"font-weight-bold\">&#8211; Spionasjetrusselen er h\u00f8y<\/p>\n<p>Mens politikerne skal diskutere de store linjene &#8211; trusselen mot Europa, forsvarsbudsjetter og droner &#8211; st\u00e5r K\u00f8benhavns politi for sikkerheten rett utenfor m\u00f8telokalene.<\/p>\n<p>&#8211; Med opptil 60 stats- og regjeringssjefer og med den sikkerhetssituasjonen vi har i verden i dag, er det en enorm oppgave, sier Peter Dahl, beredskapssjef i K\u00f8benhavns Politi, til kanalen.\u00a0<\/p>\n<p>        DRONER: Statsminister Jonas Gahr St\u00f8re om dronehendelsene i Norge og Danmark. Reporter: Vegard Kvaale<\/p>\n<p>Han forklarer at politiet har sett for seg en rekke mulige scenarioer.\u00a0<\/p>\n<p class=\"font-weight-bold m-font-weight-bold\" data-lab-font_weight=\"font-weight-bold\">&#8211;\u00a0Det er sinnssykt komplekst \u00e5 forholde seg til de mulige truslene som finnes. Det kan v\u00e6re noen som \u00f8nsker \u00e5 demonstrere, det er terrortrusselen. Spionasjetrusselen i Danmark er h\u00f8y, sabotasje\u00adtrusselen er h\u00f8y &#8211; det er en masse komponenter vi m\u00e5 ta hensyn til.\u00a0<\/p>\n<p class=\"font-weight-normal m-font-weight-normal\" data-lab-font_weight=\"font-weight-normal\">Dahl understreker at det vil benyttes droner i\u00a0\u00abstort omfang\u00bb for \u00e5 ha oversikt over det som skjer i h\u00f8yden.\u00a0<\/p>\n<p class=\"font-weight-normal m-font-weight-normal\" data-lab-font_weight=\"font-weight-normal\">&#8211;\u00a0De vil s\u00e6rlig kunne ses ved Bella Center og i Indre By. Det er ingen grunn til \u00e5 v\u00e6re urolig &#8211; dronene v\u00e5re er der for alles sikkerhet, beroliger K\u00f8benhavns politi p\u00e5 X.<\/p>\n<p>          <img loading=\"lazy\" decoding=\"async\" src=\"https:\/\/www.europesays.com\/no\/wp-content\/uploads\/2025\/10\/83663866.webp\" width=\"980\" height=\"559\" title=\"DRONEOVERV\u00c5KNING: En drone flyr over Christiansborg slott i forkant av det uformelle m\u00f8tet mellom EUs ledere i K\u00f8benhavn. Foto: REUTERS \/ Leonhard Foeger \/ NTB\" alt=\"\" class=\"\" style=\"--aspect-ratio-image: 1.75; \"\/><\/p>\n<p>\n          DRONEOVERV\u00c5KNING: En drone flyr over Christiansborg slott i forkant av det uformelle m\u00f8tet mellom EUs ledere i K\u00f8benhavn. Foto: REUTERS \/ Leonhard Foeger \/ NTB\n      <\/p>\n<p class=\"font-weight-normal m-font-weight-normal\" data-lab-font_weight=\"font-weight-normal\">Louise Dalsgaard, DRs rettsanalytiker, er tydelig p\u00e5 at droneutviklingen den siste uka gj\u00f8r at beredskapen m\u00e5 \u00f8kes.\u00a0<\/p>\n<p class=\"font-weight-bold m-font-weight-bold\" data-lab-font_weight=\"font-weight-bold\">&#8211;\u00a0Det er klart at n\u00e5r man har hendelser som vi har sett den siste uka, med droner som flyr over ulike milit\u00e6re anlegg, s\u00e5 gj\u00f8r det at sikkerheten ogs\u00e5 l\u00f8ftes et hakk, sier hun til egen kanal.\u00a0<\/p>\n<p class=\"font-weight-normal m-font-weight-normal\" data-lab-font_weight=\"font-weight-normal\">Forrige gang politiet sto overfor en oppgave av samme kaliber, var under klimatoppm\u00f8tet i K\u00f8benhavn i 2009, der verdens ledere &#8211; blant dem USAs dav\u00e6rende president Barack Obama &#8211; var samlet i hovedstaden.<\/p>\n<p>Norge bidrar\t<\/p>\n<p>Totalt er det booket 10 000 hotellovernattinger til politifolk som i l\u00f8pet av uka skal settes inn i K\u00f8benhavn. Innsatsen i hovedstaden omtales av beredskapssjefen som \u00abgigantisk\u00bb. Norge er blant landene som har sendt forsvars- og politistyrker til \u00abKongens by\u00bb.<\/p>\n<p>&#8211; Danmark er en n\u00e6r nabo og et Nato-land. N\u00e5r Danmark ber om en slik st\u00f8tte, er det viktig for oss \u00e5 stille, sier forsvarsminister Tore O. Sandvik (Ap) i en\u00a0<a href=\"https:\/\/www.regjeringen.no\/no\/aktuelt\/norge-stotter-danmark-med-hjelp-til-a-handtere-droner\/id3120617\/\" target=\"_blank\" rel=\"nofollow noopener\">pressemelding<\/a>.<\/p>\n<p>          <img loading=\"lazy\" decoding=\"async\" src=\"https:\/\/www.europesays.com\/no\/wp-content\/uploads\/2025\/10\/83663873.webp\" width=\"980\" height=\"559\" title=\"RUSTET OPP: K\u00f8benhavn-politiet p\u00e5 plass utenfor Christiansborg slott. Foto: REUTERS \/ Leonhard Foeger \/ NTB\" alt=\"\" class=\"\" style=\"--aspect-ratio-image: 1.75; \"\/><\/p>\n<p>\n          RUSTET OPP: K\u00f8benhavn-politiet p\u00e5 plass utenfor Christiansborg slott. Foto: REUTERS \/ Leonhard Foeger \/ NTB\n      <\/p>\n<p>Regjeringen skal bist\u00e5 danske myndigheter med \u00e5 h\u00e5ndtere mulige dronetrusler i forbindelse med EUs uformelle toppm\u00f8te i K\u00f8benhavn onsdag og m\u00f8tet i Det europeiske politiske fellesskapet torsdag.<\/p>\n","protected":false},"excerpt":{"rendered":"Norge er blant landene som bidrar n\u00e5r EU-toppledere m\u00f8tes i K\u00f8benhavn denne uka.\u00a0 STORE FORBEREDELSER: Politiet i K\u00f8benhavn&hellip;\n","protected":false},"author":2,"featured_media":49952,"comment_status":"","ping_status":"","sticky":false,"template":"","format":"standard","meta":{"footnotes":""},"categories":[5],"tags":[20,21,1524,1014,279,24,25,15,19,22,23,17,18,13,30,28,29,14,16,468,26,27,412],"class_list":{"0":"post-49951","1":"post","2":"type-post","3":"status-publish","4":"format-standard","5":"has-post-thumbnail","7":"category-overskrifter","8":"tag-breaking-news","9":"tag-breakingnews","10":"tag-danmark","11":"tag-droner","12":"tag-eu","13":"tag-featured-news","14":"tag-featurednews","15":"tag-headlines","16":"tag-hovedoppslag","17":"tag-latest-news","18":"tag-latestnews","19":"tag-main-news","20":"tag-mainnews","21":"tag-news","22":"tag-no","23":"tag-norge","24":"tag-norway","25":"tag-nyheter","26":"tag-overskrifter","27":"tag-politiet","28":"tag-top-stories","29":"tag-topstories","30":"tag-utenriks"},"share_on_mastodon":{"url":"","error":""},"_links":{"self":[{"href":"https:\/\/www.europesays.com\/no\/wp-json\/wp\/v2\/posts\/49951","targetHints":{"allow":["GET"]}}],"collection":[{"href":"https:\/\/www.europesays.com\/no\/wp-json\/wp\/v2\/posts"}],"about":[{"href":"https:\/\/www.europesays.com\/no\/wp-json\/wp\/v2\/types\/post"}],"author":[{"embeddable":true,"href":"https:\/\/www.europesays.com\/no\/wp-json\/wp\/v2\/users\/2"}],"replies":[{"embeddable":true,"href":"https:\/\/www.europesays.com\/no\/wp-json\/wp\/v2\/comments?post=49951"}],"version-history":[{"count":0,"href":"https:\/\/www.europesays.com\/no\/wp-json\/wp\/v2\/posts\/49951\/revisions"}],"wp:featuredmedia":[{"embeddable":true,"href":"https:\/\/www.europesays.com\/no\/wp-json\/wp\/v2\/media\/49952"}],"wp:attachment":[{"href":"https:\/\/www.europesays.com\/no\/wp-json\/wp\/v2\/media?parent=49951"}],"wp:term":[{"taxonomy":"category","embeddable":true,"href":"https:\/\/www.europesays.com\/no\/wp-json\/wp\/v2\/categories?post=49951"},{"taxonomy":"post_tag","embeddable":true,"href":"https:\/\/www.europesays.com\/no\/wp-json\/wp\/v2\/tags?post=49951"}],"curies":[{"name":"wp","href":"https:\/\/api.w.org\/{rel}","templated":true}]}}