{"id":49961,"date":"2025-10-01T10:40:25","date_gmt":"2025-10-01T10:40:25","guid":{"rendered":"https:\/\/www.europesays.com\/no\/49961\/"},"modified":"2025-10-01T10:40:25","modified_gmt":"2025-10-01T10:40:25","slug":"kommentar-ffi-nord-fa-opp-farten-sandvik","status":"publish","type":"post","link":"https:\/\/www.europesays.com\/no\/49961\/","title":{"rendered":"Kommentar, FFI Nord | F\u00e5 opp farten, Sandvik!"},"content":{"rendered":"\n<p>De som \u00f8nsker seg en omkamp, noe man vanligvis er gode p\u00e5 i nord, b\u00f8r tenke seg om.<\/p>\n<p>P\u00e5 oppdrag fra Forsvarsdepartementet har Forsvarets forskningsinstitutt (FFI) utredet hvor instituttets satsing skal v\u00e6re i Nord-Norge. Satsingen er et ledd i det store forsvarsl\u00f8ftet og var en del av oppdraget fra regjeringen til FFI i 2024.<\/p>\n<p><b>Regjeringen besluttet \u00e5 etablere en teknologi- og kunnskapsintensiv satsing i Nord-Norge. <\/b><\/p>\n<p>FFI har fra starten vurdert Troms\u00f8 som det mest aktuelle navet i en satsing i nord. N\u00e5 har de utredet saken, og leverte sin utvetydige anbefaling til regjeringen i juni i \u00e5r.<\/p>\n<p>\u2014 Vi anbefaler Troms\u00f8 fordi vi trenger \u00e5 rekruttere h\u00f8ykompetente medarbeidere, som gjerne har doktorgrad, samtidig som byen har en rimelig n\u00e6rhet til Forsvaret, sa administrerende direkt\u00f8rer Kenneth Ruud ved Forsvarets forskningsinstitutt (FFI) til <a href=\"https:\/\/www.khrono.no\/ffi-planlegger-for-rundt-40-graderte-forskere-i-tromso\/1000918\" rel=\"Follow nofollow noopener\" target=\"_blank\">Khrono<\/a>.<\/p>\n<p><b>I tillegg har FFI anbefalt en faglig profil for FFI Nord: sensorteknologi, droneteknologi, kommunikasjonsteknologi og satellittoppskyting f\u00f8res opp som eksempler p\u00e5 teknologiske l\u00f8sninger som skal utvikles av FFI Nord. <\/b><\/p>\n<p>M\u00e5let er \u00e5 f\u00e5 \u00f8kt situasjonsforst\u00e5else for Forsvaret og allierte i arktiske str\u00f8k. Nyhetsbildet, med hybride droneangrep i Danmark og Polen, viser at det haster \u00e5 f\u00e5 p\u00e5 plass ordentlig satsing p\u00e5 drone- og sensorteknologi i arktiske str\u00f8k.<\/p>\n<p>Det er i nord vi er mest s\u00e5rbare, og det er i nord vi trenger nyvinninger for overv\u00e5kning av store havomr\u00e5der.<\/p>\n<p><b>Det er klokkeklart at Troms\u00f8 kan bidra til dette med flere fagmilj\u00f8er som kan kobles til FFI Nord. UiT er klart til samarbeid. Rektor ved universitetet, Dag Rune Olsen, ser ingen konkurranse ved etableringen.<\/b><\/p>\n<p>Tvert imot, han \u00f8nsker ringvirkningene velkommen. UiT utdanner i dag mange innen realfag og teknologi som finner seg jobb et annet sted i landet. \u00c5 beholde disse kandidatene i nord er selvsagt \u00e5 foretrekke.<\/p>\n<p>I tillegg har storbedriften KSAT, som fokuserer p\u00e5 jordobservasjon og satellitter, et fagmilj\u00f8 som kan vokse og bidra til styrking av forsvaret i arktiske str\u00f8k.<\/p>\n<p>I tillegg vokser det frem mindre gr\u00fcndermilj\u00f8er innen teknologifeltet, som har spennende kompetanse og produkter som kan bidra til forsvaret. De trenger et enda sterkere fagmilj\u00f8 i Troms\u00f8.<\/p>\n<p><b>NORCE, b\u00e5de i Troms\u00f8 og nasjonalt, driver ogs\u00e5 p\u00e5 med drone- og sensorteknologi. Derfra har det v\u00e6rt dempet mottagelse for FFI Nord, som har blitt oppfattet som en konkurranse om de gode hodene. Det er det ingen grunn til \u00e5 henge seg opp i. <\/b><\/p>\n<p>Det meste tyder p\u00e5 at flere teknologihoder vil trekkes til sterkere fagmilj\u00f8er i nord. Det er nok til alle i den store satsingen p\u00e5 forsvar i Norge.<\/p>\n<p>Disse milj\u00f8ene kan samlet utgj\u00f8re en formidabel forskjell for Norges forsvarsevne, der droneteknologi og overv\u00e5kning av nordomr\u00e5dene er av sentral betydning.<\/p>\n<p>FFI \u00f8nsker \u00e5 etablere en enhet i Troms\u00f8 med 40 \u00e5rsverk, mange i h\u00f8yteknologiske fagfelt. Det vil inneb\u00e6re flere hundre millioner kroner i investeringer over en 12 \u00e5rs periode.<\/p>\n<p>Og kan f\u00e5 store ringvirkninger p\u00e5 innovasjon og utvikling av industri i hele landsdelen.<\/p>\n<p><b>Dette kan ikke Nord-Norge skusle bort i meningsl\u00f8s kjekling. Ingen andre steder i landsdelen er egnet til dette. Det er ogs\u00e5 klokt at FFI peker p\u00e5 en egen tilstedev\u00e6relse p\u00e5 And\u00f8ya og drone- og satellittilmilj\u00f8et der. <\/b><\/p>\n<p>Det peker seg ut en viktig og robust triangel p\u00e5 forskning, utvikling og innovasjon i forsvarssektoren i nord &#8211; der overv\u00e5kning av arktiske omr\u00e5der er av enorm verdi for norsk forsvarsevne.<\/p>\n<p>Troms\u00f8 pekes p\u00e5 som navet av FFI i flere utredninger. S\u00e5 ofte er dette kommunisert det siste \u00e5ret, at det nesten ikke registreres som nyhet lengre n\u00e5r nye dokumenter legges p\u00e5 forsvarsministerens bord.<\/p>\n<p><b>Men sommerens utredning er avgj\u00f8rende. <\/b><\/p>\n<p>Den er en helhetsutredning der flere alternativer vurderes. Det b\u00f8r v\u00e6re den siste utredningen det er behov for. Forsvarsminister Tore O. Sandvik m\u00e5 f\u00e5 opp farta og sette hjulene i gang for \u00e5 gi klarsignal for Troms\u00f8 som lokaliseringen av FFI Nord.<\/p>\n<p>G\u00e5r det slik FFI anbefaler vil det i 2036 st\u00e5 ferdig en fullt utbygd avdeling i Troms\u00f8. Men da m\u00e5 man starte n\u00e5.<\/p>\n<p>Det haster.<\/p>\n","protected":false},"excerpt":{"rendered":"De som \u00f8nsker seg en omkamp, noe man vanligvis er gode p\u00e5 i nord, b\u00f8r tenke seg om.&hellip;\n","protected":false},"author":2,"featured_media":49962,"comment_status":"","ping_status":"","sticky":false,"template":"","format":"standard","meta":{"footnotes":""},"categories":[10],"tags":[36,20,21,24,25,7710,7709,7711,15,266,22,23,13,30,28,29,14,1533,16,26,27],"class_list":{"0":"post-49961","1":"post","2":"type-post","3":"status-publish","4":"format-standard","5":"has-post-thumbnail","7":"category-norge","8":"tag-art","9":"tag-breaking-news","10":"tag-breakingnews","11":"tag-featured-news","12":"tag-featurednews","13":"tag-ffi","14":"tag-ffi-nord","15":"tag-forsvarsloftet","16":"tag-headlines","17":"tag-kommentar","18":"tag-latest-news","19":"tag-latestnews","20":"tag-news","21":"tag-no","22":"tag-norge","23":"tag-norway","24":"tag-nyheter","25":"tag-opinion","26":"tag-overskrifter","27":"tag-top-stories","28":"tag-topstories"},"share_on_mastodon":{"url":"","error":""},"_links":{"self":[{"href":"https:\/\/www.europesays.com\/no\/wp-json\/wp\/v2\/posts\/49961","targetHints":{"allow":["GET"]}}],"collection":[{"href":"https:\/\/www.europesays.com\/no\/wp-json\/wp\/v2\/posts"}],"about":[{"href":"https:\/\/www.europesays.com\/no\/wp-json\/wp\/v2\/types\/post"}],"author":[{"embeddable":true,"href":"https:\/\/www.europesays.com\/no\/wp-json\/wp\/v2\/users\/2"}],"replies":[{"embeddable":true,"href":"https:\/\/www.europesays.com\/no\/wp-json\/wp\/v2\/comments?post=49961"}],"version-history":[{"count":0,"href":"https:\/\/www.europesays.com\/no\/wp-json\/wp\/v2\/posts\/49961\/revisions"}],"wp:featuredmedia":[{"embeddable":true,"href":"https:\/\/www.europesays.com\/no\/wp-json\/wp\/v2\/media\/49962"}],"wp:attachment":[{"href":"https:\/\/www.europesays.com\/no\/wp-json\/wp\/v2\/media?parent=49961"}],"wp:term":[{"taxonomy":"category","embeddable":true,"href":"https:\/\/www.europesays.com\/no\/wp-json\/wp\/v2\/categories?post=49961"},{"taxonomy":"post_tag","embeddable":true,"href":"https:\/\/www.europesays.com\/no\/wp-json\/wp\/v2\/tags?post=49961"}],"curies":[{"name":"wp","href":"https:\/\/api.w.org\/{rel}","templated":true}]}}