{"id":49992,"date":"2025-10-01T11:24:10","date_gmt":"2025-10-01T11:24:10","guid":{"rendered":"https:\/\/www.europesays.com\/no\/49992\/"},"modified":"2025-10-01T11:24:10","modified_gmt":"2025-10-01T11:24:10","slug":"fatt-hemmelig-adresse","status":"publish","type":"post","link":"https:\/\/www.europesays.com\/no\/49992\/","title":{"rendered":"F\u00e5tt hemmelig adresse"},"content":{"rendered":"<p class=\"kicker \" style=\"\">Voldshendelsen p\u00e5 Haugerud:<\/p>\n<p>  13-\u00e5ringen som ble kritisk skadd etter en voldshendelse p\u00e5 Haugerud i Oslo l\u00f8rdag, er operert for skadene han ble p\u00e5f\u00f8rt.<\/p>\n<p>\n    MASSIVT TIL STEDE: Politiet rykket ut med flere patruljer til Haugerud i Oslo l\u00f8rdag ettermiddag. Der fant de en 13 \u00e5r gammel gutt alvorlig skadd. Foto: Terje Pedersen \/ NTB\n  <\/p>\n<p>L\u00f8rdag ettermiddag rykket politiet ut til Haugerud nord\u00f8st i Oslo, etter melding om at en person hadde blitt knivstukket. En 13 \u00e5r gammel gutt ble <a href=\"https:\/\/www.dagbladet.no\/nyheter\/tenaring-kritisk-skadd-13-aring-siktet\/83650842\" rel=\"nofollow noopener\" target=\"_blank\">betegnet som kritisk skadd<\/a>.\u00a0<\/p>\n<p>Gutten hadde skader som er sammenfallende med stikkskader, men det forel\u00f8pig er ukjent hva slags v\u00e5pen som er brukt. Han hadde \u00e5pne bl\u00f8dninger i nedre del av kroppen, og det ble iverksatt livreddende f\u00f8rstehjelp p\u00e5 stedet.<\/p>\n<p>&#8211; Han er innlagt p\u00e5 sykehus og blir godt ivaretatt. Han er operert etter<br \/>\nskadene han ble p\u00e5f\u00f8rt og tilstanden er stabil. Han m\u00e5 gjennom rekonvalesens og ta tiden<br \/>\ntil hjelp, sier guttens bistandsadvokat, Anders Sveen, til Dagbladet.\u00a0<\/p>\n<p>13-\u00e5ring mistenkt<\/p>\n<p> En annen 13-\u00e5ring er mistenkt for grov kroppsskade. Han har v\u00e6rt i avh\u00f8r og knyttet seg til hendelsen.\u00a0<\/p>\n<p>Som f\u00f8lge av at han er under den\u00a0kriminelle lavalderen, kan han ikke straffes av politiet eller domstolene.\u00a0<\/p>\n<p>&#8211; Det er for tidlig \u00e5 si noe mer om foranledningen og bakgrunnen for hendelsen. Dette er noe den videre etterforskningen forh\u00e5pentligvis vil gi svar p\u00e5. Det er gjennomf\u00f8rt korte avh\u00f8r p\u00e5 stedet av flere, men det er \u00f8nskelig for politiet \u00e5 gjennomf\u00f8re nye avh\u00f8r. Samtlige skal avh\u00f8res p\u00e5 barnehuset, sier politiadvokat Vilde Nerg\u00e5rd.<\/p>\n<p>Gjennomg\u00e5r videooverv\u00e5kning<\/p>\n<p> Politiet vil fremover fortsette \u00e5 sikre bevis og kartlegge hendelsesforl\u00f8pet, herunder blant annet gjennomf\u00f8re flere vitneavh\u00f8r og gjennomg\u00e5 videooverv\u00e5kning.\u00a0<\/p>\n<p>Slik saken st\u00e5r n\u00e5 fremst\u00e5r det som en personkonflikt i et ungdomsmilj\u00f8, opplyser politiet.<\/p>\n<p>Guttens forsvarer, Hilde Marie Ims, har tidligere ikke \u00f8nsket \u00e5 gi noen kommentar om etterforskningen.\u00a0<\/p>\n<p>En elleve \u00e5r gammel gutt ble innbragt av politiet som vitne i saken. Det skal ha v\u00e6rt flere vitner til hendelsen.<\/p>\n<p>Det er forel\u00f8pig ingen flere enn 13-\u00e5ringen som har f\u00e5tt status som mistenkt eller siktet. <\/p>\n","protected":false},"excerpt":{"rendered":"Voldshendelsen p\u00e5 Haugerud: 13-\u00e5ringen som ble kritisk skadd etter en voldshendelse p\u00e5 Haugerud i Oslo l\u00f8rdag, er operert&hellip;\n","protected":false},"author":2,"featured_media":49993,"comment_status":"","ping_status":"","sticky":false,"template":"","format":"standard","meta":{"footnotes":""},"categories":[59],"tags":[7689,398,30,28,29,83,82],"class_list":{"0":"post-49992","1":"post","2":"type-post","3":"status-publish","4":"format-standard","5":"has-post-thumbnail","7":"category-sport","8":"tag-frida-karlsson","9":"tag-langrenn","10":"tag-no","11":"tag-norge","12":"tag-norway","13":"tag-sport","14":"tag-sports"},"share_on_mastodon":{"url":"","error":""},"_links":{"self":[{"href":"https:\/\/www.europesays.com\/no\/wp-json\/wp\/v2\/posts\/49992","targetHints":{"allow":["GET"]}}],"collection":[{"href":"https:\/\/www.europesays.com\/no\/wp-json\/wp\/v2\/posts"}],"about":[{"href":"https:\/\/www.europesays.com\/no\/wp-json\/wp\/v2\/types\/post"}],"author":[{"embeddable":true,"href":"https:\/\/www.europesays.com\/no\/wp-json\/wp\/v2\/users\/2"}],"replies":[{"embeddable":true,"href":"https:\/\/www.europesays.com\/no\/wp-json\/wp\/v2\/comments?post=49992"}],"version-history":[{"count":0,"href":"https:\/\/www.europesays.com\/no\/wp-json\/wp\/v2\/posts\/49992\/revisions"}],"wp:featuredmedia":[{"embeddable":true,"href":"https:\/\/www.europesays.com\/no\/wp-json\/wp\/v2\/media\/49993"}],"wp:attachment":[{"href":"https:\/\/www.europesays.com\/no\/wp-json\/wp\/v2\/media?parent=49992"}],"wp:term":[{"taxonomy":"category","embeddable":true,"href":"https:\/\/www.europesays.com\/no\/wp-json\/wp\/v2\/categories?post=49992"},{"taxonomy":"post_tag","embeddable":true,"href":"https:\/\/www.europesays.com\/no\/wp-json\/wp\/v2\/tags?post=49992"}],"curies":[{"name":"wp","href":"https:\/\/api.w.org\/{rel}","templated":true}]}}