{"id":50032,"date":"2025-10-01T12:15:10","date_gmt":"2025-10-01T12:15:10","guid":{"rendered":"https:\/\/www.europesays.com\/no\/50032\/"},"modified":"2025-10-01T12:15:10","modified_gmt":"2025-10-01T12:15:10","slug":"people-we-meet-on-vacation-bestselgeren-blir-film-se-forste-trailer","status":"publish","type":"post","link":"https:\/\/www.europesays.com\/no\/50032\/","title":{"rendered":"&laquo;People We Meet on Vacation&raquo;: Bestselgeren blir film \u2013 se f\u00f8rste trailer!"},"content":{"rendered":"<p>Netflix slipper den romantiske komedien, med Emily Bader og Tom Blyth i hovedrollene, 9. januar.<\/p>\n<p>Du vet den kompisen du deler haugevis av minner med, som alltid f\u00e5r deg til \u00e5 le, som kjenner dine kleineste hemmeligheter, og som plutselig en dag f\u00e5r deg til \u00e5 innse&#8230; hva hvis? (Ikke? Nei, ikke vi heller.)<\/p>\n<p>Akkurat det er i hvert fall kjernen i Netflix&#8217; kommende film <strong>&laquo;People We Meet on Vacation&raquo;<\/strong>, basert p\u00e5 Emily Henrys bestselgende roman fra 2021. N\u00e5 er traileren er her, og gir oss en f\u00f8rste smakebit p\u00e5 hva som venter.<\/p>\n<p>Emily Bader spiller Poppy, en ekstrovert dr\u00f8mmer som alltid har kofferten klar for neste eventyr. Tom Blyth stiller som Alex, den avslappa og mer tilbaketrukne bestekompisen. De bor i hver sin by, men har holdt fast ved \u00e9n tradisjon siden barndommen: \u00e9n uke p\u00e5 ferie, sammen, hver eneste sommer. Etter utallige turer verden rundt, st\u00e5r de plutselig overfor det uunng\u00e5elige (film)sp\u00f8rsm\u00e5let&#8230; er de bare venner, eller&#8230; kanskje noe mer?<\/p>\n<p><img alt=\"People We Meet on Vacation\" loading=\"lazy\" width=\"4000\" height=\"2000\" decoding=\"async\" data-nimg=\"1\" class=\"InlineImage_SInlineImage__BZ9_G\" style=\"color:transparent\"   src=\"https:\/\/www.europesays.com\/no\/wp-content\/uploads\/2025\/10\/2a277c49730005cf2d3c36a191c356da8143d18a-4000x2000.jpg\"\/>NAH: Tom Blyth og Emily Bader er kanskje meant to be i &laquo;People We Meet on Vacation&raquo;., Foto: Netflix<\/p>\n<p>Regiss\u00f8r <a href=\"https:\/\/www.filmweb.no\/navn\/Brett_Haley\" rel=\"nofollow noopener\" target=\"_blank\">Brett Haley<\/a> lover ikke bare klassisk rom-com, med fnising og t\u00e5ret\u00f8rking bak puta, men ogs\u00e5 ekte reisestemning.<\/p>\n<p>\u2013 Dette er en film som ikke bare forteller en kj\u00e6rlighetshistorie. Den f\u00e5r deg til \u00e5 f\u00f8le at du selv er p\u00e5 ferie sammen med Poppy og Alex, sa han nylig i et intervju Tudum.<\/p>\n<p>For forfatter Emily Henry har castingen av hovedrolleinnehaverne v\u00e6rt det absolutt viktigste.<\/p>\n<p>\u2013 Jeg har v\u00e6rt skikkelig nerv\u00f8s for hvem som skulle spille disse karakterene, innr\u00f8mmet hun i et intervju med Netflix.<\/p>\n<p><a class=\"StreamingSearchBox_SLogoLink__JQeKY\" aria-label=\"G\u00e5 til Streamingguide forsiden\" href=\"https:\/\/www.filmweb.no\/streamingguide\" rel=\"nofollow noopener\" target=\"_blank\"><\/a><\/p>\n<p>\u2013 Jeg kunne virkelig ikke v\u00e6rt mer sikker p\u00e5 at b\u00e5de mine lesere, og alle andre som ikke kjenner boka, kommer til \u00e5 falle pladask for Poppy og Alex, la hun til.<\/p>\n<p>I tillegg til Bader og Blyth byr filmen p\u00e5 navn som Sarah Catherine Hook (&laquo;The White Lotus&raquo;), Jameela Jamil (&laquo;The Good Place&raquo;), Lucien Laviscount (&laquo;Emily in Paris&raquo;), Lukas Gage (&laquo;You&raquo;), Miles Heizer (&laquo;13 Reasons Why&raquo;), og Alan Ruck (&laquo;Succession&raquo;).<\/p>\n<p>Sjekk ut traileren under:<\/p>\n<p>For \u00e5 se dette innholdet m\u00e5 markedsf\u00f8rings-cookies v\u00e6re sl\u00e5tt p\u00e5. Klikk her for \u00e5 endre dine innstillinger.<\/p>\n<p><strong>&laquo;People We Meet on Vacation&raquo; slippes p\u00e5 Netflix 9. januar 2026.<\/strong><\/p>\n<p>F\u00f8lg oss for nyheter, konkurranser og tips om filmer og serier!<\/p>\n<p><a href=\"https:\/\/www.facebook.com\/filmweb.no\" class=\"ArticleSoMeRow_SLink__hnKex\" rel=\"noopener noreferrer nofollow\" target=\"_blank\"><\/a><a href=\"https:\/\/www.instagram.com\/filmwebno\/\" class=\"ArticleSoMeRow_SLink__hnKex\" rel=\"noopener noreferrer nofollow\" target=\"_blank\"><\/a><a href=\"https:\/\/www.tiktok.com\/@filmweb.no\" class=\"ArticleSoMeRow_SLink__hnKex\" rel=\"noopener noreferrer nofollow\" target=\"_blank\"><\/a><script async src=\"\/\/www.instagram.com\/embed.js\"><\/script><script async src=\"\/\/www.tiktok.com\/embed.js\"><\/script><\/p>\n","protected":false},"excerpt":{"rendered":"Netflix slipper den romantiske komedien, med Emily Bader og Tom Blyth i hovedrollene, 9. januar. Du vet den&hellip;\n","protected":false},"author":2,"featured_media":50033,"comment_status":"","ping_status":"","sticky":false,"template":"","format":"standard","meta":{"footnotes":""},"categories":[57],"tags":[30,28,29,65,63,64,66,70,69,67,68],"class_list":{"0":"post-50032","1":"post","2":"type-post","3":"status-publish","4":"format-standard","5":"has-post-thumbnail","7":"category-vitenskap-og-teknologi","8":"tag-no","9":"tag-norge","10":"tag-norway","11":"tag-science","12":"tag-science-and-technology","13":"tag-scienceandtechnology","14":"tag-technology","15":"tag-teknologi","16":"tag-vitenskap","17":"tag-vitenskap-og-teknologi","18":"tag-vitenskapteknologi"},"share_on_mastodon":{"url":"","error":""},"_links":{"self":[{"href":"https:\/\/www.europesays.com\/no\/wp-json\/wp\/v2\/posts\/50032","targetHints":{"allow":["GET"]}}],"collection":[{"href":"https:\/\/www.europesays.com\/no\/wp-json\/wp\/v2\/posts"}],"about":[{"href":"https:\/\/www.europesays.com\/no\/wp-json\/wp\/v2\/types\/post"}],"author":[{"embeddable":true,"href":"https:\/\/www.europesays.com\/no\/wp-json\/wp\/v2\/users\/2"}],"replies":[{"embeddable":true,"href":"https:\/\/www.europesays.com\/no\/wp-json\/wp\/v2\/comments?post=50032"}],"version-history":[{"count":0,"href":"https:\/\/www.europesays.com\/no\/wp-json\/wp\/v2\/posts\/50032\/revisions"}],"wp:featuredmedia":[{"embeddable":true,"href":"https:\/\/www.europesays.com\/no\/wp-json\/wp\/v2\/media\/50033"}],"wp:attachment":[{"href":"https:\/\/www.europesays.com\/no\/wp-json\/wp\/v2\/media?parent=50032"}],"wp:term":[{"taxonomy":"category","embeddable":true,"href":"https:\/\/www.europesays.com\/no\/wp-json\/wp\/v2\/categories?post=50032"},{"taxonomy":"post_tag","embeddable":true,"href":"https:\/\/www.europesays.com\/no\/wp-json\/wp\/v2\/tags?post=50032"}],"curies":[{"name":"wp","href":"https:\/\/api.w.org\/{rel}","templated":true}]}}