{"id":50054,"date":"2025-10-01T12:33:09","date_gmt":"2025-10-01T12:33:09","guid":{"rendered":"https:\/\/www.europesays.com\/no\/50054\/"},"modified":"2025-10-01T12:33:09","modified_gmt":"2025-10-01T12:33:09","slug":"danmarks-statsminister-den-storste-trusselen-siden-andre-verdenskrig","status":"publish","type":"post","link":"https:\/\/www.europesays.com\/no\/50054\/","title":{"rendered":"Danmarks statsminister: &#8211; Den st\u00f8rste trusselen siden andre verdenskrig"},"content":{"rendered":"\n<p class=\"_lead_1994c_2 _lead_xtcu6_50 layout-component text-serif-m layout-normal text-serif-l layout-component layout-wide layout-padded _wide_17hqh_1 layout-padded\">Mette Frederiksen sier at hybridkrig og krenkelser av europeisk luftrom viser at Europa st\u00e5r i en ny sikkerhetssituasjon.<\/p>\n<p><img alt=\" Foto: Thomas Traasdahl \/ AP \/ NTB\" class=\"_image_qp4xg_65 layout-component layout-wide\" data-fullscreen- data-track-element-type=\"Article image fullscreen\" data-track-name=\"ImageFullscreen\" fetchpriority=\"high\" decoding=\"sync\" loading=\"eager\" height=\"3400\" itemprop=\"image\"  src=\"https:\/\/www.europesays.com\/no\/wp-content\/uploads\/2025\/10\/95a4dfdd-2243-4060-9a6c-7a0a667381c5\"  style=\"object-position:0% 0%\" width=\"5104\"\/> Foto: Thomas Traasdahl \/ AP \/ NTB<\/p>\n<ul aria-hidden=\"true\" class=\"_images_1y6fe_106\">\n<li><a class=\"_link_1y6fe_111\" href=\"https:\/\/www.vg.no\/forfatter\/ntb\" style=\"z-index:2\" title=\"NTB\" rel=\"nofollow noopener\" target=\"_blank\"><img alt=\"Bilde av NTB\" class=\"_image_1y6fe_88\" fetchpriority=\"low\" loading=\"lazy\" decoding=\"async\" itemprop=\"image\"  src=\"https:\/\/www.europesays.com\/no\/wp-content\/uploads\/2025\/10\/1759321988_792_c33980b0-5d07-4027-84a1-813f90a7c8d6\"  width=\"480\"\/><\/a><\/li>\n<li><a class=\"_link_1y6fe_111\" href=\"https:\/\/www.vg.no\/forfatter\/marie-dreyer-bakken\" style=\"z-index:1\" title=\"Marie Dreyer Bakken\" rel=\"nofollow noopener\" target=\"_blank\"><img alt=\"Bilde av Marie Dreyer Bakken\" class=\"_image_1y6fe_88\" fetchpriority=\"low\" loading=\"lazy\" decoding=\"async\" itemprop=\"image\"  src=\"https:\/\/www.europesays.com\/no\/wp-content\/uploads\/2025\/10\/1759321989_897_a58fd05d-9a13-4704-bd0c-ffb8040bb859\"  width=\"480\"\/><\/a><\/li>\n<\/ul>\n<p> Oppdatert onsdag 1. oktober kl. 12:47     <\/p>\n<p class=\"_paragraph_1994c_4 _paragraph_xtcu6_10 layout-component text-serif-m layout-normal text-serif-m layout-padded\">\u2013 Vi st\u00e5r overfor den st\u00f8rste trusselen siden andre verdenskrig, sier hun p\u00e5 et pressem\u00f8te hos arbeidsgiverorganisasjonen Dansk IndustriDansk IndustriEn organisasjon i Danmark som representerer interesser til danske bedrifter og arbeidsgivere., kort tid f\u00f8r \u00e5pningen av det uformelle EU-toppm\u00f8tet i K\u00f8benhavn onsdag.<\/p>\n<p class=\"_paragraph_1994c_4 _paragraph_xtcu6_10 layout-component text-serif-m layout-normal text-serif-m layout-padded\">Form\u00e5let med toppm\u00f8tet er \u00e5 dr\u00f8fte hvordan Europa skal kunne forsvare seg med egen hjelp fra 2030, if\u00f8lge Frederiksen.<\/p>\n<p class=\"_paragraph_1994c_4 _paragraph_xtcu6_10 layout-component text-serif-m layout-normal text-serif-m layout-padded\">\u2013 HybridkrigenHybridkrigenEn type krigf\u00f8ring som kombinerer tradisjonelle milit\u00e6re metoder med ikke-milit\u00e6re taktikker som cyberangrep og desinformasjon. har rammet Europa, sier hun. <\/p>\n<p class=\"_paragraph_1994c_4 _paragraph_xtcu6_10 layout-component text-serif-m layout-normal text-serif-m layout-padded\">Forrige uke var det en rekke dronehendelser i Danmark, og regjeringen har varslet at den vil skaffe seg nye kapasiteter for \u00e5 oppdage og n\u00f8ytralisere droner.<\/p>\n<p class=\"_paragraph_1994c_4 _paragraph_xtcu6_10 layout-component text-serif-m layout-normal text-serif-m layout-padded\">Det er ogs\u00e5 varslet at regelverket for bruk av droner skal strammes inn.<\/p>\n<p class=\"_paragraph_1994c_4 _paragraph_xtcu6_10 layout-component text-serif-m layout-normal text-serif-m layout-padded\">I etterkant har flere land koblet seg p\u00e5, og besluttet <a href=\"https:\/\/www.vg.no\/nyheter\/i\/mPO2eE\/norge-med-dronehjelp-til-danmark\" data-track-element-type=\"Link\" data-track-id=\"link:mPO2eE\" class=\"_link_1994c_39\" rel=\"nofollow noopener\" target=\"_blank\">\u00e5 gi dronehjelp til Danmark<\/a>. <\/p>\n<p><img alt=\"Danmarks statsminister Mette Frederiksen (i bl\u00e5tt) og kommisjonens leder Ursula von der Leyen (i r\u00f8dt) kommer til det uformelle EU-toppm\u00f8tet i K\u00f8benhavn onsdag.   Foto: Sebastian Elias Uth\/Ritzau Scanpix via AP \/ NTB\" class=\"_image_qp4xg_65 layout-component layout-normal\" data-fullscreen- data-track-element-type=\"Article image fullscreen\" data-track-name=\"ImageFullscreen\" decoding=\"async\" loading=\"lazy\" height=\"3744\" itemprop=\"image\"  src=\"https:\/\/www.europesays.com\/no\/wp-content\/uploads\/2025\/10\/53d05816-7f6c-4fcb-83b3-bf5788732fd9\"  style=\"object-position:0% 0%\" width=\"5616\"\/>Danmarks statsminister Mette Frederiksen (i bl\u00e5tt) og kommisjonens leder Ursula von der Leyen (i r\u00f8dt) kommer til det uformelle EU-toppm\u00f8tet i K\u00f8benhavn onsdag.   Foto: Sebastian Elias Uth\/Ritzau Scanpix via AP \/ NTB<\/p>\n<p class=\"_paragraph_1994c_4 _paragraph_xtcu6_10 layout-component text-serif-m layout-normal text-serif-m layout-padded\">Til <a href=\"https:\/\/www.ft.com\/content\/4c03d08e-4a05-4d98-8d09-2927c74a211a\" class=\"_link_1994c_39\" rel=\"nofollow noopener\" target=\"_blank\">Financial Times<\/a> sier Frederiksen at vi m\u00e5 v\u00e6re \u00e5pne om at det vi har sett sannsynligvis bare er begynnelsen. <\/p>\n<p class=\"_paragraph_1994c_4 _paragraph_xtcu6_10 layout-component text-serif-m layout-normal text-serif-m layout-padded\">\u2013 Alle europeere m\u00e5 forst\u00e5 hva som st\u00e5r p\u00e5 spill og hva som faktisk skjer. N\u00e5r det er droner eller dataangrep, er hensikten \u00e5 splitte oss.<\/p>\n<p class=\"_paragraph_1994c_4 _paragraph_xtcu6_10 layout-component text-serif-m layout-normal text-serif-m layout-padded\">De 27 EU-landene skal diskutere styrking av forsvaret og \u00f8kt st\u00f8tte til Ukraina. <\/p>\n<p class=\"_paragraph_1994c_4 _paragraph_xtcu6_10 layout-component text-serif-m layout-normal text-serif-m layout-padded\">Blant annet skal en mulig europeisk dronemurdronemurEt konsept for \u00e5 beskytte et omr\u00e5de mot droner ved hjelp av teknologi eller fysiske barrierer. diskuteres etter luftromskrenkelsene som f\u00f8rte til at danske flyplasser ved en rekke anledninger ble stengt i forrige uke.<\/p>\n<p class=\"_paragraph_1994c_4 _paragraph_xtcu6_10 layout-component text-serif-m layout-normal text-serif-m layout-padded\">Den siste tiden har det blitt observert droner flere steder i Norge, blant annet ved Gardermoen, \u00d8rlandet flystasjon og oljeplattformen Sleipner i Nordsj\u00f8en.<\/p>\n<p class=\"_paragraph_1994c_4 _paragraph_xtcu6_10 layout-component text-serif-m layout-normal text-serif-m layout-padded\"><strong class=\"_strong_1994c_25\">De er forel\u00f8pig ikke bekreftet \u00e5 ha tilknynting til statlige akt\u00f8rer, opplyser PST.<\/strong><\/p>\n<p class=\"_paragraph_1994c_4 _paragraph_xtcu6_10 layout-component text-serif-m layout-normal text-serif-m layout-padded\">\u2013 Det er en del av normalbildet i Norge at det b\u00e5de gj\u00f8res observasjoner av mulige droner, og at det p\u00e5gripes personer for ulovlig dronebruk, opplyser seniorr\u00e5dgiver Eirik Veum i PST til NTB.<\/p>\n<p class=\"_paragraph_1994c_4 _paragraph_xtcu6_10 layout-component text-serif-m layout-normal text-serif-m layout-padded\">PST har kontakt med nasjonale og internasjonale samarbeidspartnere om observasjonene, opplyser han videre.<\/p>\n","protected":false},"excerpt":{"rendered":"Mette Frederiksen sier at hybridkrig og krenkelser av europeisk luftrom viser at Europa st\u00e5r i en ny sikkerhetssituasjon.&hellip;\n","protected":false},"author":2,"featured_media":50055,"comment_status":"","ping_status":"","sticky":false,"template":"","format":"standard","meta":{"footnotes":""},"categories":[5],"tags":[20,21,1524,1014,279,274,24,25,15,19,2967,22,23,17,18,2030,13,30,28,29,14,16,1190,26,27],"class_list":{"0":"post-50054","1":"post","2":"type-post","3":"status-publish","4":"format-standard","5":"has-post-thumbnail","7":"category-overskrifter","8":"tag-breaking-news","9":"tag-breakingnews","10":"tag-danmark","11":"tag-droner","12":"tag-eu","13":"tag-europa","14":"tag-featured-news","15":"tag-featurednews","16":"tag-headlines","17":"tag-hovedoppslag","18":"tag-kobenhavn","19":"tag-latest-news","20":"tag-latestnews","21":"tag-main-news","22":"tag-mainnews","23":"tag-mette-frederiksen","24":"tag-news","25":"tag-no","26":"tag-norge","27":"tag-norway","28":"tag-nyheter","29":"tag-overskrifter","30":"tag-pst","31":"tag-top-stories","32":"tag-topstories"},"share_on_mastodon":{"url":"","error":""},"_links":{"self":[{"href":"https:\/\/www.europesays.com\/no\/wp-json\/wp\/v2\/posts\/50054","targetHints":{"allow":["GET"]}}],"collection":[{"href":"https:\/\/www.europesays.com\/no\/wp-json\/wp\/v2\/posts"}],"about":[{"href":"https:\/\/www.europesays.com\/no\/wp-json\/wp\/v2\/types\/post"}],"author":[{"embeddable":true,"href":"https:\/\/www.europesays.com\/no\/wp-json\/wp\/v2\/users\/2"}],"replies":[{"embeddable":true,"href":"https:\/\/www.europesays.com\/no\/wp-json\/wp\/v2\/comments?post=50054"}],"version-history":[{"count":0,"href":"https:\/\/www.europesays.com\/no\/wp-json\/wp\/v2\/posts\/50054\/revisions"}],"wp:featuredmedia":[{"embeddable":true,"href":"https:\/\/www.europesays.com\/no\/wp-json\/wp\/v2\/media\/50055"}],"wp:attachment":[{"href":"https:\/\/www.europesays.com\/no\/wp-json\/wp\/v2\/media?parent=50054"}],"wp:term":[{"taxonomy":"category","embeddable":true,"href":"https:\/\/www.europesays.com\/no\/wp-json\/wp\/v2\/categories?post=50054"},{"taxonomy":"post_tag","embeddable":true,"href":"https:\/\/www.europesays.com\/no\/wp-json\/wp\/v2\/tags?post=50054"}],"curies":[{"name":"wp","href":"https:\/\/api.w.org\/{rel}","templated":true}]}}