{"id":50064,"date":"2025-10-01T12:55:14","date_gmt":"2025-10-01T12:55:14","guid":{"rendered":"https:\/\/www.europesays.com\/no\/50064\/"},"modified":"2025-10-01T12:55:14","modified_gmt":"2025-10-01T12:55:14","slug":"svensk-bombe","status":"publish","type":"post","link":"https:\/\/www.europesays.com\/no\/50064\/","title":{"rendered":"Svensk \u00abbombe\u00bb"},"content":{"rendered":"<p>  Mens Lucas Bergvall (19) satt i en slitt garderobe nord i Norge, smalt \u00abbomben\u00bb i hjemlandet Sverige.<\/p>\n<p>\n    SJOKKNYHET F\u00d8R KAMP: Lucas Bergvall avbildet p\u00e5 Aspmyra. Foto: NTB\n  <\/p>\n<p>BOD\u00d8 (Dagbladet): Bergvall er en viktig del av det svenske landslaget. Tirsdag var han i Bod\u00f8 med Tottenham for m\u00f8tet med Glimt. <a href=\"https:\/\/www.dagbladet.no\/sport\/sjokk-i-sverige-vil-ikke\/83663972\" rel=\"nofollow noopener\" target=\"_blank\">To timer f\u00f8r kampstart kom sjokknyheten om at den profilerte keeperen Robin Olsen gir seg p\u00e5 landslaget etter 79 kamper og over ti \u00e5r som f\u00f8rstekeeper.<\/a><\/p>\n<p>    <a itemprop=\"url\" href=\"https:\/\/www.dagbladet.no\/sport\/avsloring-pa-direkten\/83657809\" rel=\"nofollow noopener\" target=\"_blank\"><\/p>\n<p>      <img loading=\"lazy\" decoding=\"async\" src=\"https:\/\/www.europesays.com\/no\/wp-content\/uploads\/2025\/10\/83664305.webp\" width=\"980\" height=\"441\" title=\"Avsl\u00f8ring i natt\" alt=\"\" class=\"lazyload\" style=\"--aspect-ratio-image: 2.22; \"\/><\/p>\n<p>        Avsl\u00f8ring i natt<\/p>\n<p>    <\/a><\/p>\n<p>35 minutter f\u00f8r kampstart, rundt den tiden Bergvall forlot garderoben og l\u00f8p ut p\u00e5 Aspmyra for \u00e5 varme opp, ble sjokknyheten ytterligere eksplosiv.\u00a0<\/p>\n<p>&#8211; En leder jeg ikke vil jobbe under, sa keeperen i et oppsiktsvekkende intervju med\u00a0<a href=\"https:\/\/www.aftonbladet.se\/sportbladet\/fotboll\/a\/1Mm42B\/robin-olsens-attack-mot-jon-dahl-tomasson-darfor-slutar-han-i-landslaget\" rel=\"nofollow noopener\" target=\"_blank\">Sportbladet<\/a>, hvor han brente alle broer til den n\u00e5v\u00e6rende landslagssjefen Jon Dahl Tomasson.<\/p>\n<p>          <img loading=\"lazy\" decoding=\"async\" src=\"https:\/\/www.europesays.com\/no\/wp-content\/uploads\/2025\/10\/83664449.webp\" width=\"686\" height=\"460\" title=\"FULL SPLID: Jon Dahl Tomasson og Robin Olsen f\u00f8r bruddet tirsdag kveld. Foto: NTB\" alt=\"\" class=\"\" style=\"--aspect-ratio-image: 1.49; \"\/><\/p>\n<p>\n          FULL SPLID: Jon Dahl Tomasson og Robin Olsen f\u00f8r bruddet tirsdag kveld. Foto: NTB\n      <\/p>\n<p>Det er lite trolig at det p\u00e5virket prestasjonen, men Bergvall var langt unna sitt beste da Tottenham reddet 2-2 p\u00e5 Aspmyra. Etter kamp pr\u00f8vde Dagbladet \u00e5 f\u00e5 en prat med svensken, men Tottenhams medieteam opplyste at han ikke ville v\u00e6re tilgjengelig.<\/p>\n<p>Hva han visste, eller ikke visste, fikk vi aldri vite. Svensken forsvant med bussen uten \u00e5 si et ord.\u00a0<\/p>\n<p>          <img loading=\"lazy\" decoding=\"async\" src=\"https:\/\/www.europesays.com\/no\/wp-content\/uploads\/2025\/10\/83664447.webp\" width=\"980\" height=\"559\" title=\"SKANDINAVISK DUELL: Patrick Berg og svenske Lucas Bergvall i duell p\u00e5 Aspmyra tirsdag. Foto: Lise \u00c5serud \/ NTB\" alt=\"\" class=\"\" style=\"--aspect-ratio-image: 1.75; \"\/><\/p>\n<p>\n          SKANDINAVISK DUELL: Patrick Berg og svenske Lucas Bergvall i duell p\u00e5 Aspmyra tirsdag. Foto: Lise \u00c5serud \/ NTB\n      <\/p>\n<p>I pressesonen var derimot den svenske journalisten Oskar M\u00e5nsson. Sjefredakt\u00f8r i FootballSthlm. og tidligere reporter i Sportbladet. Han var til stede for \u00e5 lage en reportasje om Bod\u00f8\/Glimt, men tok seg ogs\u00e5 tid til en prat om det svenske landslaget.<\/p>\n<p>&#8211; N\u00e5 er det veldig nytt, men det var en bombe, det m\u00e5 man kunne si, sier M\u00e5nsson til Dagbladet.<\/p>\n<p>        Jens Petter Hauge forteller at han hadde et Zoom-m\u00f8te med dav\u00e6rende Brentford-sjef Thomas Frank f\u00f8r han gikk til Milan i sin tid. Video: Simensen<\/p>\n<p class=\"\">Nyheten tapetserte frontene til de store svenske avisene tirsdag kveld:<\/p>\n<p>Bakgrunnen til det hele er at Olsen har f\u00e5tt beskjed om at han ikke lenger er Sveriges f\u00f8rstevalg. Nyheten kommer ogs\u00e5 etter at svensk landslagsfotball har st\u00e5tt i en krise, som nylig kulminerte med et pinlig tap mot Kosovo.<\/p>\n<p>          <img loading=\"lazy\" decoding=\"async\" src=\"https:\/\/www.europesays.com\/no\/wp-content\/uploads\/2025\/10\/83664456.webp\" width=\"686\" height=\"817\" title=\"Faksimilie Expressen\" alt=\"\" class=\"\" style=\"--aspect-ratio-image: 0.84; \"\/><\/p>\n<p>\n          Faksimilie Expressen\n      <\/p>\n<p>          <img loading=\"lazy\" decoding=\"async\" src=\"https:\/\/www.europesays.com\/no\/wp-content\/uploads\/2025\/10\/83664458.webp\" width=\"686\" height=\"755\" title=\"Faksimilie Sportbladet\" alt=\"\" class=\"\" style=\"--aspect-ratio-image: 0.91; \"\/><\/p>\n<p>\n          Faksimilie Sportbladet\n      <\/p>\n<p>Det svenske landslaget har underprestert lenge. Det er en generasjon med helt fantastiske offensive spillere. De har kanskje det beste spissparet i verden med Alexander Isak og Viktor Gy\u00f6keres, forklarer M\u00e5nsson.<\/p>\n<p>&#8211;\u00a0Balansen i laget er derimot et problem. De defensive spillerne er svakere, og de har spilt naivt i flere kamper. Mot Kosovo var det helt forferdelig. <\/p>\n<p>    <a itemprop=\"url\" href=\"https:\/\/www.dagbladet.no\/sport\/reaksjonene-hagler-i-england\/83663822\" rel=\"nofollow noopener\" target=\"_blank\"><\/p>\n<p>      <img loading=\"lazy\" decoding=\"async\" src=\"https:\/\/www.europesays.com\/no\/wp-content\/uploads\/2025\/10\/83664225.webp\" width=\"980\" height=\"441\" title=\"Reaksjonene hagler i England\" alt=\"\" class=\"lazyload\" style=\"--aspect-ratio-image: 2.22; \"\/><\/p>\n<p>        Reaksjonene hagler i England<\/p>\n<p>    <\/a><\/p>\n<p>Landslagssjef Dahl Tomasson har v\u00e6rt offer for massiv kritikk i svenske medier.\u00a0<\/p>\n<p class=\"italic m-italic\" data-lab-italic=\"italic\">&#8211; Hvordan er presset p\u00e5 ham?<\/p>\n<p>&#8211; Veldig hardt. Han er superkritisert. Ettersom det har g\u00e5tt d\u00e5rlig fikk han en myk start. Da var oppdraget \u00e5 spille mer offensivt. Det var tegn til \u00e5 fungere i starten, men vi var ganske mange som lurte p\u00e5 om det ville holde mot bedre lag. Det er en sterk opinion som mener han m\u00e5 f\u00e5 sparken.<\/p>\n<p>    <a itemprop=\"url\" href=\"https:\/\/www.dagbladet.no\/sport\/ryktet-gar\/83619544\" rel=\"nofollow noopener\" target=\"_blank\"><\/p>\n<p>      <img loading=\"lazy\" decoding=\"async\" src=\"https:\/\/www.europesays.com\/no\/wp-content\/uploads\/2025\/10\/83658291.webp\" width=\"980\" height=\"441\" title=\"Ryktet g\u00e5r\" alt=\"\" class=\"lazyload\" style=\"--aspect-ratio-image: 2.22; \"\/><\/p>\n<p>        Ryktet g\u00e5r<\/p>\n<p>    <\/a><\/p>\n<p class=\"italic m-italic\" data-lab-italic=\"italic\">&#8211; Hvordan p\u00e5virker denne saken?<\/p>\n<p>&#8211; Denne saken er vanskelig \u00e5 bed\u00f8mme. Det kommer etter svake landskamper og svakt spill for Malm\u00f6 fra Olsens side. Hans aksjer er ikke s\u00e5 sterke, de fleste mener nok det er rimelig at han ikke fikk forbli nummer en, svarer M\u00e5nsson.<\/p>\n<p>I oktober m\u00f8ter svenskene Sveits og Kosovo hjemme i Stockholm til VM-kvalifiseringskamper. Nye nedturer der kan fort bety slutten for Dahl Tomasson som svensk landslagssjef. Uansett vil de skje uten Olsen i det svenske buret.<\/p>\n","protected":false},"excerpt":{"rendered":"Mens Lucas Bergvall (19) satt i en slitt garderobe nord i Norge, smalt \u00abbomben\u00bb i hjemlandet Sverige. SJOKKNYHET&hellip;\n","protected":false},"author":2,"featured_media":50065,"comment_status":"","ping_status":"","sticky":false,"template":"","format":"standard","meta":{"footnotes":""},"categories":[59],"tags":[706,92,30,28,29,83,82,1359],"class_list":{"0":"post-50064","1":"post","2":"type-post","3":"status-publish","4":"format-standard","5":"has-post-thumbnail","7":"category-sport","8":"tag-champions-league","9":"tag-fotball","10":"tag-no","11":"tag-norge","12":"tag-norway","13":"tag-sport","14":"tag-sports","15":"tag-sverige"},"share_on_mastodon":{"url":"","error":""},"_links":{"self":[{"href":"https:\/\/www.europesays.com\/no\/wp-json\/wp\/v2\/posts\/50064","targetHints":{"allow":["GET"]}}],"collection":[{"href":"https:\/\/www.europesays.com\/no\/wp-json\/wp\/v2\/posts"}],"about":[{"href":"https:\/\/www.europesays.com\/no\/wp-json\/wp\/v2\/types\/post"}],"author":[{"embeddable":true,"href":"https:\/\/www.europesays.com\/no\/wp-json\/wp\/v2\/users\/2"}],"replies":[{"embeddable":true,"href":"https:\/\/www.europesays.com\/no\/wp-json\/wp\/v2\/comments?post=50064"}],"version-history":[{"count":0,"href":"https:\/\/www.europesays.com\/no\/wp-json\/wp\/v2\/posts\/50064\/revisions"}],"wp:featuredmedia":[{"embeddable":true,"href":"https:\/\/www.europesays.com\/no\/wp-json\/wp\/v2\/media\/50065"}],"wp:attachment":[{"href":"https:\/\/www.europesays.com\/no\/wp-json\/wp\/v2\/media?parent=50064"}],"wp:term":[{"taxonomy":"category","embeddable":true,"href":"https:\/\/www.europesays.com\/no\/wp-json\/wp\/v2\/categories?post=50064"},{"taxonomy":"post_tag","embeddable":true,"href":"https:\/\/www.europesays.com\/no\/wp-json\/wp\/v2\/tags?post=50064"}],"curies":[{"name":"wp","href":"https:\/\/api.w.org\/{rel}","templated":true}]}}