{"id":50082,"date":"2025-10-01T13:21:08","date_gmt":"2025-10-01T13:21:08","guid":{"rendered":"https:\/\/www.europesays.com\/no\/50082\/"},"modified":"2025-10-01T13:21:08","modified_gmt":"2025-10-01T13:21:08","slug":"terrordomt-soster-trekker-anke","status":"publish","type":"post","link":"https:\/\/www.europesays.com\/no\/50082\/","title":{"rendered":"Terrord\u00f8mt s\u00f8ster trekker anke"},"content":{"rendered":"\n<p class=\"_lead_1994c_2 _lead_xtcu6_50 layout-component text-serif-m layout-normal text-serif-l layout-component layout-wide layout-padded _wide_17hqh_1 layout-padded\">Det opplyser forsvareren hennes.<\/p>\n<ul aria-hidden=\"true\" class=\"_images_1y6fe_106\">\n<li><a class=\"_link_1y6fe_111\" href=\"https:\/\/www.vg.no\/forfatter\/ntb\" style=\"z-index:1\" title=\"NTB\" rel=\"nofollow noopener\" target=\"_blank\"><img alt=\"Bilde av NTB\" class=\"_image_1y6fe_88\" fetchpriority=\"low\" loading=\"lazy\" decoding=\"async\" itemprop=\"image\"  src=\"https:\/\/www.europesays.com\/no\/wp-content\/uploads\/2025\/10\/1759324868_548_c33980b0-5d07-4027-84a1-813f90a7c8d6\"  width=\"480\"\/><\/a><\/li>\n<\/ul>\n<p> Oppdatert onsdag 1. oktober kl. 14:56     <\/p>\n<p class=\"_paragraph_1994c_4 _paragraph_xtcu6_10 layout-component text-serif-m layout-normal text-serif-m layout-padded\">\u2013 Selv om det opprinnelig var et \u00f8nske om \u00e5 pr\u00f8ve skyldsp\u00f8rsm\u00e5let, har hensynet til den betydelige belastningen en ny rettsrunde ville medf\u00f8rt for henne og barna, v\u00e6rt avgj\u00f8rende. Klienten \u00f8nsker n\u00e5 \u00e5 se fremover og legge saken bak seg, skriver forsvarerne Hilde Firman Fjells\u00e5 og Aicha Selhi i en pressemelding.<\/p>\n<p class=\"_paragraph_1994c_4 _paragraph_xtcu6_10 layout-component text-serif-m layout-normal text-serif-m layout-padded\">Kvinnen var d\u00f8mt til to \u00e5rs fengsel for deltakelse i en terrororganisasjon, hvorav ett \u00e5r ble gjort betinget.<\/p>\n<p class=\"_paragraph_1994c_4 _paragraph_xtcu6_10 layout-component text-serif-m layout-normal text-serif-m layout-padded\">Ankeforhandlingen i lagmannsretten mot de to s\u00f8strene skulle starte 7. oktober. Det var satt av 25 dager til behandlingen av saken.<\/p>\n<p class=\"_paragraph_1994c_4 _paragraph_xtcu6_10 layout-component text-serif-m layout-normal text-serif-m layout-padded\">Den andre s\u00f8steren <a href=\"https:\/\/www.vg.no\/nyheter\/i\/XjP0b7\/nrk-terrordoemt-baerum-soester-trekker-anke\" data-track-element-type=\"Link\" data-track-id=\"link:XjP0b7\" class=\"_link_1994c_39\" rel=\"nofollow noopener\" target=\"_blank\">trakk sin anke tirsdag<\/a>. Hun var d\u00f8mt til fire \u00e5rs fengsel. <\/p>\n<p class=\"_paragraph_1994c_4 _paragraph_xtcu6_10 layout-component text-serif-m layout-normal text-serif-m layout-padded\">S\u00f8strene dro til Syria i 2013 og er d\u00f8mt for mange\u00e5rig deltakelse i en terrororganisasjon siden de aktivt sluttet seg til islamistgruppen IS, if\u00f8lge retten. I Syria giftet de seg og fikk barn.<\/p>\n","protected":false},"excerpt":{"rendered":"Det opplyser forsvareren hennes. Oppdatert onsdag 1. oktober kl. 14:56 \u2013 Selv om det opprinnelig var et \u00f8nske&hellip;\n","protected":false},"author":2,"featured_media":50083,"comment_status":"","ping_status":"","sticky":false,"template":"","format":"standard","meta":{"footnotes":""},"categories":[10],"tags":[997,20,21,24,25,15,7725,22,23,13,30,28,29,14,16,7724,26,27],"class_list":{"0":"post-50082","1":"post","2":"type-post","3":"status-publish","4":"format-standard","5":"has-post-thumbnail","7":"category-norge","8":"tag-baerum","9":"tag-breaking-news","10":"tag-breakingnews","11":"tag-featured-news","12":"tag-featurednews","13":"tag-headlines","14":"tag-is","15":"tag-latest-news","16":"tag-latestnews","17":"tag-news","18":"tag-no","19":"tag-norge","20":"tag-norway","21":"tag-nyheter","22":"tag-overskrifter","23":"tag-syria","24":"tag-top-stories","25":"tag-topstories"},"share_on_mastodon":{"url":"","error":""},"_links":{"self":[{"href":"https:\/\/www.europesays.com\/no\/wp-json\/wp\/v2\/posts\/50082","targetHints":{"allow":["GET"]}}],"collection":[{"href":"https:\/\/www.europesays.com\/no\/wp-json\/wp\/v2\/posts"}],"about":[{"href":"https:\/\/www.europesays.com\/no\/wp-json\/wp\/v2\/types\/post"}],"author":[{"embeddable":true,"href":"https:\/\/www.europesays.com\/no\/wp-json\/wp\/v2\/users\/2"}],"replies":[{"embeddable":true,"href":"https:\/\/www.europesays.com\/no\/wp-json\/wp\/v2\/comments?post=50082"}],"version-history":[{"count":0,"href":"https:\/\/www.europesays.com\/no\/wp-json\/wp\/v2\/posts\/50082\/revisions"}],"wp:featuredmedia":[{"embeddable":true,"href":"https:\/\/www.europesays.com\/no\/wp-json\/wp\/v2\/media\/50083"}],"wp:attachment":[{"href":"https:\/\/www.europesays.com\/no\/wp-json\/wp\/v2\/media?parent=50082"}],"wp:term":[{"taxonomy":"category","embeddable":true,"href":"https:\/\/www.europesays.com\/no\/wp-json\/wp\/v2\/categories?post=50082"},{"taxonomy":"post_tag","embeddable":true,"href":"https:\/\/www.europesays.com\/no\/wp-json\/wp\/v2\/tags?post=50082"}],"curies":[{"name":"wp","href":"https:\/\/api.w.org\/{rel}","templated":true}]}}