{"id":50125,"date":"2025-10-01T14:27:08","date_gmt":"2025-10-01T14:27:08","guid":{"rendered":"https:\/\/www.europesays.com\/no\/50125\/"},"modified":"2025-10-01T14:27:08","modified_gmt":"2025-10-01T14:27:08","slug":"robbie-williams-avslorer-tourettes-syndrom-og-utfordringer-med-turnelivet","status":"publish","type":"post","link":"https:\/\/www.europesays.com\/no\/50125\/","title":{"rendered":"Robbie Williams avsl\u00f8rer Tourettes syndrom og utfordringer med turn\u00e9livet"},"content":{"rendered":"<p class=\"kicker \" style=\"\">Robbie Williams:<\/p>\n<p>  Sangstjernen innr\u00f8mmer at tilstanden har p\u00e5virket karrieren hans.\u00a0<\/p>\n<p>\n    SUPERSTJERNE: Sangfuglen Robbie Williams r\u00f8per at han lever med Tourettes syndrom. Foto: Dave Hogan\/Hogan Media\/Shutterstock\/NTB\n  <\/p>\n<p class=\"no_italic m-no_italic\" data-lab-italic=\"\">Artisten Robbie Williams (50) avsl\u00f8rer i et nytt intervju at han lever med Tourettes syndrom.<\/p>\n<p>    <a itemprop=\"url\" href=\"https:\/\/www.seher.no\/kjendis\/deler-hjerteskjaerende-melding\/83365191\" rel=\"nofollow noopener\" target=\"_blank\"><\/p>\n<p>      <img loading=\"lazy\" decoding=\"async\" src=\"https:\/\/www.europesays.com\/no\/wp-content\/uploads\/2025\/10\/83364944.webp\" width=\"147\" height=\"98\" title=\"Deler hjerteskj\u00e6rende melding\" alt=\"\" class=\"lazyload\" style=\"--aspect-ratio-image: 1.50; \"\/><\/p>\n<p>        Deler hjerteskj\u00e6rende melding<\/p>\n<p>    <\/a><\/p>\n<p>I en ny episode av podkasten \u00abI&#8217;m ADHD! No You&#8217;re Not\u00bb forteller musikeren at han nylig tok en autisme-test, som kom tilbake negativ, men avsl\u00f8rte \u00abautistiske trekk\u00bb og angst.<\/p>\n<p class=\"font-weight-bold m-font-weight-bold\" data-lab-font_weight=\"font-weight-bold\">Her kommer det ogs\u00e5 frem at han har f\u00e5tt Tourettes syndrom.<\/p>\n<p>&#8211; Jeg har nettopp innsett at jeg har Tourettes, men de kommer ikke ut. Det er p\u00e5trengende tanker som skjer. Jeg gikk bare nedover veien for noen dager siden, og jeg inns\u00e5 at disse p\u00e5trengende tankene er indre Tourettes. Det kommer bare ikke ut, forteller Williams i podkasten.<\/p>\n<p>        AVSL\u00d8RER: Robbie Williams forteller nylig om et lite uhell som skjedde ombord p\u00e5 et fly i fjor. Bilder: Scanpix. Reporter: Celina Morken<\/p>\n<p> If\u00f8lge\u00a0<a href=\"https:\/\/www.helsenorge.no\/sykdom\/utviklingsforstyrrelser\/tourettes-syndrom\/\" rel=\"nofollow noopener\" target=\"_blank\">Helse Norge<\/a>\u00a0er Tourettes syndrom en tilstand med tilbakevendende tics. Et tic er en ufrivillig, plutselig, rask, gjentagende, ikke-rytmisk bevegelse eller lyd.\u00a0Mange kan beskrive en sensorisk trang\/forvarsel f\u00f8r en tic. Dette kan oppleves som for eksempel kl\u00f8e, ubehag eller et indre press. <\/p>\n<p>    <a itemprop=\"url\" href=\"https:\/\/www.seher.no\/kjendis\/det-er-rart-a-vaere-voksen\/83343739\" rel=\"nofollow noopener\" target=\"_blank\"><\/p>\n<p>      <img loading=\"lazy\" decoding=\"async\" src=\"https:\/\/www.europesays.com\/no\/wp-content\/uploads\/2025\/10\/83343913.webp\" width=\"980\" height=\"441\" title=\"- Det er rart \u00e5 v\u00e6re voksen\" alt=\"\" class=\"lazyload\" style=\"--aspect-ratio-image: 2.22; \"\/><\/p>\n<p>        &#8211; Det er rart \u00e5 v\u00e6re voksen<\/p>\n<p>    <\/a><\/p>\n<p>Popstjernen sier at tilstanden er \u00abp\u00e5trengende\u00bb, med utbrudd som holdes inne. Tankene er if\u00f8lge Williams s\u00e5 intense at ikke engang opptredener foran tusenvis av ropende fans kan overd\u00f8ve dem.<\/p>\n<p> Williams forklarer ogs\u00e5 at hans mentale helse har p\u00e5virket turn\u00e9er og liveopptreder i stor grad, og innr\u00f8mmer at han fortsatt sliter med \u00e5 turn\u00e9livet.\u00a0<\/p>\n<p>&#8211; Jeg har et veldig komplisert forhold til \u00e5 turnere og opptre live. Folk sier: \u00ab\u00c5, skal du p\u00e5 turn\u00e9? Du m\u00e5 v\u00e6re veldig, veldig spent.\u00bb Ikke egentlig. Jeg er livredd, ikke sant? Jeg er livredd, sier han.\u00a0<\/p>\n<p>        \u00abSKAL VI DANSE\u00bb: Vi har tatt en titt p\u00e5 noen av de villeste \u00f8yeblikkene fra inn- og utland. Video: \u00abDancing with the Stars\u00bb\/ABC, \u00abSkal vi danse\u00bb\/TV 2, \u00abLet&#8217;s Dance\u00bb &#8211; TV 4, \u00abBailando por un Sue\u00f1o\u00bb &#8211; El Trece.<\/p>\n<p> Williams, som tidligere er diagnostisert med ADHD og har kjempet mot flere avhengigheter siden han ble kjent p\u00e5 begynnelsen av 90-tallet, har tidligere v\u00e6rt gjennom flere rehabiliteringsopphold. <\/p>\n<p> Han har v\u00e6rt en ettertraktet mann helt siden han slo gjennom med Take That p\u00e5 90-tallet og senere som soloartist. Han st\u00e5r ogs\u00e5 bak en rekke listetoppere, slik som \u00abAngels\u00bb, \u00abFeel\u00bb og \u00abCandy\u00bb.<\/p>\n<p>I 2010 giftet han seg med skuespiller Ayda Field (46), og sammen deler de fire barn: Theodora Rose (12), Charlton Valentine (10), Colette Josephine (6), and Beau Benedict Enthoven (4). <\/p>\n","protected":false},"excerpt":{"rendered":"Robbie Williams: Sangstjernen innr\u00f8mmer at tilstanden har p\u00e5virket karrieren hans.\u00a0 SUPERSTJERNE: Sangfuglen Robbie Williams r\u00f8per at han lever&hellip;\n","protected":false},"author":2,"featured_media":50126,"comment_status":"","ping_status":"","sticky":false,"template":"","format":"standard","meta":{"footnotes":""},"categories":[58],"tags":[4982,71,479,2543,30,28,29,1313,7729,72],"class_list":{"0":"post-50125","1":"post","2":"type-post","3":"status-publish","4":"format-standard","5":"has-post-thumbnail","7":"category-underholdning","8":"tag-apner-opp","9":"tag-entertainment","10":"tag-kjendis","11":"tag-kjendisdesken","12":"tag-no","13":"tag-norge","14":"tag-norway","15":"tag-robbie-williams","16":"tag-tourettes-syndrom","17":"tag-underholdning"},"share_on_mastodon":{"url":"","error":""},"_links":{"self":[{"href":"https:\/\/www.europesays.com\/no\/wp-json\/wp\/v2\/posts\/50125","targetHints":{"allow":["GET"]}}],"collection":[{"href":"https:\/\/www.europesays.com\/no\/wp-json\/wp\/v2\/posts"}],"about":[{"href":"https:\/\/www.europesays.com\/no\/wp-json\/wp\/v2\/types\/post"}],"author":[{"embeddable":true,"href":"https:\/\/www.europesays.com\/no\/wp-json\/wp\/v2\/users\/2"}],"replies":[{"embeddable":true,"href":"https:\/\/www.europesays.com\/no\/wp-json\/wp\/v2\/comments?post=50125"}],"version-history":[{"count":0,"href":"https:\/\/www.europesays.com\/no\/wp-json\/wp\/v2\/posts\/50125\/revisions"}],"wp:featuredmedia":[{"embeddable":true,"href":"https:\/\/www.europesays.com\/no\/wp-json\/wp\/v2\/media\/50126"}],"wp:attachment":[{"href":"https:\/\/www.europesays.com\/no\/wp-json\/wp\/v2\/media?parent=50125"}],"wp:term":[{"taxonomy":"category","embeddable":true,"href":"https:\/\/www.europesays.com\/no\/wp-json\/wp\/v2\/categories?post=50125"},{"taxonomy":"post_tag","embeddable":true,"href":"https:\/\/www.europesays.com\/no\/wp-json\/wp\/v2\/tags?post=50125"}],"curies":[{"name":"wp","href":"https:\/\/api.w.org\/{rel}","templated":true}]}}