{"id":50213,"date":"2025-10-01T16:05:09","date_gmt":"2025-10-01T16:05:09","guid":{"rendered":"https:\/\/www.europesays.com\/no\/50213\/"},"modified":"2025-10-01T16:05:09","modified_gmt":"2025-10-01T16:05:09","slug":"line-schoyen-andersen-om-musikkdrommen-og-foreldrenes-stotte","status":"publish","type":"post","link":"https:\/\/www.europesays.com\/no\/50213\/","title":{"rendered":"Line Sch\u00f8yen Andersen om musikkdr\u00f8mmen og foreldrenes st\u00f8tte"},"content":{"rendered":"<p class=\"kicker \" style=\"\">Line Sch\u00f8yen Andersen:<\/p>\n<p>  \u00abA-laget\u00bb-profilen har et \u00f8nske om g\u00e5 i foreldrenes fotspor. N\u00e5 \u00e5pner hun opp om den store dr\u00f8mmen.\u00a0<\/p>\n<p>\n    STOR ST\u00d8TTE: Hege Sch\u00f8yen og Line Sch\u00f8yen Andersen p\u00e5 premieren av \u00abBook of Mormon\u00bb p\u00e5 Folketeateret. Foto: Andreas Fadum\/Se og H\u00f8r\n  <\/p>\n<p>Gjennom NRK-serien \u00abA-laget\u00bb har Line Sch\u00f8yen Andersen (40) blitt et kjent ansikt over hele landet.\u00a0<\/p>\n<p>Reporterne i serien er et knippe mennesker med ulike funksjonsvariasjoner, og de er ikke redde for \u00e5 stille de kjente gjestene til veggs med sine ukonvensjonelle og tidvis n\u00e5del\u00f8se sp\u00f8rsm\u00e5l.<\/p>\n<p>    <a itemprop=\"url\" href=\"https:\/\/www.seher.no\/kjendis\/jeg-er-en-veldig-stolt-pappa\/83660558\" rel=\"nofollow noopener\" target=\"_blank\"><\/p>\n<p>      <img loading=\"lazy\" decoding=\"async\" src=\"https:\/\/www.europesays.com\/no\/wp-content\/uploads\/2025\/10\/83660605.webp\" width=\"980\" height=\"441\" title=\"- Jeg er en veldig stolt pappa\" alt=\"\" class=\"lazyload\" style=\"--aspect-ratio-image: 2.22; \"\/><\/p>\n<p>        &#8211; Jeg er en veldig stolt pappa<\/p>\n<p>    <\/a><\/p>\n<p>I disse dager er hun aktuell med en ny sesong av NRK-suksessen, der fotballspiller <a href=\"https:\/\/www.dagbladet.no\/sport\/apner-opp-helt-forferdelig\/83659504\" rel=\"nofollow noopener\" target=\"_blank\">Erling Braut Haaland (25)<\/a>\u00a0er f\u00f8rst ut i ilden. Men n\u00e5r hun ikke intervjuer kjendiser synger hun i bandet Dissimilis, og i fjor ga hun ut sin aller f\u00f8rste l\u00e5t kalt <a href=\"https:\/\/open.spotify.com\/album\/2KSCjUu09p7IQPn5rX56I2?si=IMayKfvJSTGMEjHWMdY8DQ\" rel=\"nofollow noopener\" target=\"_blank\">\u00abBare v\u00e6re meg selv\u00bb<\/a>.<\/p>\n<p>I et nytt intervju med <a href=\"https:\/\/www.klikk.no\/underholdning\/a-laget-line-schoyen-andersen-mamma-og-pappa-er-viktige-7563598\" rel=\"nofollow noopener\" target=\"_blank\">Her &amp; N\u00e5<\/a> forteller Line at hun allerede i ung alder hadde en dr\u00f8m om \u00e5 bli en stor stjerne.<\/p>\n<p>        AVSL\u00d8RER: \u00abA-laget\u00bb f\u00e5r den ellers s\u00e5 private Erling Braut Haaland til \u00e5 lette p\u00e5 sl\u00f8ret om han og kj\u00e6resten Isabel Haugseng Johansen. Video: NRK TV\/ Thea Hope\/ R\u00f8d L\u00f8per<\/p>\n<p>&#8211; Litt rart i starten\t<\/p>\n<p>N\u00e5r Line snakker om foreldrene sine, er det med stor takknemlighet, og hun legger heller ikke skjul p\u00e5 at foreldrene st\u00e5r \u00f8verst p\u00e5 listen over st\u00f8ttespillere.<\/p>\n<p>&#8211; Det m\u00e5 v\u00e6re mamma og pappa, sl\u00e5r hun fast.\u00a0<\/p>\n<p>          <img loading=\"lazy\" decoding=\"async\" src=\"https:\/\/www.europesays.com\/no\/wp-content\/uploads\/2025\/10\/83667206.webp\" width=\"686\" height=\"460\" title=\"FAMILIE: Hege Sch\u00f8yen og ektemannen Arild Andersen sammen med barna Line og Jakob i 2001. Foto: Se og H\u00f8r\" alt=\"\" class=\"\" style=\"--aspect-ratio-image: 1.49; \"\/><\/p>\n<p>\n          FAMILIE: Hege Sch\u00f8yen og ektemannen Arild Andersen sammen med barna Line og Jakob i 2001. Foto: Se og H\u00f8r\n      <\/p>\n<p>Stjernskuddet er datter til\u00a0komiker og skuespiller Hege Sch\u00f8yen (68) og jazzmusiker Arild Andersen (73). At hun selv har blitt et kjent ansikt, tror hun ikke p\u00e5virker dem s\u00e5 mye. <\/p>\n<p>&#8211; Mamma er jo litt kjent fra f\u00f8r.\u00a0Vi syntes det var litt rart i starten, men n\u00e5 er de veldig vant til det. Og de vet jo at jeg er ganske rolig p\u00e5 det, at det ikke g\u00e5r meg til hodet, forteller Line.<\/p>\n<p>    <a itemprop=\"url\" href=\"https:\/\/www.seher.no\/kjendis\/hun-sjekket-opp-meg\/83659791\" rel=\"nofollow noopener\" target=\"_blank\"><\/p>\n<p>      <img loading=\"lazy\" decoding=\"async\" src=\"https:\/\/www.europesays.com\/no\/wp-content\/uploads\/2025\/10\/1759334709_184_83659874.webp\" width=\"980\" height=\"441\" title=\"- Hun sjekket opp meg\" alt=\"\" class=\"lazyload\" style=\"--aspect-ratio-image: 2.22; \"\/><\/p>\n<p>        &#8211; Hun sjekket opp meg<\/p>\n<p>    <\/a><\/p>\n<p>Dr\u00f8mmen om \u00e5 st\u00e5 p\u00e5 en scene kom i tidlig alder, og Line har alltid likt \u00e5 prate foran kamera &#8211; blant annet gjennom\u00a0videobloggen \u00abLines hj\u00f8rne\u00bb, som hun har drevet i 13 \u00e5r.\u00a0<\/p>\n<p>Hun dr\u00f8mmer ogs\u00e5 om \u00e5 jobbe videre med det som betyr aller mest &#8211; musikken:\u00a0<\/p>\n<p>        A-LAGET: Herman Flesvig blir overrasket av egen l\u00e5t i den nye NRK-serien \u00abA-laget\u00bb. Video: R\u00f8d L\u00f8per<\/p>\n<p>&#8211; Musikk betyr alt for meg. Jeg dr\u00f8mmer om \u00e5 drive mer med musikk og kanskje en dag vinne en MTV Award. Det hadde v\u00e6rt helt vilt, forteller hun til ukebladet.<\/p>\n","protected":false},"excerpt":{"rendered":"Line Sch\u00f8yen Andersen: \u00abA-laget\u00bb-profilen har et \u00f8nske om g\u00e5 i foreldrenes fotspor. N\u00e5 \u00e5pner hun opp om den&hellip;\n","protected":false},"author":2,"featured_media":50214,"comment_status":"","ping_status":"","sticky":false,"template":"","format":"standard","meta":{"footnotes":""},"categories":[58],"tags":[71,7744,479,7745,30,28,29,72],"class_list":{"0":"post-50213","1":"post","2":"type-post","3":"status-publish","4":"format-standard","5":"has-post-thumbnail","7":"category-underholdning","8":"tag-entertainment","9":"tag-hege-schoyen","10":"tag-kjendis","11":"tag-line-schoyen-andersen","12":"tag-no","13":"tag-norge","14":"tag-norway","15":"tag-underholdning"},"share_on_mastodon":{"url":"","error":""},"_links":{"self":[{"href":"https:\/\/www.europesays.com\/no\/wp-json\/wp\/v2\/posts\/50213","targetHints":{"allow":["GET"]}}],"collection":[{"href":"https:\/\/www.europesays.com\/no\/wp-json\/wp\/v2\/posts"}],"about":[{"href":"https:\/\/www.europesays.com\/no\/wp-json\/wp\/v2\/types\/post"}],"author":[{"embeddable":true,"href":"https:\/\/www.europesays.com\/no\/wp-json\/wp\/v2\/users\/2"}],"replies":[{"embeddable":true,"href":"https:\/\/www.europesays.com\/no\/wp-json\/wp\/v2\/comments?post=50213"}],"version-history":[{"count":0,"href":"https:\/\/www.europesays.com\/no\/wp-json\/wp\/v2\/posts\/50213\/revisions"}],"wp:featuredmedia":[{"embeddable":true,"href":"https:\/\/www.europesays.com\/no\/wp-json\/wp\/v2\/media\/50214"}],"wp:attachment":[{"href":"https:\/\/www.europesays.com\/no\/wp-json\/wp\/v2\/media?parent=50213"}],"wp:term":[{"taxonomy":"category","embeddable":true,"href":"https:\/\/www.europesays.com\/no\/wp-json\/wp\/v2\/categories?post=50213"},{"taxonomy":"post_tag","embeddable":true,"href":"https:\/\/www.europesays.com\/no\/wp-json\/wp\/v2\/tags?post=50213"}],"curies":[{"name":"wp","href":"https:\/\/api.w.org\/{rel}","templated":true}]}}