{"id":50219,"date":"2025-10-01T16:17:10","date_gmt":"2025-10-01T16:17:10","guid":{"rendered":"https:\/\/www.europesays.com\/no\/50219\/"},"modified":"2025-10-01T16:17:10","modified_gmt":"2025-10-01T16:17:10","slug":"naboer-til-skuddutvekslingen-i-sarpsborg-jeg-er-sjokkert","status":"publish","type":"post","link":"https:\/\/www.europesays.com\/no\/50219\/","title":{"rendered":"Naboer til skuddutvekslingen i Sarpsborg: \u2013 Jeg er sjokkert"},"content":{"rendered":"\n<p class=\"_paragraph_1994c_4 _paragraph_xtcu6_10 layout-component text-serif-m layout-normal text-serif-m layout-padded\">Tirsdag kveld ble det l\u00f8snet skudd utenfor en bolig i <a href=\"https:\/\/www.vg.no\/tag\/sarpsborg?utm_source=vg-article&amp;utm_medium=auto-tagger&amp;utm_campaign=1MmLjB\" class=\"_link_1994c_39\" rel=\"nofollow noopener\" target=\"_blank\">Sarpsborg<\/a>. Saken etterforskes i forbindelse med de to <a href=\"https:\/\/www.vg.no\/nyheter\/i\/jQojBA\/pilestredet-eksplosjonen-politiet-mener-at-guttene-hadde-granatene-med-seg-paa-bussen\" data-track-element-type=\"Link\" data-track-id=\"link:jQojBA\" class=\"_link_1994c_39\" rel=\"nofollow noopener\" target=\"_blank\">granatene som eksploderte<\/a> p\u00e5 Bislett tirsdag i forrige uke, der to 13-\u00e5ringer ble innbrakt etter eksplosjonen.<\/p>\n<p class=\"_paragraph_1994c_4 _paragraph_xtcu6_10 layout-component text-serif-m layout-normal text-serif-m layout-padded\"><a href=\"https:\/\/www.vg.no\/nyheter\/i\/W0npAr\/granatangrepet-i-oslo-politiet-etterforsker-skudd-i-sarpsborg-de-mener-er-gjort-paa-bestilling\" data-track-element-type=\"Link\" data-track-id=\"link:W0npAr\" class=\"_link_1994c_39\" rel=\"nofollow noopener\" target=\"_blank\">Politiet mener sv\u00e6rt unge personer i begge sakene<\/a> fikk oppdragene og ble rekruttert via sosiale medier. De understreker at det dreier seg om ulike konflikter og oppdrag. <\/p>\n<p class=\"_paragraph_1994c_4 _paragraph_xtcu6_10 layout-component text-serif-m layout-normal text-serif-m layout-padded\">\u2013 Jeg er sjokkert, sier en av de n\u00e6rmeste naboene til stedet skuddvekslingen fant sted til VG. <\/p>\n<p class=\"_paragraph_1994c_4 _paragraph_xtcu6_10 layout-component text-serif-m layout-normal text-serif-m layout-padded\">Dette har skjedd i den nye konflikten:<\/p>\n<ul class=\"_list_1994c_3 _list_xtcu6_9 _unordered_1994c_105 layout-component text-serif-m layout-normal text-serif-m layout-padded\">\n<li class=\"_item_1994c_30\">Politiet tar beslag i to granater, og mener at de klarer \u00e5 avverge det de mener var et sprengningsoppdrag i Sarpsborg<\/li>\n<li class=\"_item_1994c_30\">Tirsdag kveld blir det l\u00f8snet skudd p\u00e5 en annen adresse i Sarpsborg<\/li>\n<li class=\"_item_1994c_30\">Politiet setter disse hendelsene i sammenheng p\u00e5 grunn av personene som er involvert<\/li>\n<\/ul>\n<ul class=\"_gallery_1qa3s_23\" tabindex=\"0\">\n<li class=\"_item_1qa3s_37\" data-index=\"0\"><img decoding=\"async\" class=\"_image_foru8_23 _articleGallery_foru8_39\" data-fullscreen- width=\"5383\" height=\"3588\" itemprop=\"image\" loading=\"lazy\"  src=\"https:\/\/www.europesays.com\/no\/wp-content\/uploads\/2025\/10\/27abdca5-43d9-4619-ba05-7d300093f84f\"  style=\"object-position:50% 50%;aspect-ratio:var(--gallery-aspect-ratio, 16 \/ 9)\"\/>Foto: Helge Mikalsen \/ VG<\/li>\n<li class=\"_item_1qa3s_37\" data-index=\"1\"><img decoding=\"async\" class=\"_image_foru8_23 _articleGallery_foru8_39\" data-fullscreen- width=\"6861\" height=\"4260\" itemprop=\"image\" loading=\"lazy\"  src=\"https:\/\/www.europesays.com\/no\/wp-content\/uploads\/2025\/10\/2e9e41c7-92a8-44b3-81c4-aa9e5fc35a1d\"  style=\"object-position:50% 50%;aspect-ratio:var(--gallery-aspect-ratio, 16 \/ 9)\"\/>Foto: Helge Mikalsen \/ VG<\/li>\n<li class=\"_item_1qa3s_37\" data-index=\"2\"><img decoding=\"async\" class=\"_image_foru8_23 _articleGallery_foru8_39\" data-fullscreen- width=\"5495\" height=\"3713\" itemprop=\"image\" loading=\"lazy\"  src=\"https:\/\/www.europesays.com\/no\/wp-content\/uploads\/2025\/10\/3a5d4ef1-af9f-419a-ab95-fcc3c1b86366\"  style=\"object-position:50% 50%;aspect-ratio:var(--gallery-aspect-ratio, 16 \/ 9)\"\/>Foto: Helge Mikalsen \/ VG<\/li>\n<\/ul>\n<p>Foto: Helge Mikalsen \/ VG<\/p>\n<p class=\"_paragraph_1994c_4 _paragraph_xtcu6_10 layout-component text-serif-m layout-normal text-serif-m layout-padded\">Utenfor huset i Sarpsborg der det ble l\u00f8snet skudd, holder en politipatrulje tirsdag ettermiddag vakt p\u00e5 stedet, mens politiets krimteknikere jobber. <\/p>\n<p class=\"_paragraph_1994c_4 _paragraph_xtcu6_10 layout-component text-serif-m layout-normal text-serif-m layout-padded\">De har satt en stige opp mot taket der det har blitt l\u00f8ftet opp ca. 2\u20133 kvadratmeter med takstein. De fleste naboene er inne i husene sine. <\/p>\n<p>\u2013 S\u00e5 ubehagelig at jeg l\u00e5ste d\u00f8ra<\/p>\n<p class=\"_paragraph_1994c_4 _paragraph_xtcu6_10 layout-component text-serif-m layout-normal text-serif-m layout-padded\">Nabokvinnen beskriver overfor VG omr\u00e5det som stille og fredelig. Hun h\u00f8rte selv det som kunne h\u00f8res ut som et skudd tirsdag kveld \u2013 men hun tenkte f\u00f8rst at det bare var snakk om en kinaputt. <\/p>\n<p class=\"_paragraph_1994c_4 _paragraph_xtcu6_10 layout-component text-serif-m layout-normal text-serif-m layout-padded\">\u2013 Jeg har aldri h\u00f8rt skudd f\u00f8r, annet enn n\u00e5r folk er p\u00e5 jakt. Men jeg skj\u00f8nner at det var et skudd, sier hun til VG. <\/p>\n<p class=\"_paragraph_1994c_4 _paragraph_xtcu6_10 layout-component text-serif-m layout-normal text-serif-m layout-padded\">Det ble ogs\u00e5 klart da mannen hennes skulle ut og fikse noe like etterp\u00e5. Da s\u00e5 han tre politibiler og masse politifolk og v\u00e5pen, forteller hun. Han beskriver det som dramatisk. <\/p>\n<p><img alt=\"Foto: Bendik Hansen, VG\" class=\"_image_qp4xg_65 layout-component layout-normal\" data-fullscreen- data-track-element-type=\"Article image fullscreen\" data-track-name=\"ImageFullscreen\" decoding=\"async\" loading=\"lazy\" height=\"1668\" itemprop=\"image\"  src=\"https:\/\/www.europesays.com\/no\/wp-content\/uploads\/2025\/10\/98893088-bfc7-4ac1-99eb-33f48000300c\"  style=\"object-position:0% 0%\" width=\"2500\"\/>Foto: Bendik Hansen, VG<\/p>\n<p class=\"_paragraph_1994c_4 _paragraph_xtcu6_10 layout-component text-serif-m layout-normal text-serif-m layout-padded\">Ogs\u00e5 onsdag morgen, da mannen var ute for \u00e5 hente avisen i 10-tiden, s\u00e5 de at omr\u00e5det var sperret av, og at krimteknikere var p\u00e5 stedet. <\/p>\n<p class=\"_paragraph_1994c_4 _paragraph_xtcu6_10 layout-component text-serif-m layout-normal text-serif-m layout-padded\">\u2013 Jeg gikk opp i gata i stad, s\u00e5 h\u00f8rte jeg p\u00e5 nyhetene og satt p\u00e5 TV-en og s\u00e5 pressekonferansen. Det ble s\u00e5 uforst\u00e5elig. Jeg synes det var s\u00e5 ubehagelig at jeg l\u00e5ste d\u00f8ra, sier hun, og forteller at hun ba s\u00f8nnen om \u00e5 se p\u00e5 nyhetene. <\/p>\n<p class=\"_paragraph_1994c_4 _paragraph_xtcu6_10 layout-component text-serif-m layout-normal text-serif-m layout-padded\">\u2013 Det er s\u00e5 uvanlig at noe s\u00e5nt skal skje her, sier kvinnen til VG. <\/p>\n<p>\u2013 Helt forferdelig<\/p>\n<p class=\"_paragraph_1994c_4 _paragraph_xtcu6_10 layout-component text-serif-m layout-normal text-serif-m layout-padded\">En annen nabo forteller til VG at politiet har v\u00e6rt hjemme hos ham og f\u00e5tt tilgang til videokameraer han har i sitt hus.<\/p>\n<p class=\"_paragraph_1994c_4 _paragraph_xtcu6_10 layout-component text-serif-m layout-normal text-serif-m layout-padded\">\u2013 Jeg synes s\u00e5nt noe er helt forferdelig, sier han om det som har skjedd like ved der han bor.<\/p>\n<p>   SA: Forskanset seg i huset<\/p>\n<p class=\"_paragraph_1994c_4 _paragraph_xtcu6_10 layout-component text-serif-m layout-normal text-serif-m layout-padded\"><a href=\"https:\/\/www.sa.no\/nrk-tre-gutter-fra-sarpsborg-innbragt-kobles-til-granatsaken\/s\/5-46-1891913\" class=\"_link_1994c_39\" rel=\"nofollow noopener\" target=\"_blank\">Sarpsborg Arbeiderblad<\/a> har snakket med det som skal v\u00e6re et familiemedlem av de som bodde i huset der det ble l\u00f8snet skudd. Familiemedlemmet forteller avisen at de gjemte seg og forskanset seg i boligen. <\/p>\n<p class=\"_paragraph_1994c_4 _paragraph_xtcu6_10 layout-component text-serif-m layout-normal text-serif-m layout-padded\">Da politiet kom, skal familien ha forlatt huset, if\u00f8lge Sarpsborg Arbeiderblad. De tre guttene p\u00e5 12, 13 og 14 \u00e5r har som har status som siktet etter skuddene ble p\u00e5grepet i n\u00e6rheten av boligen det ble skutt ved.<\/p>\n<p class=\"_paragraph_1994c_4 _paragraph_xtcu6_10 layout-component text-serif-m layout-normal text-serif-m layout-padded\">\u2013 De tre som ble innbrakt etter skyteepisoden tirsdag kveld er ikke fra<br \/>Sarpsborg. De kommer fra andre steder p\u00e5 \u00d8stlandet, sier<br \/>politistasjonssjefen til<a href=\"https:\/\/www.sa.no\/de-siktede-guttene-er-ikke-fra-sarpsborg-ingen-grunn-til-a-vare-bekymret\/s\/5-46-1892010\" class=\"_link_1994c_39\" rel=\"nofollow noopener\" target=\"_blank\"> avisen.<\/a><\/p>\n<p>Dette har skjedd<\/p>\n<ul class=\"_list_1994c_3 _list_xtcu6_9 _list_16v91_9 _unordered_1994c_105 layout-component text-serif-m layout-normal text-sans-m layout-padded\">\n<li class=\"_item_1994c_30\"><strong class=\"_strong_1994c_25\">15.09.25:<\/strong> En 24 \u00e5r gammel mann kidnappes p\u00e5 Lindeberg\u00e5sen i Oslo kl. 20.15. Familien f\u00e5r senere en trusselmelding fra noen som knytter seg til Foxtrot, f\u00e5r VG opplyst. Den kriminelle gjengen krever 15\u201320 mill. kroner.<\/li>\n<li class=\"_item_1994c_30\"><strong class=\"_strong_1994c_25\">19.09.25: <\/strong>Politiet f\u00e5r vite at den kidnappede 24-\u00e5ringen er fri igjen \u2013 uten alvorlige skader. If\u00f8lge VGs opplysninger ble han fraktet til Danmark.<\/li>\n<li class=\"_item_1994c_30\"><strong class=\"_strong_1994c_25\">23.09.25:<\/strong> Rundt kl. 20.40 eksploderer en granat utenfor en neglesalong i Pilestredet i Oslo. Eier av salongen er i familie med den kidnappede 24-\u00e5ringen. Politiet p\u00e5griper to 13 \u00e5r gamle gutter for eksplosjonen.<\/li>\n<li class=\"_item_1994c_30\"><strong class=\"_strong_1994c_25\">26.09.25: <\/strong>Politiet p\u00e5griper en 31 \u00e5r gammel mann som de mener overleverte granater til \u00e9n av de 13 \u00e5r gamle guttene dagen f\u00f8r eksplosjonen i Pilestredet.<\/li>\n<li class=\"_item_1994c_30\"><strong class=\"_strong_1994c_25\">30.09.25:<\/strong> Det avfyres ett skudd utenfor en bolig i Sarpsborg. Tre gutter p\u00e5 12, 13 og 14 \u00e5r blir tatt av politiet i omr\u00e5det. Politiet beslaglegger ogs\u00e5 et skytev\u00e5pen. Senere p\u00e5gripes en 15 \u00e5r gammel gutt.<\/li>\n<li class=\"_item_1994c_30\"><strong class=\"_strong_1994c_25\">01.10.25:<\/strong> Politiet opplyser p\u00e5 pressekonferanse at de mener 31-\u00e5ringen har levert granater til unge gutter i Oslo og Sarpsborg. Politiet mener de avverget et granat-angrep i Sarpsborg, men at det senere ble brukt skytev\u00e5pen.<\/li>\n<\/ul>\n<p>Vis mer<\/p>\n<p class=\"_paragraph_1994c_4 _paragraph_xtcu6_10 layout-component text-serif-m layout-normal text-serif-m layout-padded\">De tre guttene p\u00e5 12, 13 og 14 \u00e5r har status som siktetsiktetEn person som er formelt mistenkt for \u00e5 ha beg\u00e5tt en kriminell handling og som er under etterforskning. etter skuddene i Sarpsborg. Onsdag formiddag ble ytterligere en gutt p\u00e5 15 \u00e5r p\u00e5grepet i saken, opplyste politiinspekt\u00f8r Grete Metlid <a href=\"https:\/\/www.vg.no\/nyheter\/i\/W0npAr\/granatangrepet-i-oslo-politiet-etterforsker-skudd-i-sarpsborg-de-mener-er-gjort-paa-bestilling\" data-track-element-type=\"Link\" data-track-id=\"link:W0npAr\" class=\"_link_1994c_39\" rel=\"nofollow noopener\" target=\"_blank\">p\u00e5 en pressekonferanse tidligere onsdag.<\/a><\/p>\n<p class=\"_paragraph_1994c_4 _paragraph_xtcu6_10 layout-component text-serif-m layout-normal text-serif-m layout-padded\">15-\u00e5ringen erkjenner ikke straffskyld, opplyser forsvarer Sille Heidar.<\/p>\n<p class=\"_paragraph_1994c_4 _paragraph_xtcu6_10 layout-component text-serif-m layout-normal text-serif-m layout-padded\">Advokat Armin Khoshnewiszadeh i Elden Advokatfirma bekrefter at han bist\u00e5r en av de siktede, men \u00f8nsker ikke \u00e5 kommentere saken p\u00e5 n\u00e5v\u00e6rende tidspunkt.<\/p>\n<p class=\"_paragraph_1994c_4 _paragraph_xtcu6_10 layout-component text-serif-m layout-normal text-serif-m layout-padded\">P\u00e5 sp\u00f8rsm\u00e5l om politiet mener det er samme bakmenn i saken i Pilestredet og sakene i Sarpsborg, svarer politiadvokat Henrik R\u00e5dal.<\/p>\n<p class=\"_paragraph_1994c_4 _paragraph_xtcu6_10 layout-component text-serif-m layout-normal text-serif-m layout-padded\">\u2013 Det er det vi jobber med \u00e5 avklare. Vi mener det er sannsynlig at det er bakmenn p\u00e5 tilsvarende m\u00e5te i sakene.<\/p>\n","protected":false},"excerpt":{"rendered":"Tirsdag kveld ble det l\u00f8snet skudd utenfor en bolig i Sarpsborg. Saken etterforskes i forbindelse med de to&hellip;\n","protected":false},"author":2,"featured_media":50220,"comment_status":"","ping_status":"","sticky":false,"template":"","format":"standard","meta":{"footnotes":""},"categories":[5],"tags":[20,21,7746,24,25,7060,15,19,22,23,17,18,13,30,28,29,14,636,16,254,812,26,27],"class_list":{"0":"post-50219","1":"post","2":"type-post","3":"status-publish","4":"format-standard","5":"has-post-thumbnail","7":"category-overskrifter","8":"tag-breaking-news","9":"tag-breakingnews","10":"tag-etterforsking","11":"tag-featured-news","12":"tag-featurednews","13":"tag-granatangrepet-i-pilestredet","14":"tag-headlines","15":"tag-hovedoppslag","16":"tag-latest-news","17":"tag-latestnews","18":"tag-main-news","19":"tag-mainnews","20":"tag-news","21":"tag-no","22":"tag-norge","23":"tag-norway","24":"tag-nyheter","25":"tag-oslo","26":"tag-overskrifter","27":"tag-politi","28":"tag-sarpsborg","29":"tag-top-stories","30":"tag-topstories"},"share_on_mastodon":{"url":"","error":""},"_links":{"self":[{"href":"https:\/\/www.europesays.com\/no\/wp-json\/wp\/v2\/posts\/50219","targetHints":{"allow":["GET"]}}],"collection":[{"href":"https:\/\/www.europesays.com\/no\/wp-json\/wp\/v2\/posts"}],"about":[{"href":"https:\/\/www.europesays.com\/no\/wp-json\/wp\/v2\/types\/post"}],"author":[{"embeddable":true,"href":"https:\/\/www.europesays.com\/no\/wp-json\/wp\/v2\/users\/2"}],"replies":[{"embeddable":true,"href":"https:\/\/www.europesays.com\/no\/wp-json\/wp\/v2\/comments?post=50219"}],"version-history":[{"count":0,"href":"https:\/\/www.europesays.com\/no\/wp-json\/wp\/v2\/posts\/50219\/revisions"}],"wp:featuredmedia":[{"embeddable":true,"href":"https:\/\/www.europesays.com\/no\/wp-json\/wp\/v2\/media\/50220"}],"wp:attachment":[{"href":"https:\/\/www.europesays.com\/no\/wp-json\/wp\/v2\/media?parent=50219"}],"wp:term":[{"taxonomy":"category","embeddable":true,"href":"https:\/\/www.europesays.com\/no\/wp-json\/wp\/v2\/categories?post=50219"},{"taxonomy":"post_tag","embeddable":true,"href":"https:\/\/www.europesays.com\/no\/wp-json\/wp\/v2\/tags?post=50219"}],"curies":[{"name":"wp","href":"https:\/\/api.w.org\/{rel}","templated":true}]}}