{"id":50231,"date":"2025-10-01T16:37:10","date_gmt":"2025-10-01T16:37:10","guid":{"rendered":"https:\/\/www.europesays.com\/no\/50231\/"},"modified":"2025-10-01T16:37:10","modified_gmt":"2025-10-01T16:37:10","slug":"sundt-flyer-vagan-tilbake-i-drift-men-uten-dykkerberedskap","status":"publish","type":"post","link":"https:\/\/www.europesays.com\/no\/50231\/","title":{"rendered":"Sundt flyer, V\u00e5gan | Tilbake i drift \u2013 men uten dykkerberedskap"},"content":{"rendered":"\n<p>Det melder Redningsselskapet i en pressemelding.<\/p>\n<p><b>\u2013 \u00abDet Norske Veritas\u00bb p\u00e5 Ballstad, som deltok i redningsoppdraget i Nappstraumen fredag, er tilbake i operativ beredskap fra og med onsdag \u2013 men inntil videre uten dykkerberedskap, opplyser selskapet.<\/b><\/p>\n<p>Redningsselskapet innf\u00f8rte en midlertidig stans i dykkerberedskap fra redningssk\u00f8ytene natt til l\u00f8rdag 27. september.<\/p>\n<p>Dykkerutstyret som var i bruk under ulykken ble tatt i bruk i mars i \u00e5r og er rutinemessig beslaglagt av politiet og sendt til unders\u00f8kelse.<\/p>\n<p><b>\u2013 \u00c5rsaken til ulykken er enn\u00e5 ikke kjent, men som et f\u00f8re var-tiltak har Redningsselskapet valgt \u00e5 midlertidig stoppe all dykking inntil \u00e5rsaksforholdene er klarlagt og vi er sikre p\u00e5 at dykking kan gjennomf\u00f8res p\u00e5 en trygg m\u00e5te, redegj\u00f8r Redningsselskapet.<\/b><\/p>\n<p>\u2013 Vi har ingen indikasjoner p\u00e5 at det var feil p\u00e5 v\u00e5rt dykkerutstyr, men vi gjenopptar ikke dykking f\u00f8r dette er endelig bekreftet, sier Gorm Hillgaar, maritim direkt\u00f8r i Redningsselskapet.<\/p>\n<p>Den midlertidige stansen vil bli tatt opp til ny vurdering s\u00e5 snart Redningsselskapet er sikker p\u00e5 at dykking kan gjennomf\u00f8res p\u00e5 en trygg m\u00e5te. Alle andre funksjoner er p\u00e5 v\u00e5re sk\u00f8yter fullt operative. Dette inkluderer ogs\u00e5 overflateredning.<\/p>\n<p>  <a href=\"https:\/\/www.lofotposten.no\/5-29-1236036\" class=\"related-teaser has-image default-story-teaser article--c-eRUmMG article--c-eRUmMG-jKCPdD-design-default\" rel=\"nofollow noopener\" target=\"_blank\"><\/p>\n<p>    <img decoding=\"async\" loading=\"lazy\"  src=\"https:\/\/www.europesays.com\/no\/wp-content\/uploads\/2025\/10\/Sundt+Flyer+.jpg\" alt=\"\" class=\"brick-c-cFOWSL\" style=\"\"\/><\/p>\n<p>\n            Les ogs\u00e5<\/p>\n<p>              Redningssk\u00f8yta fikk \u00abblackout\u00bb \u2013 mannskapet rykket ut i privatbiler\n        <\/p>\n<p>  <\/a><\/p>\n","protected":false},"excerpt":{"rendered":"Det melder Redningsselskapet i en pressemelding. \u2013 \u00abDet Norske Veritas\u00bb p\u00e5 Ballstad, som deltok i redningsoppdraget i Nappstraumen&hellip;\n","protected":false},"author":2,"featured_media":50232,"comment_status":"","ping_status":"","sticky":false,"template":"","format":"standard","meta":{"footnotes":""},"categories":[10],"tags":[36,20,21,24,25,15,22,23,13,30,28,29,14,16,7170,1510,7747,1457,26,27,1459],"class_list":{"0":"post-50231","1":"post","2":"type-post","3":"status-publish","4":"format-standard","5":"has-post-thumbnail","7":"category-norge","8":"tag-art","9":"tag-breaking-news","10":"tag-breakingnews","11":"tag-featured-news","12":"tag-featurednews","13":"tag-headlines","14":"tag-latest-news","15":"tag-latestnews","16":"tag-news","17":"tag-no","18":"tag-norge","19":"tag-norway","20":"tag-nyheter","21":"tag-overskrifter","22":"tag-redningsskoyta","23":"tag-story","24":"tag-sundt-flyer","25":"tag-svolvaer","26":"tag-top-stories","27":"tag-topstories","28":"tag-vagan"},"share_on_mastodon":{"url":"","error":""},"_links":{"self":[{"href":"https:\/\/www.europesays.com\/no\/wp-json\/wp\/v2\/posts\/50231","targetHints":{"allow":["GET"]}}],"collection":[{"href":"https:\/\/www.europesays.com\/no\/wp-json\/wp\/v2\/posts"}],"about":[{"href":"https:\/\/www.europesays.com\/no\/wp-json\/wp\/v2\/types\/post"}],"author":[{"embeddable":true,"href":"https:\/\/www.europesays.com\/no\/wp-json\/wp\/v2\/users\/2"}],"replies":[{"embeddable":true,"href":"https:\/\/www.europesays.com\/no\/wp-json\/wp\/v2\/comments?post=50231"}],"version-history":[{"count":0,"href":"https:\/\/www.europesays.com\/no\/wp-json\/wp\/v2\/posts\/50231\/revisions"}],"wp:featuredmedia":[{"embeddable":true,"href":"https:\/\/www.europesays.com\/no\/wp-json\/wp\/v2\/media\/50232"}],"wp:attachment":[{"href":"https:\/\/www.europesays.com\/no\/wp-json\/wp\/v2\/media?parent=50231"}],"wp:term":[{"taxonomy":"category","embeddable":true,"href":"https:\/\/www.europesays.com\/no\/wp-json\/wp\/v2\/categories?post=50231"},{"taxonomy":"post_tag","embeddable":true,"href":"https:\/\/www.europesays.com\/no\/wp-json\/wp\/v2\/tags?post=50231"}],"curies":[{"name":"wp","href":"https:\/\/api.w.org\/{rel}","templated":true}]}}