{"id":50234,"date":"2025-10-01T16:43:09","date_gmt":"2025-10-01T16:43:09","guid":{"rendered":"https:\/\/www.europesays.com\/no\/50234\/"},"modified":"2025-10-01T16:43:09","modified_gmt":"2025-10-01T16:43:09","slug":"nederlag-for-trump-far-nei","status":"publish","type":"post","link":"https:\/\/www.europesays.com\/no\/50234\/","title":{"rendered":"Nederlag for Trump: F\u00e5r nei"},"content":{"rendered":"<p>  Foresp\u00f8rselen om \u00e5 sparke Fed-topp Lisa Cook, er avvist.<\/p>\n<p>\n    Donald Trump f\u00e5r ikke gr\u00f8nt lys fra H\u00f8yesterett til \u00e5 avskjedige sentralbanksjef Lisa Cook. Saken skal opp til muntlig behandling i januar. Foto: NTB\n  <\/p>\n<p>I midten av september ba USAs president Donald Trump H\u00f8yesterett om gr\u00f8nt lys til \u00e5 sparke styremedlem i den amerikanske sentralbanken, Lisa Cook.<\/p>\n<p>N\u00e5 skriver <a href=\"https:\/\/www.ft.com\/content\/0430b348-d7da-439c-aa31-f8c0fedec9d3\" rel=\"nofollow noopener\" target=\"_blank\">Financial Times<\/a> at H\u00f8yesterett nekter \u00e5 la Donald Trump avskjedige Cook og at foresp\u00f8rselen er avvist.\u00a0<\/p>\n<p>    <a itemprop=\"url\" href=\"https:\/\/borsen.dagbladet.no\/nyheter\/dukket-plutselig-opp-det-rareste\/83665380\" rel=\"nofollow noopener\" target=\"_blank\"><\/p>\n<p>      <img loading=\"lazy\" decoding=\"async\" src=\"https:\/\/www.europesays.com\/no\/wp-content\/uploads\/2025\/10\/83665396.webp\" width=\"980\" height=\"441\" title=\"Dukket plutselig opp: - Det rareste\" alt=\"\" class=\"lazyload\" style=\"--aspect-ratio-image: 2.22; \"\/><\/p>\n<p>        Dukket plutselig opp: &#8211; Det rareste<\/p>\n<p>    <\/a><\/p>\n<p>Dermed skal saken avgj\u00f8res i januar, da det ventes \u00e5 h\u00f8re muntlige innlegg i saken.<\/p>\n<p class=\"font-weight-bold m-font-weight-bold\" data-lab-font_weight=\"font-weight-bold\">I slutten av august beordret president Trump at Cook skulle fjernes fra styret i Federal Reserve etter anklager om juks med boligl\u00e5n.\u00a0<\/p>\n<p>Trump mener hun har brutt loven ved \u00e5 gi falsk informasjon i en eller flere l\u00e5neavtaler, og han hevder det kan ha gitt henne mulighet til \u00e5 f\u00e5 lavere renter og skattefradrag &#8211; og at dette er tilstrekkelig grunnlag for avskjedigelse.<\/p>\n<p>    <a itemprop=\"url\" href=\"https:\/\/borsen.dagbladet.no\/nyheter\/norsk-industri-blir-rammet\/83662637\" rel=\"nofollow noopener\" target=\"_blank\"><\/p>\n<p>      <img loading=\"lazy\" decoding=\"async\" src=\"https:\/\/www.europesays.com\/no\/wp-content\/uploads\/2025\/10\/1759336989_523_83662655.webp\" width=\"980\" height=\"441\" title=\"Norsk Industri: - Blir rammet\" alt=\"\" class=\"lazyload\" style=\"--aspect-ratio-image: 2.22; \"\/><\/p>\n<p>        Norsk Industri: &#8211; Blir rammet<\/p>\n<p>    <\/a><\/p>\n<p>Cook avviser \u00e5 ha gjort noe galt og gikk til s\u00f8ksm\u00e5l mot Trump og mot sentralbanken Federal Reserve. Hun mener anklagene uansett ikke gir presidenten rett til \u00e5 sparke henne, skriver NTB.<\/p>\n","protected":false},"excerpt":{"rendered":"Foresp\u00f8rselen om \u00e5 sparke Fed-topp Lisa Cook, er avvist. Donald Trump f\u00e5r ikke gr\u00f8nt lys fra H\u00f8yesterett til&hellip;\n","protected":false},"author":2,"featured_media":50235,"comment_status":"","ping_status":"","sticky":false,"template":"","format":"standard","meta":{"footnotes":""},"categories":[12],"tags":[20,21,55,24,25,7748,15,22,23,4218,13,30,28,29,14,16,3971,26,27,50,42,43,44,45],"class_list":{"0":"post-50234","1":"post","2":"type-post","3":"status-publish","4":"format-standard","5":"has-post-thumbnail","7":"category-verden","8":"tag-breaking-news","9":"tag-breakingnews","10":"tag-donald-trump","11":"tag-featured-news","12":"tag-featurednews","13":"tag-fed","14":"tag-headlines","15":"tag-latest-news","16":"tag-latestnews","17":"tag-lisa-cook","18":"tag-news","19":"tag-no","20":"tag-norge","21":"tag-norway","22":"tag-nyheter","23":"tag-overskrifter","24":"tag-sentralbanken","25":"tag-top-stories","26":"tag-topstories","27":"tag-usa","28":"tag-verden","29":"tag-world","30":"tag-world-news","31":"tag-worldnews"},"share_on_mastodon":{"url":"","error":""},"_links":{"self":[{"href":"https:\/\/www.europesays.com\/no\/wp-json\/wp\/v2\/posts\/50234","targetHints":{"allow":["GET"]}}],"collection":[{"href":"https:\/\/www.europesays.com\/no\/wp-json\/wp\/v2\/posts"}],"about":[{"href":"https:\/\/www.europesays.com\/no\/wp-json\/wp\/v2\/types\/post"}],"author":[{"embeddable":true,"href":"https:\/\/www.europesays.com\/no\/wp-json\/wp\/v2\/users\/2"}],"replies":[{"embeddable":true,"href":"https:\/\/www.europesays.com\/no\/wp-json\/wp\/v2\/comments?post=50234"}],"version-history":[{"count":0,"href":"https:\/\/www.europesays.com\/no\/wp-json\/wp\/v2\/posts\/50234\/revisions"}],"wp:featuredmedia":[{"embeddable":true,"href":"https:\/\/www.europesays.com\/no\/wp-json\/wp\/v2\/media\/50235"}],"wp:attachment":[{"href":"https:\/\/www.europesays.com\/no\/wp-json\/wp\/v2\/media?parent=50234"}],"wp:term":[{"taxonomy":"category","embeddable":true,"href":"https:\/\/www.europesays.com\/no\/wp-json\/wp\/v2\/categories?post=50234"},{"taxonomy":"post_tag","embeddable":true,"href":"https:\/\/www.europesays.com\/no\/wp-json\/wp\/v2\/tags?post=50234"}],"curies":[{"name":"wp","href":"https:\/\/api.w.org\/{rel}","templated":true}]}}