{"id":50241,"date":"2025-10-01T16:51:10","date_gmt":"2025-10-01T16:51:10","guid":{"rendered":"https:\/\/www.europesays.com\/no\/50241\/"},"modified":"2025-10-01T16:51:10","modified_gmt":"2025-10-01T16:51:10","slug":"rektor-finn-lea-gar-ut-mot-kravstore-foreldre","status":"publish","type":"post","link":"https:\/\/www.europesays.com\/no\/50241\/","title":{"rendered":"Rektor Finn Lea g\u00e5r ut mot kravstore foreldre"},"content":{"rendered":"\n<ul class=\"_list_1994c_3 _list_64s2r_85 _unordered_1994c_105 text-sans-m\">\n<li class=\"_item_1994c_30\">Rektor Finn Lea ved Kannik skole vil redusere tid brukt p\u00e5 kravstore foreldre.<\/li>\n<li class=\"_item_1994c_30\">Lea oppfordrer foreldre til \u00e5 la elevene ta mer ansvar for eget liv.<\/li>\n<li class=\"_item_1994c_30\">Kunnskapsminister Kari Nessa Nordtun st\u00f8tter budskapet og minner om at l\u00e6rere er profesjonelle fagfolk.<\/li>\n<li class=\"_item_1994c_30\">Elevpappa Roar Ids\u00f8 oppfordrer foreldre til \u00e5 bruke egne l\u00f8sninger for kommunikasjon og melding av frav\u00e6r riktig for \u00e5 unng\u00e5 tidstyver.<\/li>\n<\/ul>\n<p>Vis mer <\/p>\n<p class=\"_paragraph_1994c_4 _paragraph_xtcu6_10 layout-component text-serif-m layout-normal text-serif-m layout-padded\">\u2013 Det har p\u00e5g\u00e5tt altfor lenge: L\u00e6rerne bruker for mye tid p\u00e5 \u00e5 svare p\u00e5 henvendelser som er trivielle og som vi tenker at foreldrene gjerne kan ordne selv. Eller de kan utfordre sitt eget barn med \u00e5 ordne opp i sitt eget liv, sier rektor Finn Lea p\u00e5 Kannik skole i Stavanger til VG.<\/p>\n<p class=\"_paragraph_1994c_4 _paragraph_xtcu6_10 layout-component text-serif-m layout-normal text-serif-m layout-padded\">Det var <a href=\"https:\/\/www.aftenbladet.no\/lokalt\/i\/B0ok1w\/stavanger-skolen-maa-kutte-foreldre-er-en-utrolig-tidstyv\" class=\"_link_1994c_39\" rel=\"nofollow noopener\" target=\"_blank\">Stavanger Aftenblad<\/a> som f\u00f8rst intervjuet Lea om kravstore foreldre.<\/p>\n<p><img alt=\"M\u00d8TTE ERNA: Skoler er popul\u00e6re steder \u00e5 opps\u00f8ke for politikere. I fjor h\u00f8st m\u00f8tte rektor Finn Lea H\u00f8yres leder, Erna Solberg p\u00e5 Kannik skole.  Foto: Gisle Oddstad \/ VG\" class=\"_image_qp4xg_65 layout-component layout-normal\" data-fullscreen- data-track-element-type=\"Article image fullscreen\" data-track-name=\"ImageFullscreen\" decoding=\"async\" loading=\"lazy\" height=\"5376\" itemprop=\"image\"  src=\"https:\/\/www.europesays.com\/no\/wp-content\/uploads\/2025\/10\/84e747fb-ed5a-4ab8-b260-4e6782cc3749\"  style=\"object-position:0% 0%\" width=\"8060\"\/>M\u00d8TTE ERNA: Skoler er popul\u00e6re steder \u00e5 opps\u00f8ke for politikere. I fjor h\u00f8st m\u00f8tte rektor Finn Lea H\u00f8yres leder, Erna Solberg p\u00e5 Kannik skole.  Foto: Gisle Oddstad \/ VG<\/p>\n<p class=\"_paragraph_1994c_4 _paragraph_xtcu6_10 layout-component text-serif-m layout-normal text-serif-m layout-padded\">Bakgrunnen for rektorens utspill er egentlig nye krav om \u00f8konomiske innsparinger i Stavanger-skolen. Men han er \u00e5pen om at kravstore foreldre har opptatt l\u00e6rernes tid for lenge allerede \u2013 uavhengig av kuttkrav.<\/p>\n<p class=\"_paragraph_1994c_4 _paragraph_xtcu6_10 layout-component text-serif-m layout-normal text-serif-m layout-padded\">\u2013 Vi ser at foreldre overtar ansvaret som egentlig skal legges p\u00e5 elevene selv. Og at flere trenger \u00e5 bli utfordret til \u00e5 rydde opp i eget liv, sier Lea som leder en ren ungdomsskole.<\/p>\n<p class=\"_paragraph_1994c_4 _paragraph_xtcu6_10 layout-component text-serif-m layout-normal text-serif-m layout-padded\">\u2013 Helt konkret, hvordan mener du at foreldre stjeler tid fra l\u00e6rerne?<\/p>\n<p class=\"_paragraph_1994c_4 _paragraph_xtcu6_10 layout-component text-serif-m layout-normal text-serif-m layout-padded\">\u2013 Mye gjennom meldinger som kommer inn via v\u00e5r digitale portal. Men l\u00e6rerne f\u00e5r jo ogs\u00e5 sms-er, e-poster og foreldremeldinger om alt fra at elevene ikke har gjort leksene \u2013 fordi de m\u00e5tte g\u00e5 p\u00e5 trening, til at l\u00e6reren skal passe p\u00e5 at de f\u00e5r med seg gymt\u00f8y hjem. Noen l\u00e6rere har f\u00e5tt melding om at elever ikke klarer \u00e5 ta en pr\u00f8ve fordi de ikke fikk sove i l\u00f8pet av natten, beskriver rektor Finn Lea.<\/p>\n<p><img alt=\"STOR SKOLE: Kannik skole er er en ren ungdomsskole (8.-10. klasse) med rundt 600 elever.  Foto: Stavanger kommune\" class=\"_image_qp4xg_65 layout-component layout-normal\" data-fullscreen- data-track-element-type=\"Article image fullscreen\" data-track-name=\"ImageFullscreen\" decoding=\"async\" loading=\"lazy\" height=\"570\" itemprop=\"image\"  src=\"https:\/\/www.europesays.com\/no\/wp-content\/uploads\/2025\/10\/08f2db63-d377-422f-a644-432cd8a1097d\"  style=\"object-position:0% 0%\" width=\"1140\"\/>STOR SKOLE: Kannik skole er er en ren ungdomsskole (8.-10. klasse) med rundt 600 elever.  Foto: Stavanger kommune<\/p>\n<p class=\"_paragraph_1994c_4 _paragraph_xtcu6_10 layout-component text-serif-m layout-normal text-serif-m layout-padded\">Han minner om at mye av det som meldes inn er foreldrenes eget ansvar. Skolen m\u00e5 prioriteres. Det er en forventning som foreldre sammen med elever m\u00e5 f\u00f8lge opp n\u00e5r de er kommet i ungdomsskolealder p\u00e5 Stavangers st\u00f8rste ungdomsskole, poengterer Finn Lea.<\/p>\n<p class=\"_paragraph_1994c_4 _paragraph_xtcu6_10 layout-component text-serif-m layout-normal text-serif-m layout-padded\"><strong class=\"_strong_1994c_25\">\u2013 Skolen har to oppdrag. Det er l\u00e6ring og dannelse. Selvf\u00f8lgelig skal vi bidra med \u00e5 hjelpe til med dannelsen. Men vi skal ikke overta oppdragelsen, sier Lea.<\/strong><\/p>\n<p class=\"_paragraph_1994c_4 _paragraph_xtcu6_10 layout-component text-serif-m layout-normal text-serif-m layout-padded\">Han legger til:<\/p>\n<p class=\"_paragraph_1994c_4 _paragraph_xtcu6_10 layout-component text-serif-m layout-normal text-serif-m layout-padded\">\u2013 Foreldrene m\u00e5 ogs\u00e5 stille krav og forventninger til elevene. Jeg f\u00f8ler jo at mange foreldre ikke stiller de kravene. De er redde for \u00e5 komme i konflikt med dem, og de er kanskje redde for \u00e5 gi dem utfordringer som de egentlig ikke \u00f8nsker, reflekterer den erfarne rektoren.<\/p>\n<p><img alt=\"TO ROLLER: Kari Nessa Nordtun er b\u00e5de kunnskapsminister og elevmamma. Bildet er fra heisen opp til Aps kontorer p\u00e5 Youngstorget i Oslo.  Foto: Helge Mikalsen \/ VG\" class=\"_image_qp4xg_65 layout-component layout-normal\" data-fullscreen- data-track-element-type=\"Article image fullscreen\" data-track-name=\"ImageFullscreen\" decoding=\"async\" loading=\"lazy\" height=\"5504\" itemprop=\"image\"  src=\"https:\/\/www.europesays.com\/no\/wp-content\/uploads\/2025\/10\/a2aa2bfb-8ac5-4db9-9654-d44872aa54ca\"  style=\"object-position:0% 0%\" width=\"8256\"\/>TO ROLLER: Kari Nessa Nordtun er b\u00e5de kunnskapsminister og elevmamma. Bildet er fra heisen opp til Aps kontorer p\u00e5 Youngstorget i Oslo.  Foto: Helge Mikalsen \/ VG<\/p>\n<p class=\"_paragraph_1994c_4 _paragraph_xtcu6_10 layout-component text-serif-m layout-normal text-serif-m layout-padded\">Elevmamma og kunnskapsminister Kari Nessa Nordtun (Ap) har selv barn i Stavangerskolen. Hun er ogs\u00e5 gift med en l\u00e6rer i grunnskolen.<\/p>\n<p class=\"_paragraph_1994c_4 _paragraph_xtcu6_10 layout-component text-serif-m layout-normal text-serif-m layout-padded\">Skolestatsr\u00e5den gir rektoren rett i det meste av hans hovedbudskap.<\/p>\n<p class=\"_paragraph_1994c_4 _paragraph_xtcu6_10 layout-component text-serif-m layout-normal text-serif-m layout-padded\"><strong class=\"_strong_1994c_25\">\u2013 Foreldre m\u00e5 i st\u00f8rre grad ta innover seg at de fleste l\u00e6rere er profesjonelle fagfolk og ikke servicemedarbeidere. L\u00e6reren vet best hvordan ditt barn l\u00e6rer og fungerer sammen med andre i oppl\u00e6ringssituasjonen, sier Nordtun til VG.<\/strong><\/p>\n<p>Lytte fremfor \u00e5 kreve<\/p>\n<p class=\"_paragraph_1994c_4 _paragraph_xtcu6_10 layout-component text-serif-m layout-normal text-serif-m layout-padded\"><a href=\"https:\/\/www.vg.no\/nyheter\/i\/q1lM8O\/ny-skolestatsraad-med-foreldre-refs-stol-mer-paa-laereren\" data-track-element-type=\"Link\" data-track-id=\"link:q1lM8O\" class=\"_link_1994c_39\" rel=\"nofollow noopener\" target=\"_blank\">Noe av det f\u00f8rste hun gjorde som minister<\/a>, var \u00e5 be foreldre stole mer p\u00e5 l\u00e6rerne.<\/p>\n<p class=\"_paragraph_1994c_4 _paragraph_xtcu6_10 layout-component text-serif-m layout-normal text-serif-m layout-padded\">\u2013 Jeg tror at vi foreldre skal lytte i stedet for \u00e5 kreve. Vi skal i st\u00f8rre grad stole p\u00e5 at dere l\u00e6rere vet hva dere gj\u00f8r, sa hun til Utdanningsforbundets landsm\u00f8te for to \u00e5r siden. <\/p>\n<p class=\"_paragraph_1994c_4 _paragraph_xtcu6_10 layout-component text-serif-m layout-normal text-serif-m layout-padded\">\u2013 Hva kan du gj\u00f8re som statsr\u00e5d for \u00e5 \u00abfange\u00bb tidstyvene som rektor Lea sliter med? <\/p>\n<p class=\"_paragraph_1994c_4 _paragraph_xtcu6_10 layout-component text-serif-m layout-normal text-serif-m layout-padded\">\u2013 L\u00e6rerne m\u00e5 f\u00e5 lov til \u00e5 v\u00e6re l\u00e6rere. Jeg kan f\u00f8rst og fremst l\u00f8fte dette med at l\u00e6reren skal v\u00e6re sjefen i klasserommet. Og s\u00e5 m\u00e5 vi alle foreldre g\u00e5 i oss selv og skille mellom hva som er l\u00e6rerens oppgave og hva vi foreldre m\u00e5 l\u00f8se selv.<\/p>\n<p><img alt=\"MAMMAEN: Kari Nessa Nordtun p\u00e5 farten fra barnehage og skole hjemme i Stavanger for to \u00e5r siden. I vognen: Jens. Bak: H\u00e5kon og Henrik.  Foto: Frank Ertesv\u00e5g \/ VG\" class=\"_image_qp4xg_65 layout-component layout-normal\" data-fullscreen- data-track-element-type=\"Article image fullscreen\" data-track-name=\"ImageFullscreen\" decoding=\"async\" loading=\"lazy\" height=\"3024\" itemprop=\"image\"  src=\"https:\/\/www.europesays.com\/no\/wp-content\/uploads\/2025\/10\/af1191e6-0b0e-4b89-b8ab-cf5e6906e6d2\"  style=\"object-position:0% 0%\" width=\"4032\"\/>MAMMAEN: Kari Nessa Nordtun p\u00e5 farten fra barnehage og skole hjemme i Stavanger for to \u00e5r siden. I vognen: Jens. Bak: H\u00e5kon og Henrik.  Foto: Frank Ertesv\u00e5g \/ VG<\/p>\n<p class=\"_paragraph_1994c_4 _paragraph_xtcu6_10 layout-component text-serif-m layout-normal text-serif-m layout-padded\">\u2013 Kan du selv plage l\u00e6rere som en litt overivrig mamma, tror du?<\/p>\n<p class=\"_paragraph_1994c_4 _paragraph_xtcu6_10 layout-component text-serif-m layout-normal text-serif-m layout-padded\">\u2013 Haha. Jeg har ikke lyst \u00e5 blande meg selv for mye inn i sakene. Jeg skal ha en profesjonell distanse til det. Men selvf\u00f8lgelig, jeg pr\u00f8ver jo v\u00e6re bevisst p\u00e5 n\u00e5r jeg kontakter- og tar opp ting med l\u00e6reren til ungene mine. S\u00e5 er utviklingssamtalene en god arena til dette, svarer Nordtun.<\/p>\n<p class=\"_paragraph_1994c_4 _paragraph_xtcu6_10 layout-component text-serif-m layout-normal text-serif-m layout-padded\">Hun legger til at siden hun er gift med en l\u00e6rer, s\u00e5 er hun nok ekstra oppmerksom p\u00e5 hva som er en l\u00e6rers jobb \u2013 og hva som ikke er det.<\/p>\n<p>Forklaringsbehov<\/p>\n<p class=\"_paragraph_1994c_4 _paragraph_xtcu6_10 layout-component text-serif-m layout-normal text-serif-m layout-padded\">B\u00e5de rektor Finn Lea og minister Kari Nessa Nordtun er obs p\u00e5 at dialogen mellom foreldre og skole er helt n\u00f8dvendig.<\/p>\n<p class=\"_paragraph_1994c_4 _paragraph_xtcu6_10 layout-component text-serif-m layout-normal text-serif-m layout-padded\">\u2013 Kan det v\u00e6re vanskelig for foreldre \u00e5 skille mellom hva som er riktig og uviktig \u00e5 ta opp med skolen?<\/p>\n<p class=\"_paragraph_1994c_4 _paragraph_xtcu6_10 layout-component text-serif-m layout-normal text-serif-m layout-padded\">\u2013 Ja, det ser jeg jo n\u00e5, at vi gjerne kan sende ut melding om til foreldrene p\u00e5 v\u00e5r skole. For vi \u00f8nsker ikke \u00e5 stenge d\u00f8ren. Vi er \u00e5pne, og vil ha et godt samarbeid med foreldrene og FAU (Foreldrenes arbeidsutvalg), svarer rektoren som har mottatt en \u00abhaug\u00bb av st\u00f8tteerkl\u00e6ringer etter at han gikk ut med sin bekymring i Aftenbladet.<\/p>\n<p class=\"_paragraph_1994c_4 _paragraph_xtcu6_10 layout-component text-serif-m layout-normal text-serif-m layout-padded\">Til VG tilf\u00f8yer rektoren at skolen ogs\u00e5 merker at en del foreldre legger et visst karakterpress p\u00e5 mange l\u00e6rere.<\/p>\n<p class=\"_paragraph_1994c_4 _paragraph_xtcu6_10 layout-component text-serif-m layout-normal text-serif-m layout-padded\">\u2013 Det er mange som ikke helt forst\u00e5r hvordan vurderingssituasjonen i skolen er n\u00e5. Den nye l\u00e6replanen er bygd opp slik at vi vurderer elevene hele tiden. Underveis-vurderingen foreg\u00e5r i hver eneste time. Det forklarer vi til b\u00e5de elever og foresatte. Det er ikke slik at det er eksamen i hvert eneste minutt vi er p\u00e5 skolen, men elevene har mulighet til \u00e5 vise kompetanse hele tiden. Men det er mange foreldre som \u00abkjenner\u00bb skolen fra sin egen tid, hvor det var ett kapittel, og s\u00e5 var det pr\u00f8ve. Men den tiden er forbi, og en del foreldre forst\u00e5r ikke helt hvordan vi setter karakterer, forteller rektoren.<\/p>\n<p><img decoding=\"async\" alt=\"Bilde av Roar Ids\u00f8\" class=\"_image_ygndg_42\" height=\"53\" itemprop=\"image\" loading=\"lazy\"  src=\"https:\/\/www.europesays.com\/no\/wp-content\/uploads\/2025\/10\/029a0070-b6d2-443f-af5f-f8ec6f2db769\"  width=\"40\"\/><strong class=\"_name_ygndg_51 title-serif-xs\">Roar Ids\u00f8<\/strong><\/p>\n<p class=\"_paragraph_1994c_4 text-sans-m _description_ygndg_56\">Nestleder i FAU p\u00e5 Kannik skole, Stavanger<\/p>\n<p class=\"_paragraph_1994c_4 _paragraph_xtcu6_10 layout-component text-serif-m layout-normal text-serif-m layout-padded\">Roar Ids\u00f8 er elevpappa og foreldrerepresentant p\u00e5 Kannik skole i Stavanger. Han minner om at skolen har 600 elever og i praksis over 1000 foresatte som \u00abkontaktpunkter\u00bb mot skolen.<\/p>\n<p class=\"_paragraph_1994c_4 _paragraph_xtcu6_10 layout-component text-serif-m layout-normal text-serif-m layout-padded\">\u2013 Dessverre tror jeg telefonen til flere av oss kan \u00abavsl\u00f8re\u00bb meldinger som har g\u00e5tt til l\u00e6rer utenom kommunikasjonsl\u00f8sningen som skolen har for nettopp dette. Noen med god grunn, mens andre nok kan t\u00e5le litt refleksjon, erkjenner Ids\u00f8.<\/p>\n<p>Selvdisiplin<\/p>\n<p class=\"_paragraph_1994c_4 _paragraph_xtcu6_10 layout-component text-serif-m layout-normal text-serif-m layout-padded\">Han viser til at moderne l\u00f8sninger for tilbakemeldinger i seg selv senker terskelen for henvendelser og informasjon i begge retninger i hjem-skole-samarbeidet.<\/p>\n<p class=\"_paragraph_1994c_4 _paragraph_xtcu6_10 layout-component text-serif-m layout-normal text-serif-m layout-padded\"><strong class=\"_strong_1994c_25\">\u2013 Som med all digitalisering trengs det litt oppl\u00e6ring og selvdisiplin for at det f\u00f8rer til forbedring og ikke blir til en tidstyv, skriver Ids\u00f8 i en e-post til VG.<\/strong><\/p>\n<p class=\"_paragraph_1994c_4 _paragraph_xtcu6_10 layout-component text-serif-m layout-normal text-serif-m layout-padded\">Han ber for eksempel foreldre melde frav\u00e6r for elever gjennom en egen frav\u00e6rsmodul fremfor meldinger til l\u00e6rere.<\/p>\n<p class=\"_paragraph_1994c_4 _paragraph_xtcu6_10 layout-component text-serif-m layout-normal text-serif-m layout-padded\"> Da unng\u00e5r man at l\u00e6reren selv m\u00e5 registrere dette p\u00e5 riktig sted. <\/p>\n<p class=\"_paragraph_1994c_4 _paragraph_xtcu6_10 layout-component text-serif-m layout-normal text-serif-m layout-padded\">\u2013 Noe som naturligvis er un\u00f8dvendig bruk av tid og som i stort kan g\u00e5 ut over prim\u00e6roppgavene. Vi i FAU forst\u00e5r at skolene n\u00e5 varsler en mer presset ressurssituasjon og at de m\u00e5 jobbe smart for \u00e5 opprettholde kvaliteten. Vi vil gj\u00f8re det vi kan for \u00e5 bidra til dette, samtidig som en ivaretar n\u00f8dvendig tilgjengelighet for foreldrene, konkluderer Ids\u00f8.<\/p>\n","protected":false},"excerpt":{"rendered":"Rektor Finn Lea ved Kannik skole vil redusere tid brukt p\u00e5 kravstore foreldre. Lea oppfordrer foreldre til \u00e5&hellip;\n","protected":false},"author":2,"featured_media":50242,"comment_status":"","ping_status":"","sticky":false,"template":"","format":"standard","meta":{"footnotes":""},"categories":[10],"tags":[20,21,24,25,477,434,15,22,23,13,30,28,29,14,2208,16,805,26,27,1995],"class_list":{"0":"post-50241","1":"post","2":"type-post","3":"status-publish","4":"format-standard","5":"has-post-thumbnail","7":"category-norge","8":"tag-breaking-news","9":"tag-breakingnews","10":"tag-featured-news","11":"tag-featurednews","12":"tag-foreldre","13":"tag-foreldre-og-barn","14":"tag-headlines","15":"tag-latest-news","16":"tag-latestnews","17":"tag-news","18":"tag-no","19":"tag-norge","20":"tag-norway","21":"tag-nyheter","22":"tag-oppvekst","23":"tag-overskrifter","24":"tag-skole-og-utdanning","25":"tag-top-stories","26":"tag-topstories","27":"tag-vghelseoglivet"},"share_on_mastodon":{"url":"","error":""},"_links":{"self":[{"href":"https:\/\/www.europesays.com\/no\/wp-json\/wp\/v2\/posts\/50241","targetHints":{"allow":["GET"]}}],"collection":[{"href":"https:\/\/www.europesays.com\/no\/wp-json\/wp\/v2\/posts"}],"about":[{"href":"https:\/\/www.europesays.com\/no\/wp-json\/wp\/v2\/types\/post"}],"author":[{"embeddable":true,"href":"https:\/\/www.europesays.com\/no\/wp-json\/wp\/v2\/users\/2"}],"replies":[{"embeddable":true,"href":"https:\/\/www.europesays.com\/no\/wp-json\/wp\/v2\/comments?post=50241"}],"version-history":[{"count":0,"href":"https:\/\/www.europesays.com\/no\/wp-json\/wp\/v2\/posts\/50241\/revisions"}],"wp:featuredmedia":[{"embeddable":true,"href":"https:\/\/www.europesays.com\/no\/wp-json\/wp\/v2\/media\/50242"}],"wp:attachment":[{"href":"https:\/\/www.europesays.com\/no\/wp-json\/wp\/v2\/media?parent=50241"}],"wp:term":[{"taxonomy":"category","embeddable":true,"href":"https:\/\/www.europesays.com\/no\/wp-json\/wp\/v2\/categories?post=50241"},{"taxonomy":"post_tag","embeddable":true,"href":"https:\/\/www.europesays.com\/no\/wp-json\/wp\/v2\/tags?post=50241"}],"curies":[{"name":"wp","href":"https:\/\/api.w.org\/{rel}","templated":true}]}}