{"id":50243,"date":"2025-10-01T16:54:09","date_gmt":"2025-10-01T16:54:09","guid":{"rendered":"https:\/\/www.europesays.com\/no\/50243\/"},"modified":"2025-10-01T16:54:09","modified_gmt":"2025-10-01T16:54:09","slug":"louis-tomlinson-til-oslo-i-mars-2026","status":"publish","type":"post","link":"https:\/\/www.europesays.com\/no\/50243\/","title":{"rendered":"Louis Tomlinson til Oslo i mars 2026"},"content":{"rendered":"\n<p class=\"_lead_1994c_2 _lead_xtcu6_50 layout-component text-serif-m layout-normal text-serif-l layout-component layout-wide layout-padded _wide_17hqh_1 layout-padded\">Det tidligere One Direction-medlemmet retter snuten mot Oslo i mars neste \u00e5r. <\/p>\n<p><img alt=\"Louis Tomlinson er fremdeles popul\u00e6r \u2013 ogs\u00e5 etter at One Direction-eventyret er over. Her fra turn\u00e9 i 2023.  Foto: Vianney Le Caer\/Invision\/AP\/NTB\" class=\"_image_qp4xg_65 layout-component layout-wide\" data-fullscreen- data-track-element-type=\"Article image fullscreen\" data-track-name=\"ImageFullscreen\" fetchpriority=\"high\" decoding=\"sync\" loading=\"eager\" height=\"2714\" itemprop=\"image\"  src=\"https:\/\/www.europesays.com\/no\/wp-content\/uploads\/2025\/10\/2d3aaa30-1cd2-4579-92c8-6cfb5208a3ff\"  style=\"object-position:0% 0%\" width=\"4071\"\/>Louis Tomlinson er fremdeles popul\u00e6r \u2013 ogs\u00e5 etter at One Direction-eventyret er over. Her fra turn\u00e9 i 2023.  Foto: Vianney Le Caer\/Invision\/AP\/NTB<\/p>\n<ul aria-hidden=\"true\" class=\"_images_1y6fe_106\">\n<li><a class=\"_link_1y6fe_111\" href=\"https:\/\/www.vg.no\/forfatter\/ntb\" style=\"z-index:1\" title=\"NTB\" rel=\"nofollow noopener\" target=\"_blank\"><img alt=\"Bilde av NTB\" class=\"_image_1y6fe_88\" fetchpriority=\"low\" loading=\"lazy\" decoding=\"async\" itemprop=\"image\"  src=\"https:\/\/www.europesays.com\/no\/wp-content\/uploads\/2025\/10\/1759337648_845_c33980b0-5d07-4027-84a1-813f90a7c8d6\"  width=\"480\"\/><\/a><\/li>\n<\/ul>\n<p> Oppdatert onsdag 1. oktober kl. 17:57     <\/p>\n<p class=\"_paragraph_1994c_4 _paragraph_xtcu6_10 layout-component text-serif-m layout-normal text-serif-m layout-padded\">Louis Tomlinson legger ut p\u00e5 verdensturn\u00e9 til neste \u00e5r og kommer til Unity Arena p\u00e5 Fornebu utenfor Oslo 25. mars, melder Live Nation.<\/p>\n<p class=\"_paragraph_1994c_4 _paragraph_xtcu6_10 layout-component text-serif-m layout-normal text-serif-m layout-padded\"><strong class=\"_strong_1994c_25\">Tomlinson var et av medlemmene i det verdenskjente, engelsk-irske boybandet <a href=\"https:\/\/www.vg.no\/tag\/one-direction?utm_source=vg-article&amp;utm_medium=auto-tagger&amp;utm_campaign=jQoqxo\" class=\"_link_1994c_39\" rel=\"nofollow noopener\" target=\"_blank\">One Direction<\/a>. <\/strong><\/p>\n<p class=\"_paragraph_1994c_4 _paragraph_xtcu6_10 layout-component text-serif-m layout-normal text-serif-m layout-padded\">Bandet ble kjent gjennom den engelske versjonen av den TV-sendte sangkonkurransen \u00abX Factor\u00bb i 2010, men br\u00f8t opp i 2016. <\/p>\n<p><img alt=\"Louis Tomlinson var med i boybandet One Direction.   Foto: Ian West \/ Pa Photos \/ NTB\" class=\"_image_qp4xg_65 layout-component layout-normal\" data-fullscreen- data-track-element-type=\"Article image fullscreen\" data-track-name=\"ImageFullscreen\" decoding=\"async\" loading=\"lazy\" height=\"2593\" itemprop=\"image\"  src=\"https:\/\/www.europesays.com\/no\/wp-content\/uploads\/2025\/10\/41b1d409-72c0-457b-8428-03f564babfc1\"  style=\"object-position:0% 0%\" width=\"3883\"\/>Louis Tomlinson var med i boybandet One Direction.   Foto: Ian West \/ Pa Photos \/ NTB<\/p>\n<p class=\"_paragraph_1994c_4 _paragraph_xtcu6_10 layout-component text-serif-m layout-normal text-serif-m layout-padded\">N\u00e5 har Tomlinson akkurat sluppet f\u00f8rstesingelen \u00abLemonade\u00bb fra sitt ferske og tredje album \u00abHow Did I Get Here\u00bb, som utkommer 23. januar.<\/p>\n<p class=\"_paragraph_1994c_4 _paragraph_xtcu6_10 layout-component text-serif-m layout-normal text-serif-m layout-padded\">\u2013 Det viktigste med en ny singel var at den skulle l\u00e5te sonisk ambisi\u00f8s, sier Tomlinson, som kaller \u00abLemonade\u00bb for den perfekte m\u00e5ten \u00e5 innlede et nytt kapittel p\u00e5. <\/p>\n<p class=\"_paragraph_1994c_4 _paragraph_xtcu6_10 layout-component text-serif-m layout-normal text-serif-m layout-padded\">Albumet er skrevet sammen med Nico Rebscher, som ogs\u00e5 har jobbet med den norske artisten Aurora.<\/p>\n<p class=\"_paragraph_1994c_4 _paragraph_xtcu6_10 layout-component text-serif-m layout-normal text-serif-m layout-padded\"><strong class=\"_strong_1994c_25\">\u2013 Det er platen jeg alltid fortjente \u00e5 lage, sier Tomlinson. <\/strong><\/p>\n<p class=\"_paragraph_1994c_4 _paragraph_xtcu6_10 layout-component text-serif-m layout-normal text-serif-m layout-padded\">L\u00e5ten hadde premiere denne uken p\u00e5 BBC Radio 1 som deres \u00abHottest Record\u00bb.<\/p>\n","protected":false},"excerpt":{"rendered":"Det tidligere One Direction-medlemmet retter snuten mot Oslo i mars neste \u00e5r. Louis Tomlinson er fremdeles popul\u00e6r \u2013&hellip;\n","protected":false},"author":2,"featured_media":50244,"comment_status":"","ping_status":"","sticky":false,"template":"","format":"standard","meta":{"footnotes":""},"categories":[58],"tags":[71,6387,30,28,29,6616,72],"class_list":{"0":"post-50243","1":"post","2":"type-post","3":"status-publish","4":"format-standard","5":"has-post-thumbnail","7":"category-underholdning","8":"tag-entertainment","9":"tag-live-nation","10":"tag-no","11":"tag-norge","12":"tag-norway","13":"tag-one-direction","14":"tag-underholdning"},"share_on_mastodon":{"url":"","error":""},"_links":{"self":[{"href":"https:\/\/www.europesays.com\/no\/wp-json\/wp\/v2\/posts\/50243","targetHints":{"allow":["GET"]}}],"collection":[{"href":"https:\/\/www.europesays.com\/no\/wp-json\/wp\/v2\/posts"}],"about":[{"href":"https:\/\/www.europesays.com\/no\/wp-json\/wp\/v2\/types\/post"}],"author":[{"embeddable":true,"href":"https:\/\/www.europesays.com\/no\/wp-json\/wp\/v2\/users\/2"}],"replies":[{"embeddable":true,"href":"https:\/\/www.europesays.com\/no\/wp-json\/wp\/v2\/comments?post=50243"}],"version-history":[{"count":0,"href":"https:\/\/www.europesays.com\/no\/wp-json\/wp\/v2\/posts\/50243\/revisions"}],"wp:featuredmedia":[{"embeddable":true,"href":"https:\/\/www.europesays.com\/no\/wp-json\/wp\/v2\/media\/50244"}],"wp:attachment":[{"href":"https:\/\/www.europesays.com\/no\/wp-json\/wp\/v2\/media?parent=50243"}],"wp:term":[{"taxonomy":"category","embeddable":true,"href":"https:\/\/www.europesays.com\/no\/wp-json\/wp\/v2\/categories?post=50243"},{"taxonomy":"post_tag","embeddable":true,"href":"https:\/\/www.europesays.com\/no\/wp-json\/wp\/v2\/tags?post=50243"}],"curies":[{"name":"wp","href":"https:\/\/api.w.org\/{rel}","templated":true}]}}