{"id":50252,"date":"2025-10-01T17:01:14","date_gmt":"2025-10-01T17:01:14","guid":{"rendered":"https:\/\/www.europesays.com\/no\/50252\/"},"modified":"2025-10-01T17:01:14","modified_gmt":"2025-10-01T17:01:14","slug":"vekker-oppsikt-med-ny-harfrisyre","status":"publish","type":"post","link":"https:\/\/www.europesays.com\/no\/50252\/","title":{"rendered":"Vekker oppsikt med ny h\u00e5rfrisyre"},"content":{"rendered":"<p class=\"kicker font-weight-normal m-font-weight-normal\" style=\"\">Pamela Anderson<\/p>\n<p>  Pamela Anderson ser ikke slik\u00a0ut lenger.<\/p>\n<p>\n    FORANDRING: Skuespiller Pamela Anderson er kjent for sin lyse, blekede manke &#8211; men slik ser hun ikke ut lenger. Foto: NTB\n  <\/p>\n<p>Mange trodde den tidligere \u00abBaywatch-\u00bbstjernen Pamela Anderson (58) var i ferd med \u00e5 ri inn i solnedgangen, uten \u00e5 la h\u00f8re s\u00e5 mye mer fra seg, men den gang ei.<\/p>\n<p>Etter \u00e5 ha f\u00e5tt mye oppmerksomhet gjennom \u00e5rene for sitt tidligere s\u00e5 turbulente ekteskap med rockeren Tommy Lee &#8211; har hun de siste par \u00e5rene igjen skapt overskrifter.\u00a0<\/p>\n<p>I 2023 vakte hun oppsikt da hun valgte \u00e5 komme helt uten sminke til moteuka i Paris &#8211; noe som skapte en aldri s\u00e5 liten trend.<\/p>\n<p>    <a itemprop=\"url\" href=\"https:\/\/www.kk.no\/mote\/sannheten-om-pamelas-sminkefrie-ansikt\/80321756\" rel=\"nofollow noopener\" target=\"_blank\"><\/p>\n<p>      <img loading=\"lazy\" decoding=\"async\" src=\"https:\/\/www.europesays.com\/no\/wp-content\/uploads\/2025\/10\/80323855.webp\" width=\"980\" height=\"441\" title=\"Sannheten om Pamelas sminkefrie ansikt\" alt=\"\" class=\"lazyload\" style=\"--aspect-ratio-image: 2.22; \"\/><\/p>\n<p>        Sannheten om Pamelas sminkefrie ansikt<\/p>\n<p>    <\/a><\/p>\n<p>Kort og kobberr\u00f8dt\t<\/p>\n<p>I sommer stjal hun showet i filmen \u00abThe Naked Gun\u00bb, der hun spilte mot Liam Neeson.\u00a0<\/p>\n<p>Ikke minst ble det mye skriverier om en mulig romanse mellom de to.<\/p>\n<p>          <img loading=\"lazy\" decoding=\"async\" src=\"https:\/\/www.europesays.com\/no\/wp-content\/uploads\/2025\/10\/83668025.webp\" width=\"686\" height=\"700\" title=\"Pamela Anderson og Liam Neeson - var det ekte f\u00f8lelser mellom dem, eller var det bare et pr-stunt? Her er de to sammen under premiere av \u00abThe Naked Gun\u00bb i juli. Foto: NTB\" alt=\"\" class=\"\" style=\"--aspect-ratio-image: 0.98; \"\/><\/p>\n<p>\n          Pamela Anderson og Liam Neeson &#8211; var det ekte f\u00f8lelser mellom dem, eller var det bare et pr-stunt? Her er de to sammen under premiere av \u00abThe Naked Gun\u00bb i juli. Foto: NTB\n      <\/p>\n<p>Nylig skapte Anderson igjen overskrifter.\u00a0<\/p>\n<p>Hun som i mange ti\u00e5r n\u00e6rmest har v\u00e6rt en gallionsfigur for langt og blondt h\u00e5r ser i dag helt annerledes ut:<\/p>\n<p>H\u00e5ret er n\u00e5 kort og kobberr\u00f8dt.<\/p>\n<p>Det er\u00a0<a href=\"https:\/\/www.vogue.com\/article\/pamela-anderson-is-now-copper-red\" rel=\"nofollow noopener\" target=\"_blank\">Vogue Magazine<\/a>\u00a0som har snappet opp det store hamskiftet.<\/p>\n<p>Hylles i kommentarfeltet\t<\/p>\n<p>I kommentarfeltet renner det over av hyllester til Andersons nye sveis.\u00a0<\/p>\n<p>\u00abH\u00e5rfargen ser helt fantastisk ut! Elsker b\u00e5de den nye fargen og h\u00e5rklippen\u00bb, skriver en.\u00a0<\/p>\n<p>\u00abDet er s\u00e5 kledelig og fargen gir virkelig varme til ansiktet hennes. Absolutt perfeksjon\u00bb skriver en annen.<\/p>\n<p>    <a itemprop=\"url\" href=\"https:\/\/www.kk.no\/underholdning\/vil-ikke-bli-bitter-eller-kynisk\/82074513\" rel=\"nofollow noopener\" target=\"_blank\"><\/p>\n<p>      <img loading=\"lazy\" decoding=\"async\" src=\"https:\/\/www.europesays.com\/no\/wp-content\/uploads\/2025\/10\/82074533.webp\" width=\"980\" height=\"441\" title=\"Vil ikke bli bitter eller kynisk\" alt=\"\" class=\"lazyload\" style=\"--aspect-ratio-image: 2.22; \"\/><\/p>\n<p>        Vil ikke bli bitter eller kynisk<\/p>\n<p>    <\/a><\/p>\n<p>&#8211; Jeg vet at jeg ikke bidro til verdensfred\t<\/p>\n<p>Da det anerkjente motemagasinet snakket med Anderson om valget om \u00e5 dukke opp sminkefri til den fasjonable motevisningen i Paris &#8211; en tilstelning der alle andre kvinner hadde brukt timesvis i sminkestolen, forklarte hun det slik i etterkant:\u00a0<\/p>\n<p>&#8211; Jeg vet at jeg ikke bidro til verdensfred, men jeg kom med et \u00abstatement\u00bb. Jeg tenkte bare at jeg gj\u00f8r dette for alle jentene der ute. Jeg har hatt stes\u00f8nner i tidligere forhold, og s\u00f8nnene mine har kj\u00e6rester, og dette var for dem. I dagens samfunn, vet vi i det hele tatt hvordan et ansikt ser ut lenger? Men slik ser det alts\u00e5 ut, forklarte hun enkelt.\u00a0<\/p>\n","protected":false},"excerpt":{"rendered":"Pamela Anderson Pamela Anderson ser ikke slik\u00a0ut lenger. FORANDRING: Skuespiller Pamela Anderson er kjent for sin lyse, blekede&hellip;\n","protected":false},"author":2,"featured_media":50253,"comment_status":"","ping_status":"","sticky":false,"template":"","format":"standard","meta":{"footnotes":""},"categories":[58],"tags":[71,1534,4024,30,28,29,4635,72],"class_list":{"0":"post-50252","1":"post","2":"type-post","3":"status-publish","4":"format-standard","5":"has-post-thumbnail","7":"category-underholdning","8":"tag-entertainment","9":"tag-har","10":"tag-mote","11":"tag-no","12":"tag-norge","13":"tag-norway","14":"tag-pamela-anderson","15":"tag-underholdning"},"share_on_mastodon":{"url":"","error":""},"_links":{"self":[{"href":"https:\/\/www.europesays.com\/no\/wp-json\/wp\/v2\/posts\/50252","targetHints":{"allow":["GET"]}}],"collection":[{"href":"https:\/\/www.europesays.com\/no\/wp-json\/wp\/v2\/posts"}],"about":[{"href":"https:\/\/www.europesays.com\/no\/wp-json\/wp\/v2\/types\/post"}],"author":[{"embeddable":true,"href":"https:\/\/www.europesays.com\/no\/wp-json\/wp\/v2\/users\/2"}],"replies":[{"embeddable":true,"href":"https:\/\/www.europesays.com\/no\/wp-json\/wp\/v2\/comments?post=50252"}],"version-history":[{"count":0,"href":"https:\/\/www.europesays.com\/no\/wp-json\/wp\/v2\/posts\/50252\/revisions"}],"wp:featuredmedia":[{"embeddable":true,"href":"https:\/\/www.europesays.com\/no\/wp-json\/wp\/v2\/media\/50253"}],"wp:attachment":[{"href":"https:\/\/www.europesays.com\/no\/wp-json\/wp\/v2\/media?parent=50252"}],"wp:term":[{"taxonomy":"category","embeddable":true,"href":"https:\/\/www.europesays.com\/no\/wp-json\/wp\/v2\/categories?post=50252"},{"taxonomy":"post_tag","embeddable":true,"href":"https:\/\/www.europesays.com\/no\/wp-json\/wp\/v2\/tags?post=50252"}],"curies":[{"name":"wp","href":"https:\/\/api.w.org\/{rel}","templated":true}]}}