{"id":50264,"date":"2025-10-01T17:08:11","date_gmt":"2025-10-01T17:08:11","guid":{"rendered":"https:\/\/www.europesays.com\/no\/50264\/"},"modified":"2025-10-01T17:08:11","modified_gmt":"2025-10-01T17:08:11","slug":"jannecke-weeden-apner-opp-om-livet-etter-morens-dod-og-om-det-a-bli-gammel","status":"publish","type":"post","link":"https:\/\/www.europesays.com\/no\/50264\/","title":{"rendered":"Jannecke Weeden \u00e5pner opp om livet etter morens d\u00f8d og om det \u00e5 bli gammel"},"content":{"rendered":"<p class=\"kicker \" style=\"\">Jannecke Weeden:\u00a0<\/p>\n<p>  Programlederen deler om tiden etter morens bortgang, og r\u00f8per at hun aldri f\u00f8ler seg \u00abhelt voksen\u00bb.\u00a0<\/p>\n<p>\n    SNAKKER UT: Jannecke Weeden \u00e5pner opp i en fersk kommentar. Foto: Andreas Fadum\/ Se og H\u00f8r\n  <\/p>\n<p>I slutten av januar delte programleder og TV-profil <a href=\"https:\/\/www.seher.no\/kjendis\/verden-har-blitt-litt-morkere\/82585941\" target=\"_blank\" rel=\"nofollow noopener\">Jannecke Weeden (49)<\/a> at moren hadde g\u00e5tt bort.\u00a0<\/p>\n<p>\u00ab&#8217;Alles&#8217; Puppi Mentzsen, men min mamma, satte seil mot For Alltid, l\u00f8rdag 25.01.25\u00bb, skrev 49-\u00e5ringen i et innlegg p\u00e5 Instagram.\u00a0<\/p>\n<p> \u00abSelv om det er grusomt \u00e5 gi slipp, velger jeg \u00e5 tro at alternativet som n\u00e5 har f\u00e5tt r\u00e5, er et mye bedre sted. Verden har blitt litt m\u00f8rkere, men evigheten mye lysere\u00bb, fortsatte hun.\u00a0<\/p>\n<p>    <a itemprop=\"url\" href=\"https:\/\/www.seher.no\/kjendis\/er-i-nytt-forhold\/83663411\" rel=\"nofollow noopener\" target=\"_blank\"><\/p>\n<p>      <img loading=\"lazy\" decoding=\"async\" src=\"https:\/\/www.europesays.com\/no\/wp-content\/uploads\/2025\/10\/83663459.webp\" width=\"980\" height=\"441\" title=\"- Er i nytt forhold\" alt=\"\" class=\"lazyload\" style=\"--aspect-ratio-image: 2.22; \"\/><\/p>\n<p>        &#8211; Er i nytt forhold<\/p>\n<p>    <\/a><\/p>\n<p>Weeden, som tidligere hadde v\u00e6rt \u00e5pen om at moren var rammet av sykdom, uttalte til <a href=\"https:\/\/www.tv2.no\/underholdning\/mistet-moren-en-grusom-sykdom\/17402625\/\" target=\"_blank\" rel=\"nofollow noopener\">TV 2<\/a> at\u00a0moren d\u00f8de av bulb\u00e6r ALS. For ti \u00e5r siden mistet Weeden ogs\u00e5 faren sin.\u00a0<\/p>\n<p>N\u00e5, \u00e5tte m\u00e5neder senere, \u00e5pner 49-\u00e5ringen opp om livet etter morens bortgang i en kommentar publisert i <a href=\"https:\/\/www.klikk.no\/underholdning\/jannecke-weeden-jeg-foler-meg-ekskludert-og-motbydelig-7548301\" target=\"_blank\" rel=\"nofollow noopener\">Kamille<\/a>.\u00a0<\/p>\n<p>&#8211; Ikke f\u00f8r m\u00e5neder etter at mamma var borte, slo det meg: N\u00e5 er jeg eldst.\u00a0Jeg, som fortsatt f\u00f8ler meg like s\u00e5rbar som et barn, like redd, like usikker, skriver hun.\u00a0<\/p>\n<p>I kommentaren undrer Weeden p\u00e5 n\u00e5r hun kommer til \u00e5 f\u00f8le seg voksen.\u00a0 \u00a0<\/p>\n<p>&#8211; Det \u00e5 v\u00e6re familiens overhode, den som folk kommer til for \u00e5 f\u00e5 r\u00e5d fra, er n\u00e5 min oppgave. Men jeg f\u00f8ler meg akkurat like lite opplyst n\u00e5, som da jeg ble mamma som 27-\u00e5ring. <\/p>\n<p>        AVSL\u00d8RER: \u00abA-laget\u00bb f\u00e5r den ellers s\u00e5 private Erling Braut Haaland til \u00e5 lette p\u00e5 sl\u00f8ret om han og kj\u00e6resten Isabel Haugseng Johansen. Video: NRK TV\/ Thea Hope\/ R\u00f8d L\u00f8per<\/p>\n<p>Weeden legger heller ikke skjul p\u00e5 at hun synes det er vanskelig \u00e5 bli eldre:\u00a0<\/p>\n<p>&#8211; Men det aller vanskeligste, syns jeg, er hvor irrelevant man blir som kvinne p\u00e5 49. Jeg f\u00f8ler meg ekskludert, avdanka, uinteressant og motbydelig. Jeg vet det er sv\u00e6rt sterke ord \u00e5 bruke, men helt siden jeg fylte 45, har jeg brukt altfor mange timer av d\u00f8gnet p\u00e5 \u00e5 hate hvor gammel jeg er. Barnslig? Ja. Dumt \u00e5 bruke energi p\u00e5? Definitivt. <\/p>\n<p>          <img loading=\"lazy\" decoding=\"async\" src=\"https:\/\/www.europesays.com\/no\/wp-content\/uploads\/2025\/10\/83666866.webp\" width=\"686\" height=\"1105\" title=\"GODT HUM\u00d8R: Jannecke Weeden delte bilde av kj\u00e6resten tidligere i \u00e5r. Foto: Skjermdump fra Instagram\" alt=\"\" class=\"\" style=\"--aspect-ratio-image: 0.62; \"\/><\/p>\n<p>\n          GODT HUM\u00d8R: Jannecke Weeden delte bilde av kj\u00e6resten tidligere i \u00e5r. Foto: Skjermdump fra Instagram\n      <\/p>\n<p>Tidligere i \u00e5r r\u00f8pet Weeden at <a href=\"https:\/\/www.seher.no\/kjendis\/viser-seg-med-ny-mann\/82964949\" target=\"_blank\" rel=\"nofollow noopener\">hun hadde funnet kj\u00e6rligheten<\/a>.\u00a0 Hvem hennes utk\u00e5rede er, har hun imidertid ikke avsl\u00f8rt, til tross for at f\u00f8lgerne har f\u00e5tt se sm\u00e5 hverdagsglimt av paret.\u00a0<\/p>\n<p>Da Se og H\u00f8r traff henne <a href=\"https:\/\/www.seher.no\/kjendis\/hittil-ingen-rode-flagg\/83046591\" target=\"_blank\" rel=\"nofollow noopener\">under en Met Gala-fest<\/a> f\u00f8r sommeren, var hun fortsatt kryptisk da hun uttalte seg om kj\u00e6resten:\u00a0<\/p>\n<p> &#8211; Nei alts\u00e5, mystiske Johansen som jeg kaller hanm &#8230; Jeg har m\u00f8tt ham i syv m\u00e5neder og det er hittil ingen r\u00f8de flagg. Og hvis de ikke har dukket opp etter over et halvt \u00e5r, da kommer de kanskje ikke?, sa hun den gang.\u00a0<\/p>\n<p>    <a itemprop=\"url\" href=\"https:\/\/www.seher.no\/kjendis\/hun-sjekket-opp-meg\/83659791\" rel=\"nofollow noopener\" target=\"_blank\"><\/p>\n<p>      <img loading=\"lazy\" decoding=\"async\" src=\"https:\/\/www.europesays.com\/no\/wp-content\/uploads\/2025\/10\/1759338491_450_83659874.webp\" width=\"980\" height=\"441\" title=\"- Hun sjekket opp meg\" alt=\"\" class=\"lazyload\" style=\"--aspect-ratio-image: 2.22; \"\/><\/p>\n<p>        &#8211; Hun sjekket opp meg<\/p>\n<p>    <\/a><\/p>\n<p>Weeden fortalte videre at hun hadde funnet seg en fra Nord-Norge, n\u00e6rmere bestemt Troms\u00f8. <\/p>\n<p>&#8211; Selvf\u00f8lgelig har jeg det. Det lengste forholdet mitt er jo med faren til barna mine. Vi var sammen i 18 \u00e5r og han er ogs\u00e5 nordlending. Det er liksom&#8230; de er til \u00e5 stole p\u00e5, sa hun.\u00a0<\/p>\n<p>Weeden og eksmannen Lasse har to barn sammen.\u00a0<\/p>\n<p>          <img loading=\"lazy\" decoding=\"async\" src=\"https:\/\/www.europesays.com\/no\/wp-content\/uploads\/2025\/10\/83667000.webp\" width=\"686\" height=\"995\" title=\"S\u00d8NNENE: Jannecke og eksmannen Lasse med deres to s\u00f8nner. Her fotografert i 2013. Foto: Tore Skaar\/ Se og H\u00f8r\" alt=\"\" class=\"\" style=\"--aspect-ratio-image: 0.69; \"\/><\/p>\n<p>\n          S\u00d8NNENE: Jannecke og eksmannen Lasse med deres to s\u00f8nner. Her fotografert i 2013. Foto: Tore Skaar\/ Se og H\u00f8r\n      <\/p>\n","protected":false},"excerpt":{"rendered":"Jannecke Weeden:\u00a0 Programlederen deler om tiden etter morens bortgang, og r\u00f8per at hun aldri f\u00f8ler seg \u00abhelt voksen\u00bb.\u00a0&hellip;\n","protected":false},"author":2,"featured_media":50265,"comment_status":"","ping_status":"","sticky":false,"template":"","format":"standard","meta":{"footnotes":""},"categories":[58],"tags":[71,4111,479,30,28,29,72],"class_list":{"0":"post-50264","1":"post","2":"type-post","3":"status-publish","4":"format-standard","5":"has-post-thumbnail","7":"category-underholdning","8":"tag-entertainment","9":"tag-jannecke-weeden","10":"tag-kjendis","11":"tag-no","12":"tag-norge","13":"tag-norway","14":"tag-underholdning"},"share_on_mastodon":{"url":"","error":""},"_links":{"self":[{"href":"https:\/\/www.europesays.com\/no\/wp-json\/wp\/v2\/posts\/50264","targetHints":{"allow":["GET"]}}],"collection":[{"href":"https:\/\/www.europesays.com\/no\/wp-json\/wp\/v2\/posts"}],"about":[{"href":"https:\/\/www.europesays.com\/no\/wp-json\/wp\/v2\/types\/post"}],"author":[{"embeddable":true,"href":"https:\/\/www.europesays.com\/no\/wp-json\/wp\/v2\/users\/2"}],"replies":[{"embeddable":true,"href":"https:\/\/www.europesays.com\/no\/wp-json\/wp\/v2\/comments?post=50264"}],"version-history":[{"count":0,"href":"https:\/\/www.europesays.com\/no\/wp-json\/wp\/v2\/posts\/50264\/revisions"}],"wp:featuredmedia":[{"embeddable":true,"href":"https:\/\/www.europesays.com\/no\/wp-json\/wp\/v2\/media\/50265"}],"wp:attachment":[{"href":"https:\/\/www.europesays.com\/no\/wp-json\/wp\/v2\/media?parent=50264"}],"wp:term":[{"taxonomy":"category","embeddable":true,"href":"https:\/\/www.europesays.com\/no\/wp-json\/wp\/v2\/categories?post=50264"},{"taxonomy":"post_tag","embeddable":true,"href":"https:\/\/www.europesays.com\/no\/wp-json\/wp\/v2\/tags?post=50264"}],"curies":[{"name":"wp","href":"https:\/\/api.w.org\/{rel}","templated":true}]}}