{"id":50277,"date":"2025-10-01T17:19:10","date_gmt":"2025-10-01T17:19:10","guid":{"rendered":"https:\/\/www.europesays.com\/no\/50277\/"},"modified":"2025-10-01T17:19:10","modified_gmt":"2025-10-01T17:19:10","slug":"kommentar-helseforetak-vedum-er-desperat","status":"publish","type":"post","link":"https:\/\/www.europesays.com\/no\/50277\/","title":{"rendered":"Kommentar, Helseforetak | Vedum er desperat"},"content":{"rendered":"\n<p>Mandag denne uken reiste Sp-lederen til L\u00e6rdal for \u00e5 protestere mot nye kuttplaner, melder NRK. Men f\u00f8r han tok fatt p\u00e5 turneen var Vedum innom Politisk kvarter for \u00e5 fortelle om sitt offensive plan for \u00e5 samle et flertall for \u00e5 skrote helseforetaksmodellen.<\/p>\n<p><b>Og det flertallet kan han f\u00e5, sammen med Frp og R\u00f8dt, blant annet. Det vil bli et salig r\u00f8re hvis det skjer. Men det er mulig. <\/b><\/p>\n<p><b>Disse partiene er kanskje enige om at helseforetaksmodellen er dum. De er ikke enige om hva den b\u00f8r erstattes med.<\/b><\/p>\n<p>Vedum famler desperat etter fotfeste. Han trodde at han satt tryggere i sitt parti enn han gj\u00f8r. Flertallet av Senterpartiets folkevalgte i kommunene i Norge, mener at sjefen b\u00f8r trekke seg. D\u00e5rlige meningsm\u00e5linger er en ting. Det er noe helt annet \u00e5 tape et valg, og posisjoner, s\u00e5 det griner etter.<\/p>\n<p>Trygve, den tidligere magnetiske lederen for distriktsoppr\u00f8ret, har mistet tiltrekningskraften.<\/p>\n<p><b>Han klarte ikke engang \u00e5 f\u00e5 &laquo;Nei til EU!&raquo; til \u00e5 skinne &#8211; og det m\u00e5 smerte helt innerst i Sp-sjela. <\/b><\/p>\n<p>Men man kan alltid lene seg p\u00e5 organisering av sykehusene for \u00e5 finne gode \u201csentrum mot periferi\u201d-saker. Derfor vil Vedum kjempe for at norske sykehus skal komme under tydelig folkevalgt kontroll.<\/p>\n<p>Sp vil at staten og statsr\u00e5den skal ha det direkte ansvaret for sykehusene.<\/p>\n<p><b>Slik vil han f\u00e5 bukt med sentraliseringssyken i helsevesenet.<\/b><\/p>\n<p>\u2013 Vi mener at helseforetakene er blitt for topptunge og direkt\u00f8r-styrte, og vi vil ha sterkere folkevalgt kontroll over sykehusene. For f\u00f8rste gang siden 2001 kan det v\u00e6re flertall for noe helt annet. S\u00e5 hvis R\u00f8dt, SV, Frp og Senterpartiet g\u00e5r sammen, og det viser seg at KrF og MDG er enige, s\u00e5 er det faktisk flertall for \u00e5 avvikle helseforetakene.<\/p>\n<p><b>Sentraliseringen skal Vedum i tillegg f\u00e5 slutt p\u00e5 med \u00e5 kaste penger etter sykehus og f\u00f8destuer rundtomkring. <\/b><\/p>\n<p>Problemet er at Vedum kaster penger p\u00e5 et problem som ikke kan l\u00f8ses med penger. Det vet han godt. Han var sjef i finansdepartementet da det ble sendt ut et oppdrag om funksjons- og oppgavedeling i Helse Nord.<\/p>\n<p>Han har en klekkelig del av ansvaret for kaoset som oppstod.<\/p>\n<p>Og han sl\u00e5r inn \u00e5pne d\u00f8rer n\u00e5r det gjelder helseforetaksmodellen.<\/p>\n<p><b>For \u00e5 ta det f\u00f8rste f\u00f8rst: Norges spesialisthelsetjeneste st\u00e5r overfor en fundamental bemanningskrise. Den truer hele systemets b\u00e6rekraft. Det finnes ikke folk til \u00e5 dekke v\u00e5re helsebehov i fremtiden. <\/b><\/p>\n<p><b>Lettere omskrevet: Man kan ikke spise penger!<\/b><\/p>\n<p>Framskrivninger viser et behov for arbeidskraft som er umulig \u00e5 innfri uten at det g\u00e5r p\u00e5 bekostning av alle andre behov for arbeidskraft i alle andre omr\u00e5der av samfunnet.<\/p>\n<p>Den t\u00f8ffe sannheten er: Sentralisering m\u00e5 finne sted. Hvor og hvordan &#8211; det kan man selv n\u00e5 behandle politisk. Det er hjemmel for det i helseforetaksloven.<\/p>\n<p><b>Men det er ikke politisk vilje til \u00e5 st\u00e5 opp for t\u00f8ffe valg i helsevesenet. Det er fakkeltogene som vinner i helsepolitikken. Alle er opptatt av helsevesen. Derfor blir folk redde n\u00e5r omorganisering foresl\u00e5s. Det er forst\u00e5elig. <\/b><\/p>\n<p><b>Men ikke grunn nok til \u00e5 frata politikere ansvaret for fremtiden. <\/b><\/p>\n<p>Vi tror at vi har penger, folk og fagmilj\u00f8er til \u00e5 ha et PCI-lab p\u00e5 hvert et nes, en godt utstyrt f\u00f8destue p\u00e5 hver ei \u00f8y. Det har vi ikke.<\/p>\n<p>Det vil v\u00e6re uansvarlig \u00e5 ikke sentralisere en god del helsetilbud i dette landet. Men det er politisk kryptonitt.<\/p>\n<p>Og s\u00e5 lenge det finnes sykehusfakler, vil Senterpartiet finnes.<\/p>\n<p>Det tar oss vi til mitt andre poeng: Vedum sl\u00e5r inn \u00e5pne d\u00f8rer fordi det allerede i dag er en prosess i gang for \u00e5 reformere helseforetaksmodellen. Det er ikke akkurat brennhett og sexy, men det er i gang.<\/p>\n<p><b>Regjeringen har nedsatt et utvalg for en helsereform. S\u00e5 kan man si at Ap ikke elsker noe mer enn et godt utvalg som kan dra saker ut i det uendelige.<\/b><\/p>\n<p>Men i dette tilfellet m\u00e5 man kanskje utst\u00e5 det for \u00e5 f\u00e5 en god, kunnskapsbasert start p\u00e5 reformarbeidet. Utvalget skal levere sine anbefalinger i 2026.<\/p>\n<p>Det er mye som kan endres med helseforetaksmodellen. Og noe har allerede blitt justert.<\/p>\n<p>Men en ting er sikkert: \u00c5 gj\u00f8re oppgavefordeling i norske sykehus til en kasteball mellom panikkslagne politikere i Stortingssalen, er en s\u00e6rdeles d\u00e5rlig id\u00e9.<\/p>\n<p><b>De har tendens til \u00e5 kaste bensin p\u00e5 faklene, heller enn \u00e5 slokke dem. <\/b><\/p>\n","protected":false},"excerpt":{"rendered":"Mandag denne uken reiste Sp-lederen til L\u00e6rdal for \u00e5 protestere mot nye kuttplaner, melder NRK. Men f\u00f8r han&hellip;\n","protected":false},"author":2,"featured_media":50278,"comment_status":"","ping_status":"","sticky":false,"template":"","format":"standard","meta":{"footnotes":""},"categories":[10],"tags":[36,20,21,24,25,15,7755,266,22,23,13,30,28,29,14,1533,16,1963,26,27,280],"class_list":{"0":"post-50277","1":"post","2":"type-post","3":"status-publish","4":"format-standard","5":"has-post-thumbnail","7":"category-norge","8":"tag-art","9":"tag-breaking-news","10":"tag-breakingnews","11":"tag-featured-news","12":"tag-featurednews","13":"tag-headlines","14":"tag-helseforetak","15":"tag-kommentar","16":"tag-latest-news","17":"tag-latestnews","18":"tag-news","19":"tag-no","20":"tag-norge","21":"tag-norway","22":"tag-nyheter","23":"tag-opinion","24":"tag-overskrifter","25":"tag-senterpartiet","26":"tag-top-stories","27":"tag-topstories","28":"tag-trygve-slagsvold-vedum"},"share_on_mastodon":{"url":"","error":""},"_links":{"self":[{"href":"https:\/\/www.europesays.com\/no\/wp-json\/wp\/v2\/posts\/50277","targetHints":{"allow":["GET"]}}],"collection":[{"href":"https:\/\/www.europesays.com\/no\/wp-json\/wp\/v2\/posts"}],"about":[{"href":"https:\/\/www.europesays.com\/no\/wp-json\/wp\/v2\/types\/post"}],"author":[{"embeddable":true,"href":"https:\/\/www.europesays.com\/no\/wp-json\/wp\/v2\/users\/2"}],"replies":[{"embeddable":true,"href":"https:\/\/www.europesays.com\/no\/wp-json\/wp\/v2\/comments?post=50277"}],"version-history":[{"count":0,"href":"https:\/\/www.europesays.com\/no\/wp-json\/wp\/v2\/posts\/50277\/revisions"}],"wp:featuredmedia":[{"embeddable":true,"href":"https:\/\/www.europesays.com\/no\/wp-json\/wp\/v2\/media\/50278"}],"wp:attachment":[{"href":"https:\/\/www.europesays.com\/no\/wp-json\/wp\/v2\/media?parent=50277"}],"wp:term":[{"taxonomy":"category","embeddable":true,"href":"https:\/\/www.europesays.com\/no\/wp-json\/wp\/v2\/categories?post=50277"},{"taxonomy":"post_tag","embeddable":true,"href":"https:\/\/www.europesays.com\/no\/wp-json\/wp\/v2\/tags?post=50277"}],"curies":[{"name":"wp","href":"https:\/\/api.w.org\/{rel}","templated":true}]}}