{"id":5028,"date":"2025-08-11T13:17:09","date_gmt":"2025-08-11T13:17:09","guid":{"rendered":"https:\/\/www.europesays.com\/no\/5028\/"},"modified":"2025-08-11T13:17:09","modified_gmt":"2025-08-11T13:17:09","slug":"macron-og-crosetto-kritisere-israels-gaza-plan","status":"publish","type":"post","link":"https:\/\/www.europesays.com\/no\/5028\/","title":{"rendered":"Macron og Crosetto kritisere Israels Gaza-plan"},"content":{"rendered":"\n<p class=\"_lead_1bvmi_2 _lead_xtcu6_50 layout-component text-serif-m layout-normal text-serif-l layout-component layout-wide layout-padded _wide_17hqh_1 layout-padded\">Israels plan for \u00e5 okkupere Gaza er en katastrofe i emning, mener Frankrikes president. Italiensk minister sammenligner Netanyahu med Putin.<\/p>\n<p><img alt=\" Foto: LUDOVIC MARIN \/ AFP \/ NTB\" class=\"_image_qp4xg_65 layout-component layout-wide\" data-fullscreen- data-track-element-type=\"Article image fullscreen\" data-track-name=\"ImageFullscreen\" fetchpriority=\"high\" decoding=\"sync\" loading=\"eager\" height=\"2141\" itemprop=\"image\"  src=\"https:\/\/www.europesays.com\/no\/wp-content\/uploads\/2025\/08\/f5ac0e66-7bbf-4fbb-a9dc-f48fff2ba3eb\"  style=\"object-position:0% 0%\" width=\"3210\"\/> Foto: LUDOVIC MARIN \/ AFP \/ NTB<\/p>\n<ul aria-hidden=\"true\" class=\"_images_1y6fe_106\">\n<li><a class=\"_link_1y6fe_111\" href=\"https:\/\/www.vg.no\/forfatter\/vilde-elgaaen\" style=\"z-index:2\" title=\"Vilde Elgaaen\" rel=\"nofollow noopener\" target=\"_blank\"><img alt=\"Bilde av Vilde Elgaaen\" class=\"_image_1y6fe_88\" fetchpriority=\"low\" loading=\"lazy\" decoding=\"async\" itemprop=\"image\"  src=\"https:\/\/www.europesays.com\/no\/wp-content\/uploads\/2025\/08\/1754918228_671_d7abc11e-e453-4b15-b473-933209ff5fea\"  width=\"480\"\/><\/a><\/li>\n<li><a class=\"_link_1y6fe_111\" href=\"https:\/\/www.vg.no\/forfatter\/isak-loeve-pilskog-loe\" style=\"z-index:1\" title=\"Isak L\u00f8ve Pilskog Loe\" rel=\"nofollow noopener\" target=\"_blank\"><img alt=\"Bilde av Isak L\u00f8ve Pilskog Loe\" class=\"_image_1y6fe_88\" fetchpriority=\"low\" loading=\"lazy\" decoding=\"async\" itemprop=\"image\"  src=\"https:\/\/www.europesays.com\/no\/wp-content\/uploads\/2025\/08\/1754918228_918_8b0354e3-bf53-460c-9c1c-790321a0c923\"  width=\"480\"\/><\/a><\/li>\n<\/ul>\n<p> Oppdatert mandag 11. august kl. 14:14     <\/p>\n<p class=\"_paragraph_1bvmi_4 _paragraph_xtcu6_10 layout-component text-serif-m layout-normal text-serif-m layout-padded\">\u2013 Israelske myndigheter b\u00f8r stoppe krigen n\u00e5 med en permanent v\u00e5penhvile, sier den franske presidenten Emmanuel Macron, if\u00f8lge Reuters.<\/p>\n<p class=\"_paragraph_1bvmi_4 _paragraph_xtcu6_10 layout-component text-serif-m layout-normal text-serif-m layout-padded\">Han mener planen som Israels statsminister Benjamin Netanyahu har lagt frem for en okkupasjon av Gazastripen er sv\u00e6rt alvorlig. <\/p>\n<p class=\"_paragraph_1bvmi_4 _paragraph_xtcu6_10 layout-component text-serif-m layout-normal text-serif-m layout-padded\">\u2013 De israelske gislene og <a href=\"https:\/\/www.vg.no\/tag\/gaza?utm_source=vg-article&amp;utm_medium=auto-tagger&amp;utm_campaign=6325kr\" class=\"_link_1bvmi_39\" rel=\"nofollow noopener\" target=\"_blank\">Gazas<\/a> folk vil bli de f\u00f8rste ofrene av denne strategien, sier Macron. <\/p>\n<p class=\"_paragraph_1bvmi_4 _paragraph_xtcu6_10 layout-component text-serif-m layout-normal layout-padded\"><a href=\"https:\/\/www.vg.no\/nyheter\/i\/B08xAG\/opposisjonen-raser-mot-gaza-plan\" data-track-element-type=\"Link\" data-track-id=\"link:B08xAG\" class=\"_link_1bvmi_39\" rel=\"nofollow noopener\" target=\"_blank\">Raser mot Gaza-plan: \u2013 Vil forverre den humanit\u00e6re katastrofen<\/a><\/p>\n<p> Godkjente omstridt plan<\/p>\n<p class=\"_paragraph_1bvmi_4 _paragraph_xtcu6_10 layout-component text-serif-m layout-normal text-serif-m layout-padded\">Fredag godkjente Israels sikkerhetskabinett Netanyahus milit\u00e6re plan om \u00e5 ta kontroll over\u00a0<a href=\"https:\/\/www.vg.no\/tag\/gaza?utm_source=vg-article&amp;utm_medium=auto-tagger&amp;utm_campaign=B08xAG\" class=\"_link_1bvmi_39\" rel=\"nofollow noopener\" target=\"_blank\">Gaza<\/a>\u00a0by,\u00a0<a href=\"https:\/\/www.vg.no\/nyheter\/i\/gw8kAA\/israels-sikkerhetskabinett-godkjenner-netanyahus-gaza-plan\" data-track-element-type=\"Link\" data-track-id=\"link:gw8kAA\" class=\"_link_1bvmi_39\" rel=\"nofollow noopener\" target=\"_blank\">if\u00f8lge Netanyahus kontor og nyhetsbyr\u00e5et Axios.<\/a><\/p>\n<p><img alt=\"Foto: CHRISTOPHE ENA \/ AFP \/ NTB\" class=\"_image_qp4xg_65 layout-component layout-normal\" data-fullscreen- data-track-element-type=\"Article image fullscreen\" data-track-name=\"ImageFullscreen\" decoding=\"async\" loading=\"lazy\" height=\"4559\" itemprop=\"image\"  src=\"https:\/\/www.europesays.com\/no\/wp-content\/uploads\/2025\/08\/f9b1a1ed-4f4e-49e0-8b89-6b92e04e0939\"  style=\"object-position:0% 0%\" width=\"6839\"\/>Foto: CHRISTOPHE ENA \/ AFP \/ NTB<\/p>\n<p class=\"_paragraph_1bvmi_4 _paragraph_xtcu6_10 layout-component text-serif-m layout-normal text-serif-m layout-padded\">I <a href=\"https:\/\/www.vg.no\/nyheter\/i\/B08xAG\/opposisjonen-raser-mot-gaza-plan\" data-track-element-type=\"Link\" data-track-id=\"link:B08xAG\" class=\"_link_1bvmi_39\" rel=\"nofollow noopener\" target=\"_blank\">planen heter det at<\/a> Israel blant annet skal:<\/p>\n<ul class=\"_list_1bvmi_3 _list_xtcu6_9 _unordered_1bvmi_99 layout-component text-serif-m layout-normal text-serif-m layout-padded\">\n<li class=\"_item_1bvmi_30\">Evakuere sivile fra Gaza by<\/li>\n<li class=\"_item_1bvmi_30\">Beleire gjenv\u00e6rende omr\u00e5der der Hamas er til stede<\/li>\n<li class=\"_item_1bvmi_30\">Levere humanit\u00e6r bistand til sivilbefolkningen utenfor stridsomr\u00e5dene <\/li>\n<\/ul>\n<p> Sammenligner Netanyahu med Putin<\/p>\n<p class=\"_paragraph_1bvmi_4 _paragraph_xtcu6_10 layout-component text-serif-m layout-normal text-serif-m layout-padded\">Macron er ikke alene om \u00e5 kritisere Israels fremferd. <\/p>\n<p class=\"_paragraph_1bvmi_4 _paragraph_xtcu6_10 layout-component text-serif-m layout-normal text-serif-m layout-padded\">Ogs\u00e5 Italias forsvarsminister Guido Crosetto kommer med krass kritikk av den israelske regjeringen.<\/p>\n<p class=\"_paragraph_1bvmi_4 _paragraph_xtcu6_10 layout-component text-serif-m layout-normal layout-padded\"><strong class=\"_strong_1bvmi_25\">Les ogs\u00e5:<\/strong> <a href=\"https:\/\/www.vg.no\/i\/wgWxRA\" data-track-element-type=\"Link\" data-track-id=\"link:wgWxRA\" class=\"_link_1bvmi_39\" rel=\"nofollow noopener\" target=\"_blank\">Australia vil anerkjenne Palestina p\u00e5 FN-m\u00f8te, New Zealand vil f\u00f8lge etter<\/a><\/p>\n<p class=\"_paragraph_1bvmi_4 _paragraph_xtcu6_10 layout-component text-serif-m layout-normal text-serif-m layout-padded\">I et intervju med den italienske avisen <a href=\"https:\/\/www.lastampa.it\/politica\/2025\/08\/11\/news\/crosetto_israele_hamas_putin_trump_intervista-15266382\/?ref=LSHA-BH-P1-S2-F\" class=\"_link_1bvmi_39\" rel=\"nofollow noopener\" target=\"_blank\">La Stampa<\/a> sier Crosetto at der er likhetstrekk mellom Israels statsminister Benjamin Netanyahu og Russlands president Vladimir Putin.<\/p>\n<p class=\"_paragraph_1bvmi_4 _paragraph_xtcu6_10 layout-component text-serif-m layout-normal text-serif-m layout-padded\">\u2013 Vi st\u00e5r overfor et prosjekt av en annen karakter: erobringen av fremmed territorium med en humanit\u00e6r katastrofe som f\u00f8lge, sier han.<\/p>\n<p><img decoding=\"async\" alt=\"Bilde av Forsvarsminister Guido Crosetto \" class=\"_image_ygndg_42\" height=\"27\" itemprop=\"image\" loading=\"lazy\"  src=\"https:\/\/www.europesays.com\/no\/wp-content\/uploads\/2025\/08\/8ea1fc7b-0cde-44a5-87a0-ab6931d31029\"  width=\"40\"\/><strong class=\"_name_ygndg_51 title-serif-xs\">Forsvarsminister Guido Crosetto <\/strong><\/p>\n<p class=\"_paragraph_1bvmi_4 _paragraph_xtcu6_10 layout-component text-serif-m layout-normal text-serif-m layout-padded\">Crosetto sier Israels p\u00e5stand om at krigen er legitimt selvforsvar etter terrorangrepet 7. oktober, ikke lenger fremst\u00e5r overbevisende. <\/p>\n<p class=\"_paragraph_1bvmi_4 _paragraph_xtcu6_10 layout-component text-serif-m layout-normal text-serif-m layout-padded\">\u2013 Det er viktig \u00e5 skille mellom regjeringer, stater og folk \u2013 og mellom religionene de bekjenner seg til. Dette gjelder b\u00e5de for Netanyahu og for Putin, hvis metoder n\u00e5 p\u00e5 farlig vis begynner \u00e5 ligne hverandre, sier Crosetto if\u00f8lge La Stampa.<\/p>\n","protected":false},"excerpt":{"rendered":"Israels plan for \u00e5 okkupere Gaza er en katastrofe i emning, mener Frankrikes president. Italiensk minister sammenligner Netanyahu&hellip;\n","protected":false},"author":2,"featured_media":5029,"comment_status":"","ping_status":"","sticky":false,"template":"","format":"standard","meta":{"footnotes":""},"categories":[5],"tags":[54,20,21,1241,24,25,1244,53,15,19,1243,1242,22,23,17,18,13,30,28,29,14,16,26,27],"class_list":{"0":"post-5028","1":"post","2":"type-post","3":"status-publish","4":"format-standard","5":"has-post-thumbnail","7":"category-overskrifter","8":"tag-benjamin-netanyahu","9":"tag-breaking-news","10":"tag-breakingnews","11":"tag-emmanuel-macron","12":"tag-featured-news","13":"tag-featurednews","14":"tag-frankrike","15":"tag-gaza","16":"tag-headlines","17":"tag-hovedoppslag","18":"tag-israel-palestina","19":"tag-italia","20":"tag-latest-news","21":"tag-latestnews","22":"tag-main-news","23":"tag-mainnews","24":"tag-news","25":"tag-no","26":"tag-norge","27":"tag-norway","28":"tag-nyheter","29":"tag-overskrifter","30":"tag-top-stories","31":"tag-topstories"},"share_on_mastodon":{"url":"","error":""},"_links":{"self":[{"href":"https:\/\/www.europesays.com\/no\/wp-json\/wp\/v2\/posts\/5028","targetHints":{"allow":["GET"]}}],"collection":[{"href":"https:\/\/www.europesays.com\/no\/wp-json\/wp\/v2\/posts"}],"about":[{"href":"https:\/\/www.europesays.com\/no\/wp-json\/wp\/v2\/types\/post"}],"author":[{"embeddable":true,"href":"https:\/\/www.europesays.com\/no\/wp-json\/wp\/v2\/users\/2"}],"replies":[{"embeddable":true,"href":"https:\/\/www.europesays.com\/no\/wp-json\/wp\/v2\/comments?post=5028"}],"version-history":[{"count":0,"href":"https:\/\/www.europesays.com\/no\/wp-json\/wp\/v2\/posts\/5028\/revisions"}],"wp:featuredmedia":[{"embeddable":true,"href":"https:\/\/www.europesays.com\/no\/wp-json\/wp\/v2\/media\/5029"}],"wp:attachment":[{"href":"https:\/\/www.europesays.com\/no\/wp-json\/wp\/v2\/media?parent=5028"}],"wp:term":[{"taxonomy":"category","embeddable":true,"href":"https:\/\/www.europesays.com\/no\/wp-json\/wp\/v2\/categories?post=5028"},{"taxonomy":"post_tag","embeddable":true,"href":"https:\/\/www.europesays.com\/no\/wp-json\/wp\/v2\/tags?post=5028"}],"curies":[{"name":"wp","href":"https:\/\/api.w.org\/{rel}","templated":true}]}}