{"id":50291,"date":"2025-10-01T17:40:12","date_gmt":"2025-10-01T17:40:12","guid":{"rendered":"https:\/\/www.europesays.com\/no\/50291\/"},"modified":"2025-10-01T17:40:12","modified_gmt":"2025-10-01T17:40:12","slug":"vaer-haugesund-varsler-vindkast-opp-mot-40-m-s-vurderer-oransje-farevarsel","status":"publish","type":"post","link":"https:\/\/www.europesays.com\/no\/50291\/","title":{"rendered":"V\u00e6r, Haugesund | Varsler vindkast opp mot 40 m\/s: \u2013 Vurderer oransje farevarsel"},"content":{"rendered":"\n<p><b>V\u00c6R: <\/b>Haugesunds Avis skrev tirsdag om uv\u00e6ret som er ventet. Et sv\u00e6rt kraftig lavtrykk som tidligere var en tropisk syklon utenfor Bahamas, er p\u00e5 vei mot oss.<\/p>\n<p>I USA fikk uv\u00e6ret navnet \u00abHumberto\u00bb.<\/p>\n<p>N\u00e5 har ogs\u00e5 britene gitt stormen navn.<\/p>\n<p><b>\u2013 De har kalt den Amy, sier vakthavende meteorolog Alexander Skeltved p\u00e5 Meteorologisk Institutt. <\/b><\/p>\n<p>  <a href=\"https:\/\/www.h-avis.no\/5-62-1930580\" class=\"related-teaser has-image default-story-teaser article--c-eRUmMG article--c-eRUmMG-jKCPdD-design-default\" rel=\"nofollow noopener\" target=\"_blank\"><\/p>\n<p>    <img decoding=\"async\" loading=\"lazy\"  src=\"https:\/\/www.europesays.com\/no\/wp-content\/uploads\/2025\/10\/G2Fa8myWQAAXfY5.jpg\" alt=\"\" class=\"brick-c-cFOWSL\" style=\"\"\/><\/p>\n<p>\n            Les ogs\u00e5<\/p>\n<p>              Varsler \u00e5rets f\u00f8rste h\u00f8ststorm: \u2013 Kan bli intenst\n        <\/p>\n<p>  <\/a><br \/>\n  Over 40 m\/s<\/p>\n<p>Han har brukt formiddagen til \u00e5 se p\u00e5 uv\u00e6ret som venter. Det er n\u00e5 sendt ut gult farevarsel for hele Vestlandet, fra Rogaland til Stadt.<\/p>\n<p><b>\u2013 For oss er det vindkastene som blir det viktige. Det er fra fredag ettermiddag til l\u00f8rdag morgen ventet vindkast p\u00e5 30-38 meter per sekund (m\/s). Det er ogs\u00e5 mulig det kan g\u00e5 opp til 42 m\/s, sier Skeltved. <\/b><\/p>\n<p>Orkan styrke p\u00e5 middelvind er til sammenligning 32,6 m\/s.<\/p>\n<p>Hvis vindkastene passerer 40 m\/s, passeres ogs\u00e5 grensen for oransje farevarsel.<\/p>\n<p><b>\u2013 Det er noe vi vurderer fram mot fredag, sier meteorologen. <\/b><\/p>\n<p>Vinden vil komme fra s\u00f8r\u00f8st, som gj\u00f8r at ogs\u00e5 indre omr\u00e5der av Rogaland blir rammet.<\/p>\n<p><b>\u2013 Det blir utfordrende, fordi vinden treffer fjellene, og kommer ned p\u00e5 baksiden. Det rammer b\u00e5de indre str\u00f8k og helt ut til kysten, sier Skeltved. <\/b><\/p>\n<p>            Vindstyrke og meter per sekund <\/p>\n<p>  Stor utfartsdag<\/p>\n<p>Oppfordringen er at folk m\u00e5 sikre l\u00f8se gjenstander, og v\u00e6re forsiktige med \u00e5 ferdes i utsatte omr\u00e5der.<\/p>\n<p><b>\u2013 Dette er jo starten p\u00e5 h\u00f8stferien, og fredag er ventet \u00e5 bli en stor utfartsdag. Dersom det er mulig, anbefaler vi \u00e5 utsette turen noe til vinden roer seg. Det er potensial her for at det blir stengte broer og innstilte ferger, og tr\u00e6r kan falle over veien, sier Skeltved. <\/b><\/p>\n<p>Og ikke nok med det. Med vinden kommer det ogs\u00e5 mye regn.<\/p>\n<p>\u2013 B\u00e5de l\u00f8rdag og s\u00f8ndag kan det bli 50-60 millimeter nedb\u00f8r, s\u00e5 over 100 millimeter til sammen i helgen, sier Skeltved.<\/p>\n<p>\u2013 Hvor sikre er dere p\u00e5 at dette vil treffe Rogaland? <\/p>\n<p><b>\u2013 Vi er mer sikre enn i g\u00e5r, men vi er sikre p\u00e5 at det vil bli kraftige vindkast fra Rogaland til Stadt. Usikkerheten ligger litt i banen til lavtrykket, og hvor n\u00e6rt det kommer. Tidligere l\u00e5 det an til at det kunne bli enda kraftigere, sier Skeltved, og fortsetter: <\/b><\/p>\n<p><b>\u2013 Siden det er utfartsdag, sender vi ut varsel for et st\u00f8rre omr\u00e5de med litt grove beregninger. S\u00e5 vil det finjusteres p\u00e5 torsdag og fredag n\u00e5r det n\u00e6rmer seg enda mer. Folk f\u00e5r f\u00f8lge med.<\/b><\/p>\n<p>Det er ogs\u00e5 sendt ut farevarsel om vindkast i fjellet, og det kan komme sn\u00f8 med vinden.<\/p>\n<p>\u2013 Kj\u00f8r forsiktig med vinterdekk, og v\u00e6r forberedt p\u00e5 forsinkelser, skriver Meteorologene p\u00e5 X.<\/p>\n<p>   <img decoding=\"async\" width=\"397\" height=\"286\" fetchpriority=\"low\"  loading=\"lazy\"  src=\"https:\/\/www.europesays.com\/no\/wp-content\/uploads\/2025\/10\/jpeg2.jpg\" alt=\"\" class=\"brick-c-cFOWSL\" style=\"--brick-image-ratio: 397 \/ 286;\"\/><\/p>\n<p>    VIND I FJELLET: Gult farevarsel for vind ogs\u00e5 i fjellet, men fare for at det ogs\u00e5 kan komme sn\u00f8. Kj\u00f8r forsiktig!<br \/>\n    Foto: Meteorologisk Institutt\n  <\/p>\n<p>Og som om ikke det var nok, er det samme farevarselet om vindkast p\u00e5 gult niv\u00e5 sendt ut for kysten av s\u00f8r\u00f8st-landet.<\/p>\n<p>Finere mandag<\/p>\n<p>Lyset i enden av tunnelen er at vinden skal l\u00f8ye i l\u00f8pet av helgen. Mandag ser ut til \u00e5 bli en fin dag.<\/p>\n<p><b>\u2013 Etter det ligger det an til \u00e5 bli mer skiftende h\u00f8stv\u00e6r utover i ferien, sier Skeltved. <\/b><\/p>\n","protected":false},"excerpt":{"rendered":"V\u00c6R: Haugesunds Avis skrev tirsdag om uv\u00e6ret som er ventet. Et sv\u00e6rt kraftig lavtrykk som tidligere var en&hellip;\n","protected":false},"author":2,"featured_media":50292,"comment_status":"","ping_status":"","sticky":false,"template":"","format":"standard","meta":{"footnotes":""},"categories":[10],"tags":[36,20,21,102,24,25,1337,15,1761,22,23,13,30,28,29,14,16,1510,26,27,553,7585],"class_list":{"0":"post-50291","1":"post","2":"type-post","3":"status-publish","4":"format-standard","5":"has-post-thumbnail","7":"category-norge","8":"tag-art","9":"tag-breaking-news","10":"tag-breakingnews","11":"tag-farevarsel","12":"tag-featured-news","13":"tag-featurednews","14":"tag-haugesund","15":"tag-headlines","16":"tag-karmoy","17":"tag-latest-news","18":"tag-latestnews","19":"tag-news","20":"tag-no","21":"tag-norge","22":"tag-norway","23":"tag-nyheter","24":"tag-overskrifter","25":"tag-story","26":"tag-top-stories","27":"tag-topstories","28":"tag-vaer","29":"tag-vind"},"share_on_mastodon":{"url":"","error":""},"_links":{"self":[{"href":"https:\/\/www.europesays.com\/no\/wp-json\/wp\/v2\/posts\/50291","targetHints":{"allow":["GET"]}}],"collection":[{"href":"https:\/\/www.europesays.com\/no\/wp-json\/wp\/v2\/posts"}],"about":[{"href":"https:\/\/www.europesays.com\/no\/wp-json\/wp\/v2\/types\/post"}],"author":[{"embeddable":true,"href":"https:\/\/www.europesays.com\/no\/wp-json\/wp\/v2\/users\/2"}],"replies":[{"embeddable":true,"href":"https:\/\/www.europesays.com\/no\/wp-json\/wp\/v2\/comments?post=50291"}],"version-history":[{"count":0,"href":"https:\/\/www.europesays.com\/no\/wp-json\/wp\/v2\/posts\/50291\/revisions"}],"wp:featuredmedia":[{"embeddable":true,"href":"https:\/\/www.europesays.com\/no\/wp-json\/wp\/v2\/media\/50292"}],"wp:attachment":[{"href":"https:\/\/www.europesays.com\/no\/wp-json\/wp\/v2\/media?parent=50291"}],"wp:term":[{"taxonomy":"category","embeddable":true,"href":"https:\/\/www.europesays.com\/no\/wp-json\/wp\/v2\/categories?post=50291"},{"taxonomy":"post_tag","embeddable":true,"href":"https:\/\/www.europesays.com\/no\/wp-json\/wp\/v2\/tags?post=50291"}],"curies":[{"name":"wp","href":"https:\/\/api.w.org\/{rel}","templated":true}]}}