{"id":5030,"date":"2025-08-11T13:18:09","date_gmt":"2025-08-11T13:18:09","guid":{"rendered":"https:\/\/www.europesays.com\/no\/5030\/"},"modified":"2025-08-11T13:18:09","modified_gmt":"2025-08-11T13:18:09","slug":"friidrettssenasjonen-hakon-moe-berg-drommer-om-vm","status":"publish","type":"post","link":"https:\/\/www.europesays.com\/no\/5030\/","title":{"rendered":"Friidrettssenasjonen H\u00e5kon Moe Berg dr\u00f8mmer om VM:"},"content":{"rendered":"\n<p class=\"_lead_1bvmi_2 _lead_xtcu6_50 layout-component text-serif-m layout-normal text-serif-l layout-component layout-wide layout-padded _wide_17hqh_1 layout-padded\">H\u00e5kon Moe Berg (19) har den siste uken satt sitt stempel p\u00e5 det europeiske friidrettskartet. N\u00e5 h\u00e5per stortalentet p\u00e5 VM-plass i Tokyo.<\/p>\n<p><img alt=\"SIKTER MOT VM: H\u00e5kon Moe Berg (19) \u00f8yner h\u00e5pet for VM-plass. Foto: Kristoffer Randall\" class=\"_image_qp4xg_65 layout-component layout-wide\" data-fullscreen- data-track-element-type=\"Article image fullscreen\" data-track-name=\"ImageFullscreen\" fetchpriority=\"high\" decoding=\"sync\" loading=\"eager\" height=\"6193\" itemprop=\"image\"  src=\"https:\/\/www.europesays.com\/no\/wp-content\/uploads\/2025\/08\/2901946e-873b-4e00-874f-6bb6d572fe04\"  style=\"object-position:0% 0%\" width=\"4129\"\/>SIKTER MOT VM: H\u00e5kon Moe Berg (19) \u00f8yner h\u00e5pet for VM-plass. Foto: Kristoffer Randall<\/p>\n<ul aria-hidden=\"true\" class=\"_images_1y6fe_106\">\n<li><a class=\"_link_1y6fe_111\" href=\"https:\/\/www.vg.no\/forfatter\/henrik-davidsen-hellevik\" style=\"z-index:1\" title=\"Henrik Davidsen Hellevik\" rel=\"nofollow noopener\" target=\"_blank\"><img alt=\"Bilde av Henrik Davidsen Hellevik\" class=\"_image_1y6fe_88\" fetchpriority=\"low\" loading=\"lazy\" decoding=\"async\" itemprop=\"image\"  src=\"https:\/\/www.europesays.com\/no\/wp-content\/uploads\/2025\/08\/1754918288_959_5443292c-a647-4269-871c-1f6248707e55\"  width=\"480\"\/><\/a><\/li>\n<\/ul>\n<p> Oppdatert mandag 11. august kl. 14:38    <\/p>\n<ul class=\"_list_1bvmi_3 _list_1flq1_85 _unordered_1bvmi_99 text-sans-m\">\n<li class=\"_item_1bvmi_30\">H\u00e5kon Moe Berg (19) vant gull p\u00e5 b\u00e5de 1500 og 3000 meter under U20-EM i Finland.<\/li>\n<li class=\"_item_1bvmi_30\">Talentet fra Kyrks\u00e6ter\u00f8ra h\u00e5per p\u00e5 VM-plass i Tokyo.<\/li>\n<li class=\"_item_1bvmi_30\">NRKs friidrettskommentator Jann Post hyller Bergs prestasjoner.<\/li>\n<li class=\"_item_1bvmi_30\">Berg satt personlig rekord p\u00e5 1500 meter under Bislett Games, og vurderer nye stevner for \u00e5 kunne klare VM-kravet.<\/li>\n<\/ul>\n<p>Vis mer <\/p>\n<p class=\"_paragraph_1bvmi_4 _paragraph_xtcu6_10 layout-component text-serif-m layout-normal text-serif-m layout-padded\">\u2013 Det kunne jo ikke ha g\u00e5tt s\u00e5 mye bedre.<\/p>\n<p class=\"_paragraph_1bvmi_4 _paragraph_xtcu6_10 layout-component text-serif-m layout-normal text-serif-m layout-padded\">Det sier en meget forn\u00f8yd <a href=\"https:\/\/www.vg.no\/tag\/haakon-moe-berg?utm_source=vg-article&amp;utm_medium=auto-tagger&amp;utm_campaign=RzWozW\" class=\"_link_1bvmi_39\" rel=\"nofollow noopener\" target=\"_blank\">H\u00e5kon Moe Berg<\/a> til VG etter seieren p\u00e5 1500 meter i U20-EM i Finland.<\/p>\n<p class=\"_paragraph_1bvmi_4 _paragraph_xtcu6_10 layout-component text-serif-m layout-normal text-serif-m layout-padded\">I forkant av <a href=\"https:\/\/www.vg.no\/sport\/i\/dR3qdz\/haakon-moe-berg-med-gulldobbel-i-u20-em-best-ogsaa-paa-1500-meter\" data-track-element-type=\"Link\" data-track-id=\"link:dR3qdz\" class=\"_link_1bvmi_39\" rel=\"nofollow noopener\" target=\"_blank\">s\u00f8ndagens 1500 meter<\/a> hadde Moe Berg vunnet <a href=\"https:\/\/www.vg.no\/sport\/i\/5E2LKb\/friidrett-haakon-moe-berg-med-ny-tittel-suveren-i-u20-em\" data-track-element-type=\"Link\" data-track-id=\"link:5E2LKb\" class=\"_link_1bvmi_39\" rel=\"nofollow noopener\" target=\"_blank\">gull p\u00e5 l\u00f8rdagens 3000 meter<\/a>, i tillegg til \u00e5 sensasjonelt <a href=\"https:\/\/www.vg.no\/sport\/i\/73r2G9\/narve-gilje-nordaas-slaatt-under-nm-finalen-paa-1500-meter\" data-track-element-type=\"Link\" data-track-id=\"link:73r2G9\" class=\"_link_1bvmi_39\" rel=\"nofollow noopener\" target=\"_blank\">sl\u00e5 Narve Gilje Nord\u00e5s p\u00e5 1500-meteren<\/a> under NM p\u00e5 Ask\u00f8y forrige helg.<\/p>\n<p class=\"_paragraph_1bvmi_4 _paragraph_xtcu6_10 layout-component text-serif-m layout-normal text-serif-m layout-padded\">\u2013 Det var veldig artig. Jeg var favoritt p\u00e5 forh\u00e5nd, men etter tre l\u00f8p p\u00e5 de tre siste dagene, merket jeg det i forkant av dagens l\u00f8p. Det gikk heldigvis bra, sier Moe Berg om s\u00f8ndagens seier.<\/p>\n<p class=\"_paragraph_1bvmi_4 _paragraph_xtcu6_10 layout-component text-serif-m layout-normal text-serif-m layout-padded\">Til tross for den siste ukens sensasjonelle prestasjoner, er det ingen fare for at 19-\u00e5ringen fra Kyrks\u00e6ter\u00f8ra i Tr\u00f8ndelag mister bakkekontakten.<\/p>\n<p class=\"_paragraph_1bvmi_4 _paragraph_xtcu6_10 layout-component text-serif-m layout-normal text-serif-m layout-padded\"><strong class=\"_strong_1bvmi_25\">\u2013 Jeg f\u00f8ler meg fortsatt ganske godt plantet p\u00e5 jorden, s\u00e5 det er ikke noe problem, sier Moe Berg.<\/strong><\/p>\n<p><img alt=\"H\u00e5kon Moe Berg (t.h) jubler etter seieren. Her sammen med Andreas Dybdahl (t.v), som sikret dobbelt norsk p\u00e5 1500-meteren under U20-EM i Finland.   Foto: Kristoffer Randall\" class=\"_image_qp4xg_65 layout-component layout-normal\" data-fullscreen- data-track-element-type=\"Article image fullscreen\" data-track-name=\"ImageFullscreen\" decoding=\"async\" loading=\"lazy\" height=\"6621\" itemprop=\"image\"  src=\"https:\/\/www.europesays.com\/no\/wp-content\/uploads\/2025\/08\/3ea908c1-b8ab-487a-bc50-6d9f366bcaf7\"  style=\"object-position:0% 0%\" width=\"4482\"\/>H\u00e5kon Moe Berg (t.h) jubler etter seieren. Her sammen med Andreas Dybdahl (t.v), som sikret dobbelt norsk p\u00e5 1500-meteren under U20-EM i Finland.   Foto: Kristoffer Randall<\/p>\n<p class=\"_paragraph_1bvmi_4 _paragraph_xtcu6_10 layout-component text-serif-m layout-normal text-serif-m layout-padded\">NRKs friidrettskommentator Jann Post er mektig imponert over hva 19-\u00e5ringen har klart \u00e5 f\u00e5 til de siste ukene.<\/p>\n<p class=\"_paragraph_1bvmi_4 _paragraph_xtcu6_10 layout-component text-serif-m layout-normal text-serif-m layout-padded\"><strong class=\"_strong_1bvmi_25\">\u2013 Det har v\u00e6rt ekstremt bra. Han har virkelig f\u00e5tt vist hva som bor i ham. Jeg er imponert over at han klarer \u00e5 st\u00e5 i det med s\u00e5 mange konkurranser p\u00e5 kort tid, sier Post til VG.<\/strong><\/p>\n<p class=\"_paragraph_1bvmi_4 _paragraph_xtcu6_10 layout-component text-serif-m layout-normal text-serif-m layout-padded\">Ogs\u00e5 internt i friidrettsforbundet hylles tr\u00f8nderen.<\/p>\n<p class=\"_paragraph_1bvmi_4 _paragraph_xtcu6_10 layout-component text-serif-m layout-normal text-serif-m layout-padded\">\u2013 H\u00e5kon er et eksepsjonelt talent. I l\u00f8pet av en uke har han spurtsl\u00e5tt Narve Gilje Nord\u00e5s i senior-NM p\u00e5 Ask\u00f8y og vunnet gull p\u00e5 3000 meter og 1500 meter i U20-EM i Finland. Det er forsiktig sagt en sterk prestasjon, sier \u00d8ystein Jarlsbo, fungerende sportssjef i Norges Friidrettsforbund til VG.<\/p>\n<p class=\"_paragraph_1bvmi_4 _paragraph_xtcu6_10 layout-component text-serif-m layout-normal text-serif-m layout-padded\">Om en dr\u00f8y m\u00e5ned venter VM i friidrett i Tokyo. Etter hva som har v\u00e6rt en kanongod sesong for tr\u00f8nderen, har han et lite h\u00e5p om \u00e5 kunne f\u00e5 en plass p\u00e5 det norske laget.<\/p>\n<p class=\"_paragraph_1bvmi_4 _paragraph_xtcu6_10 layout-component text-serif-m layout-normal text-serif-m layout-padded\">VM-kravet p\u00e5 1500 meter er p\u00e5 3,33. Moe Bergs personlige rekord er p\u00e5 3,35,41, satt under Bislett Games i juni. 19-\u00e5ringen har fortsatt ikke bestemt seg for hvilket stevne han skal fors\u00f8ke \u00e5 ta VM-kravet, men at det er et stort h\u00e5p om \u00e5 kunne klare kravet innen de neste ukene.<\/p>\n<p class=\"_paragraph_1bvmi_4 _paragraph_xtcu6_10 layout-component text-serif-m layout-normal text-serif-m layout-padded\">\u2013 Dersom jeg klarer \u00e5 klatre p\u00e5 rankingen eller at noen trekker seg, s\u00e5 er jeg klar, sier friidrettstalentet med h\u00e5p i stemmen.<\/p>\n<p class=\"_paragraph_1bvmi_4 _paragraph_xtcu6_10 layout-component text-serif-m layout-normal text-serif-m layout-padded\">I \u00f8yeblikket er Moe Berg rangert som <a href=\"https:\/\/worldathletics.org\/world-rankings\/1500m\/men\" class=\"_link_1bvmi_39\" rel=\"nofollow noopener\" target=\"_blank\">nummer 81 i verden<\/a>. Under VM i 2023 var det 58 l\u00f8pere som stilte til start p\u00e5 1500-meter.<\/p>\n<p class=\"_paragraph_1bvmi_4 _paragraph_xtcu6_10 layout-component text-serif-m layout-normal text-serif-m layout-padded\"><strong class=\"_strong_1bvmi_25\">\u2013 VM er absolutt mulig. Jeg tror jeg kan l\u00f8pe en del raskere enn det jeg har gjort til n\u00e5, fortsetter Moe Berg.<\/strong><\/p>\n<ul class=\"_list_1bvmi_3 _list_xtcu6_9 _unordered_1bvmi_99 layout-component text-serif-m layout-normal text-serif-m layout-padded\">\n<li class=\"_item_1bvmi_30\"><a href=\"https:\/\/www.vg.no\/sport\/i\/OoVk13\/friidretts-vm-2025-i-japan-sendeskjema-og-alt-du-trenger-aa-vite\" data-track-element-type=\"Link\" data-track-id=\"link:OoVk13\" class=\"_link_1bvmi_39\" rel=\"nofollow noopener\" target=\"_blank\">Alt du trenger \u00e5 vite om friidretts-VM<\/a><\/li>\n<\/ul>\n<p class=\"_paragraph_1bvmi_4 _paragraph_xtcu6_10 layout-component text-serif-m layout-normal text-serif-m layout-padded\">Post ser ikke bort fra at stortalentet har det som skal til for \u00e5 kunne stille p\u00e5 startstreken om en dr\u00f8y m\u00e5ned.<\/p>\n<p class=\"_paragraph_1bvmi_4 _paragraph_xtcu6_10 layout-component text-serif-m layout-normal text-serif-m layout-padded\">\u2013 Det er en \u00f8velse der det er ekstremt t\u00f8ft for tiden med et skyh\u00f8yt internasjonalt niv\u00e5, men jeg tror det er mulig for han n\u00e5, sier friidrettskommentatoren om Moe Bergs sjanser.<\/p>\n<p><img alt=\"H\u00e5kon Moe Berg tok NM-gull p\u00e5 1500-meter p\u00e5 Ask\u00f8y forrige helg.  Foto: Paul S. Amundsen \/ NTB\" class=\"_image_qp4xg_65 layout-component layout-normal\" data-fullscreen- data-track-element-type=\"Article image fullscreen\" data-track-name=\"ImageFullscreen\" decoding=\"async\" loading=\"lazy\" height=\"4346\" itemprop=\"image\"  src=\"https:\/\/www.europesays.com\/no\/wp-content\/uploads\/2025\/08\/409c897b-28a4-4785-aa89-d0a7f96d8d7a\"  style=\"object-position:0% 0%\" width=\"6515\"\/>H\u00e5kon Moe Berg tok NM-gull p\u00e5 1500-meter p\u00e5 Ask\u00f8y forrige helg.  Foto: Paul S. Amundsen \/ NTB<\/p>\n<p class=\"_paragraph_1bvmi_4 _paragraph_xtcu6_10 layout-component text-serif-m layout-normal text-serif-m layout-padded\">Utover sitt enorme l\u00f8pstalent har 19-\u00e5ringen tatt flysertifikat. En aktivitet han trives s\u00e6rdeles godt med.<\/p>\n<p class=\"_paragraph_1bvmi_4 _paragraph_xtcu6_10 layout-component text-serif-m layout-normal text-serif-m layout-padded\">\u2013 Jeg satser p\u00e5 \u00e5 f\u00e5 noen helger p\u00e5 OppdalOppdalKommune i Tr\u00f8ndelag. for \u00e5 fly, sier Moe Berg.<\/p>\n<p class=\"_paragraph_1bvmi_4 _paragraph_xtcu6_10 layout-component text-serif-m layout-normal text-serif-m layout-padded\"><strong class=\"_strong_1bvmi_25\">\u2013 Vi kan ikke bare holde p\u00e5 med l\u00f8ping. Det blir for tamt, fortsetter 19-\u00e5ringen lattermildt i telefonen fra Finland.<\/strong><\/p>\n<p class=\"_paragraph_1bvmi_4 _paragraph_xtcu6_10 layout-component text-serif-m layout-normal text-serif-m layout-padded\">Tiden vil vise om friidrettskarrieren blir en langvarig suksess for 19-\u00e5ringen. Post er likevel ikke i tvil om at Moe Berg har en lysende fremtid i vente, uavhengig av hva som skjer p\u00e5 l\u00f8pebanen.<\/p>\n<p class=\"_paragraph_1bvmi_4 _paragraph_xtcu6_10 layout-component text-serif-m layout-normal text-serif-m layout-padded\">\u2013 H\u00e5kon er en klok gutt. Han kommer til \u00e5 lykkes uansett hvilken vei han kommer til \u00e5 g\u00e5, sier friidrettskommentatoren h\u00e5pefullt.<\/p>\n","protected":false},"excerpt":{"rendered":"H\u00e5kon Moe Berg (19) har den siste uken satt sitt stempel p\u00e5 det europeiske friidrettskartet. N\u00e5 h\u00e5per stortalentet&hellip;\n","protected":false},"author":2,"featured_media":5031,"comment_status":"","ping_status":"","sticky":false,"template":"","format":"standard","meta":{"footnotes":""},"categories":[59],"tags":[423,1245,959,30,28,29,83,82],"class_list":{"0":"post-5030","1":"post","2":"type-post","3":"status-publish","4":"format-standard","5":"has-post-thumbnail","7":"category-sport","8":"tag-friidrett","9":"tag-friidretts-vm","10":"tag-hakon-moe-berg","11":"tag-no","12":"tag-norge","13":"tag-norway","14":"tag-sport","15":"tag-sports"},"share_on_mastodon":{"url":"","error":""},"_links":{"self":[{"href":"https:\/\/www.europesays.com\/no\/wp-json\/wp\/v2\/posts\/5030","targetHints":{"allow":["GET"]}}],"collection":[{"href":"https:\/\/www.europesays.com\/no\/wp-json\/wp\/v2\/posts"}],"about":[{"href":"https:\/\/www.europesays.com\/no\/wp-json\/wp\/v2\/types\/post"}],"author":[{"embeddable":true,"href":"https:\/\/www.europesays.com\/no\/wp-json\/wp\/v2\/users\/2"}],"replies":[{"embeddable":true,"href":"https:\/\/www.europesays.com\/no\/wp-json\/wp\/v2\/comments?post=5030"}],"version-history":[{"count":0,"href":"https:\/\/www.europesays.com\/no\/wp-json\/wp\/v2\/posts\/5030\/revisions"}],"wp:featuredmedia":[{"embeddable":true,"href":"https:\/\/www.europesays.com\/no\/wp-json\/wp\/v2\/media\/5031"}],"wp:attachment":[{"href":"https:\/\/www.europesays.com\/no\/wp-json\/wp\/v2\/media?parent=5030"}],"wp:term":[{"taxonomy":"category","embeddable":true,"href":"https:\/\/www.europesays.com\/no\/wp-json\/wp\/v2\/categories?post=5030"},{"taxonomy":"post_tag","embeddable":true,"href":"https:\/\/www.europesays.com\/no\/wp-json\/wp\/v2\/tags?post=5030"}],"curies":[{"name":"wp","href":"https:\/\/api.w.org\/{rel}","templated":true}]}}