{"id":50303,"date":"2025-10-01T17:57:08","date_gmt":"2025-10-01T17:57:08","guid":{"rendered":"https:\/\/www.europesays.com\/no\/50303\/"},"modified":"2025-10-01T17:57:08","modified_gmt":"2025-10-01T17:57:08","slug":"michelle-pfeiffer-avslorer-stor-nyhet-hollywood-stjernen-er-blitt-bestemor","status":"publish","type":"post","link":"https:\/\/www.europesays.com\/no\/50303\/","title":{"rendered":"Michelle Pfeiffer avsl\u00f8rer stor nyhet: Hollywood-stjernen er blitt bestemor"},"content":{"rendered":"<p class=\"kicker \" style=\"\">Michelle Pfeiffer:<\/p>\n<p>  Den ikoniske Hollywood-stjernen har holdt en stor livsendring skjult i et helt \u00e5r!<\/p>\n<p>\n    HEMMELIGHET: Filmstjernen Michelle Pfeiffer avsl\u00f8rer private detaljer i ny podkast-episode. Foto: NTB\n  <\/p>\n<p>Skuespiller Michelle Pfeiffer (67) er utvilsomt en av de aller st\u00f8rste filmstjernene p\u00e5 verdensbasis, og har bemerket seg i en rekke storfilmer, deriblant \u00abScarface\u00bb, \u00abThe Fabulous Baker Boys\u00bb og \u00abBatman Returns\u00bb.<\/p>\n<p>Mandag dukket hun opp i et sjeldent intervju i podkasten\u00a0\u00abSmartLess\u00bb med skuespillerkollegaene Jason Bateman (56), Will Arnett (55) og Sean Hayes (55).<\/p>\n<p>    <a itemprop=\"url\" href=\"https:\/\/www.seher.no\/kongelig\/klinte-til-pa-apen-gate\/83655608\" rel=\"nofollow noopener\" target=\"_blank\"><\/p>\n<p>      <img loading=\"lazy\" decoding=\"async\" src=\"https:\/\/www.europesays.com\/no\/wp-content\/uploads\/2025\/10\/83655883.webp\" width=\"980\" height=\"441\" title=\"Klinte til p\u00e5 \u00e5pen gate!\" alt=\"\" class=\"lazyload\" style=\"--aspect-ratio-image: 2.22; \"\/><\/p>\n<p>        Klinte til p\u00e5 \u00e5pen gate!<\/p>\n<p>    <\/a><\/p>\n<p>De seneste \u00e5rene har skuespilleren trukket seg tilbake fra rampelyset og dukket opp i f\u00e6rre filmer enn f\u00f8r. Hun innr\u00f8mmer at det har v\u00e6rt med p\u00e5 \u00e5 dyrke lidenskapen hennes.<\/p>\n<p> &#8211; Jeg er s\u00e5 takknemlig fordi jeg elsker skuespill. Jeg har aldri mistet det, og jeg liker det nok faktisk mer n\u00e5 enn noen gang fordi jeg er mer avslappet med det, forteller Michelle i episoden.<\/p>\n<p>        \u00abSKAL VI DANSE\u00bb: Vi har tatt en titt p\u00e5 noen av de villeste \u00f8yeblikkene fra inn- og utland. Video: \u00abDancing with the Stars\u00bb\/ABC, \u00abSkal vi danse\u00bb\/TV 2, \u00abLet&#8217;s Dance\u00bb &#8211; TV 4, \u00abBailando por un Sue\u00f1o\u00bb &#8211; El Trece.<\/p>\n<p data-lab-font_weight=\"\">Hun kunne ogs\u00e5 avsl\u00f8re en stor hemmelighet hun har b\u00e5ret p\u00e5 i over ett \u00e5r:\u00a0<\/p>\n<p class=\"font-weight-bold m-font-weight-bold\" data-lab-font_weight=\"font-weight-bold\">&#8211;\u00a0Jeg har innsett at jeg bare har begrenset tid igjen, og jeg kan kanskje avsl\u00f8re i denne serien at jeg ble bestemor i fjor, forteller skuespilleren, og fortsetter:<\/p>\n<p>          <img loading=\"lazy\" decoding=\"async\" src=\"https:\/\/www.europesays.com\/no\/wp-content\/uploads\/2025\/10\/83661820.webp\" width=\"686\" height=\"995\" title=\"BESTEFORELDRE: Michelle Pfeiffer og ektemannen David E. Kelley har v\u00e6rt gift i 32 \u00e5r. Foto: NTB\" alt=\"\" class=\"\" style=\"--aspect-ratio-image: 0.69; \"\/><\/p>\n<p>\n          BESTEFORELDRE: Michelle Pfeiffer og ektemannen David E. Kelley har v\u00e6rt gift i 32 \u00e5r. Foto: NTB\n      <\/p>\n<p> &#8211; Jeg har v\u00e6rt veldig hemmelighetsfull om det, men det er helt himmelsk. Det er s\u00e5 vakkert. Og hvis jeg hadde visst at jeg skulle bli bestemor, ville jeg ikke ha p\u00e5tatt meg s\u00e5 mye arbeid. Men jeg har kost meg med alt og er virkelig takknemlig.<\/p>\n<p>          <img loading=\"lazy\" decoding=\"async\" src=\"https:\/\/www.europesays.com\/no\/wp-content\/uploads\/2025\/10\/83661906.webp\" width=\"686\" height=\"680\" title=\"FAMILIEFOR\u00d8KELSE: Michelle og David avbildet sammen med barna Claudia and John i 2007. Foto: NTB\" alt=\"\" class=\"\" style=\"--aspect-ratio-image: 1.01; \"\/><\/p>\n<p>\n          FAMILIEFOR\u00d8KELSE: Michelle og David avbildet sammen med barna Claudia and John i 2007. Foto: NTB\n      <\/p>\n<p>Michelle og ektemannen David E. Kelley kan alts\u00e5 glede seg over \u00e5 ha blitt besteforeldre for aller f\u00f8rste gang. Duoen m\u00f8ttes p\u00e5 en blind date i 1993, og samme \u00e5r giftet de seg i Malibu, California.<\/p>\n<p>    <a itemprop=\"url\" href=\"https:\/\/www.seher.no\/kjendis\/succession-stjerne-roper-gladnyhet\/83655109\" rel=\"nofollow noopener\" target=\"_blank\"><\/p>\n<p>      <img loading=\"lazy\" decoding=\"async\" src=\"https:\/\/www.europesays.com\/no\/wp-content\/uploads\/2025\/10\/83655553.webp\" width=\"147\" height=\"98\" title=\"Succession-stjerne r\u00f8per gladnyhet\" alt=\"\" class=\"lazyload\" style=\"--aspect-ratio-image: 1.50; \"\/><\/p>\n<p>        Succession-stjerne r\u00f8per gladnyhet<\/p>\n<p>    <\/a><\/p>\n<p>Filmstjernen hadde bare v\u00e6rt sammen med David i noen m\u00e5neder da hun adopterte datteren Claudia Rose (32), og et \u00e5r senere ble s\u00f8nnen deres, John Henry (31), f\u00f8dt.\u00a0<\/p>\n<p>Det er hittil ikke kjent hvem av barna som har blitt foreldre.\u00a0\u00a0<\/p>\n","protected":false},"excerpt":{"rendered":"Michelle Pfeiffer: Den ikoniske Hollywood-stjernen har holdt en stor livsendring skjult i et helt \u00e5r! HEMMELIGHET: Filmstjernen Michelle&hellip;\n","protected":false},"author":2,"featured_media":50304,"comment_status":"","ping_status":"","sticky":false,"template":"","format":"standard","meta":{"footnotes":""},"categories":[58],"tags":[7757,7758,71,5429,5026,479,2543,7759,30,28,29,72],"class_list":{"0":"post-50303","1":"post","2":"type-post","3":"status-publish","4":"format-standard","5":"has-post-thumbnail","7":"category-underholdning","8":"tag-besteforeldre","9":"tag-bestemor","10":"tag-entertainment","11":"tag-gladnyhet","12":"tag-hemmelighet","13":"tag-kjendis","14":"tag-kjendisdesken","15":"tag-michelle-pfeiffer","16":"tag-no","17":"tag-norge","18":"tag-norway","19":"tag-underholdning"},"share_on_mastodon":{"url":"","error":""},"_links":{"self":[{"href":"https:\/\/www.europesays.com\/no\/wp-json\/wp\/v2\/posts\/50303","targetHints":{"allow":["GET"]}}],"collection":[{"href":"https:\/\/www.europesays.com\/no\/wp-json\/wp\/v2\/posts"}],"about":[{"href":"https:\/\/www.europesays.com\/no\/wp-json\/wp\/v2\/types\/post"}],"author":[{"embeddable":true,"href":"https:\/\/www.europesays.com\/no\/wp-json\/wp\/v2\/users\/2"}],"replies":[{"embeddable":true,"href":"https:\/\/www.europesays.com\/no\/wp-json\/wp\/v2\/comments?post=50303"}],"version-history":[{"count":0,"href":"https:\/\/www.europesays.com\/no\/wp-json\/wp\/v2\/posts\/50303\/revisions"}],"wp:featuredmedia":[{"embeddable":true,"href":"https:\/\/www.europesays.com\/no\/wp-json\/wp\/v2\/media\/50304"}],"wp:attachment":[{"href":"https:\/\/www.europesays.com\/no\/wp-json\/wp\/v2\/media?parent=50303"}],"wp:term":[{"taxonomy":"category","embeddable":true,"href":"https:\/\/www.europesays.com\/no\/wp-json\/wp\/v2\/categories?post=50303"},{"taxonomy":"post_tag","embeddable":true,"href":"https:\/\/www.europesays.com\/no\/wp-json\/wp\/v2\/tags?post=50303"}],"curies":[{"name":"wp","href":"https:\/\/api.w.org\/{rel}","templated":true}]}}