{"id":50309,"date":"2025-10-01T18:04:21","date_gmt":"2025-10-01T18:04:21","guid":{"rendered":"https:\/\/www.europesays.com\/no\/50309\/"},"modified":"2025-10-01T18:04:21","modified_gmt":"2025-10-01T18:04:21","slug":"tiril-heide-steen-synger-ny-duett-med-sin-avdode-far","status":"publish","type":"post","link":"https:\/\/www.europesays.com\/no\/50309\/","title":{"rendered":"Tiril Heide-Steen: Synger ny duett med sin avd\u00f8de far"},"content":{"rendered":"<p><img decoding=\"async\" src=\"https:\/\/www.europesays.com\/no\/wp-content\/uploads\/2025\/10\/1759341861_665_39b70f78-5390-4d53-a904-ef1e26e6b1da\" alt=\"\" class=\"loaded\"\/><br \/>\n  17 \u00e5r etter at Harald Heide-Steen jr. sang inn sitt siste solo-album: N\u00e5 har datteren gjort \u00abYou Must Believe in Spring\u00bb om til \u00aben slags samtale mellom pappa og meg\u00bb. Bildet er fra Nasjonal Jazzscene.<br \/>\n  <strong>Foto:<\/strong> Paal Audestad \/ Aftenposten<\/p>\n<p class=\"lead\">\u2013 Rett f\u00f8r han d\u00f8de laget pappa en hel jazzplate. P\u00e5 mitt f\u00f8rste album synger vi sammen om det st\u00f8rste i livet, sier Tiril Heide-Steen. N\u00e5 deler hun ogs\u00e5 hum\u00f8r-r\u00e5d fra en av Norges morsomste menn. <\/p>\n","protected":false},"excerpt":{"rendered":"17 \u00e5r etter at Harald Heide-Steen jr. sang inn sitt siste solo-album: N\u00e5 har datteren gjort \u00abYou Must&hellip;\n","protected":false},"author":2,"featured_media":50310,"comment_status":"","ping_status":"","sticky":false,"template":"","format":"standard","meta":{"footnotes":""},"categories":[58],"tags":[71,7760,1377,30,28,29,72],"class_list":{"0":"post-50309","1":"post","2":"type-post","3":"status-publish","4":"format-standard","5":"has-post-thumbnail","7":"category-underholdning","8":"tag-entertainment","9":"tag-harald-heide-steen","10":"tag-jazz","11":"tag-no","12":"tag-norge","13":"tag-norway","14":"tag-underholdning"},"share_on_mastodon":{"url":"","error":""},"_links":{"self":[{"href":"https:\/\/www.europesays.com\/no\/wp-json\/wp\/v2\/posts\/50309","targetHints":{"allow":["GET"]}}],"collection":[{"href":"https:\/\/www.europesays.com\/no\/wp-json\/wp\/v2\/posts"}],"about":[{"href":"https:\/\/www.europesays.com\/no\/wp-json\/wp\/v2\/types\/post"}],"author":[{"embeddable":true,"href":"https:\/\/www.europesays.com\/no\/wp-json\/wp\/v2\/users\/2"}],"replies":[{"embeddable":true,"href":"https:\/\/www.europesays.com\/no\/wp-json\/wp\/v2\/comments?post=50309"}],"version-history":[{"count":0,"href":"https:\/\/www.europesays.com\/no\/wp-json\/wp\/v2\/posts\/50309\/revisions"}],"wp:featuredmedia":[{"embeddable":true,"href":"https:\/\/www.europesays.com\/no\/wp-json\/wp\/v2\/media\/50310"}],"wp:attachment":[{"href":"https:\/\/www.europesays.com\/no\/wp-json\/wp\/v2\/media?parent=50309"}],"wp:term":[{"taxonomy":"category","embeddable":true,"href":"https:\/\/www.europesays.com\/no\/wp-json\/wp\/v2\/categories?post=50309"},{"taxonomy":"post_tag","embeddable":true,"href":"https:\/\/www.europesays.com\/no\/wp-json\/wp\/v2\/tags?post=50309"}],"curies":[{"name":"wp","href":"https:\/\/api.w.org\/{rel}","templated":true}]}}