{"id":50313,"date":"2025-10-01T18:15:16","date_gmt":"2025-10-01T18:15:16","guid":{"rendered":"https:\/\/www.europesays.com\/no\/50313\/"},"modified":"2025-10-01T18:15:16","modified_gmt":"2025-10-01T18:15:16","slug":"skadene-kostet-250-000-kroner-det-matte-13-aringens-foresatte-betale-adressa-no","status":"publish","type":"post","link":"https:\/\/www.europesays.com\/no\/50313\/","title":{"rendered":"Skadene kostet 250 000 kroner. Det m\u00e5tte 13-\u00e5ringens foresatte betale &#8211; adressa.no"},"content":{"rendered":"<ol>\n<li><a href=\"https:\/\/news.google.com\/rss\/articles\/CBMilAFBVV95cUxQT2lXWmZXMlBtcG5FaGcwekdKUHF4MVZzV1NjSmZ1bUYxUmZtd3F4amNqMHFVRnFoa3FkRDVWN0NWd0hXeEdNWXVwZVhRMU5wSXAzbEF4WjdwNnNUR3p5MmxKc0VGTUhVLVN3UmZyT2MyX2xRQTA2eGJxeWllSDF3d1pTTG4yeW9TV0Q0dTJXNGpEV1dN?oc=5\" target=\"_blank\" rel=\"nofollow noopener\">Skadene kostet 250 000 kroner. Det m\u00e5tte 13-\u00e5ringens foresatte betale<\/a>&nbsp;&nbsp;adressa.no<\/li>\n<li><a href=\"https:\/\/news.google.com\/rss\/articles\/CBMivwFBVV95cUxPY0thSWtiVnVuSkpjNy0xRWpONTk4WVVJTnYxX3c0ajR3N0otcjJWTVVBOUxWbnUxZkYyOHJiRUFnQmJEM2JfT2FjYUFYOU45TXkydWNIc3FLeGNISlZHVFlnLTU0U29RR1VaSTVQdllqdGZaQTBMc3h3V1JSTW96ZGhCNEdIelBreVRLVk42YVZXRFJqWWNjbENST284Wk9HRGhfSVc0Wm9TOFAyWHdxbXIwRnBfM2NYZVROczFsUQ?oc=5\" target=\"_blank\" rel=\"nofollow noopener\">N\u00e5 begynner b\u00f8teleggingen av feilparkerte elsparkesykler \u2013 slik skal du parkere<\/a>&nbsp;&nbsp;Stavanger Aftenblad<\/li>\n<li><a href=\"https:\/\/news.google.com\/rss\/articles\/CBMidkFVX3lxTE80blUxOTVLUzhNSlJ5OUxUTzNxNVNQQmVNZnNYamJVZnFidzd6aThjaG5XaDlNQ1F0T3lNZGxsN25wYU53Ry1idTFTRHVuZkhNUUVGWXhDNDF1X1lTQ0xDbmt2NlNoR2ctYWtfTm5aaUJ1VVhFQlE?oc=5\" target=\"_blank\" rel=\"nofollow noopener\">Elsparkesykler enda en gang<\/a>&nbsp;&nbsp;Budstikka<\/li>\n<li><a href=\"https:\/\/news.google.com\/rss\/articles\/CBMitgFBVV95cUxQOHZ0WFVqT2VaNXo5QWpuMXd2ZVVpLVZXa2w1a3dkQ3g1NWh4U3VUUS0tUXhKcnVhdHJCZTRQdWFGbmU0OXhMN04zV3lWdXQ2amFXcWphNVdjaUd1ZThvUGx1V0kxX0F4OXktUzViVkl5NTBieXRKd3VPNU45SFpQUzJ1OWdfRkVDYUJkUThoS0NQZVZTUkxHRFlncUxYYW9MekJUM1N5RnpxZU5GUHVfbnpUd2ZNUQ?oc=5\" target=\"_blank\" rel=\"nofollow noopener\">Lesernes egne \u00absjokkopplevelser\u00bb med elsparkesykler: \u2013 Kommer som sm\u00e5 raketter i m\u00f8rket<\/a>&nbsp;&nbsp;Sandefjords Blad<\/li>\n<li><a href=\"https:\/\/news.google.com\/rss\/articles\/CBMioAFBVV95cUxNUG9zMXRJTnIwWnVGbEVTMTVRLXRrZHpmZXh5U3pNaERQRTJUYzdrV053MmJmOHFFdlVCX3hJb2oyazd0UWZRZ3p6WHd2RThma2czWmN0RjY0N0s0eF9QTklEejJqQmhIVC01UGQzWVgyR0dTN29wM2hRU0NtNlRMVDdIMEtseFdxTFhIelpEY1BMdnRYWlhIQ0tCS0dqVTh3?oc=5\" target=\"_blank\" rel=\"nofollow noopener\">\u00c5lg\u00e5rd, El-sparkesykkel | Leif ble p\u00e5kj\u00f8rt av en el-sparkesyklist: \u2013 Kunne g\u00e5tt riktig galt<\/a>&nbsp;&nbsp;Gjesdalbuen<\/li>\n<\/ol>\n","protected":false},"excerpt":{"rendered":"Skadene kostet 250 000 kroner. Det m\u00e5tte 13-\u00e5ringens foresatte betale&nbsp;&nbsp;adressa.no N\u00e5 begynner b\u00f8teleggingen av feilparkerte elsparkesykler \u2013 slik&hellip;\n","protected":false},"author":2,"featured_media":50314,"comment_status":"","ping_status":"","sticky":false,"template":"","format":"standard","meta":{"footnotes":""},"categories":[10],"tags":[20,21,5843,24,25,2147,15,22,23,13,30,28,29,14,16,3861,26,27,51],"class_list":{"0":"post-50313","1":"post","2":"type-post","3":"status-publish","4":"format-standard","5":"has-post-thumbnail","7":"category-norge","8":"tag-breaking-news","9":"tag-breakingnews","10":"tag-elsparkesykler","11":"tag-featured-news","12":"tag-featurednews","13":"tag-forsikring","14":"tag-headlines","15":"tag-latest-news","16":"tag-latestnews","17":"tag-news","18":"tag-no","19":"tag-norge","20":"tag-norway","21":"tag-nyheter","22":"tag-overskrifter","23":"tag-samferdselsdepartementet","24":"tag-top-stories","25":"tag-topstories","26":"tag-ulykke"},"share_on_mastodon":{"url":"","error":""},"_links":{"self":[{"href":"https:\/\/www.europesays.com\/no\/wp-json\/wp\/v2\/posts\/50313","targetHints":{"allow":["GET"]}}],"collection":[{"href":"https:\/\/www.europesays.com\/no\/wp-json\/wp\/v2\/posts"}],"about":[{"href":"https:\/\/www.europesays.com\/no\/wp-json\/wp\/v2\/types\/post"}],"author":[{"embeddable":true,"href":"https:\/\/www.europesays.com\/no\/wp-json\/wp\/v2\/users\/2"}],"replies":[{"embeddable":true,"href":"https:\/\/www.europesays.com\/no\/wp-json\/wp\/v2\/comments?post=50313"}],"version-history":[{"count":0,"href":"https:\/\/www.europesays.com\/no\/wp-json\/wp\/v2\/posts\/50313\/revisions"}],"wp:featuredmedia":[{"embeddable":true,"href":"https:\/\/www.europesays.com\/no\/wp-json\/wp\/v2\/media\/50314"}],"wp:attachment":[{"href":"https:\/\/www.europesays.com\/no\/wp-json\/wp\/v2\/media?parent=50313"}],"wp:term":[{"taxonomy":"category","embeddable":true,"href":"https:\/\/www.europesays.com\/no\/wp-json\/wp\/v2\/categories?post=50313"},{"taxonomy":"post_tag","embeddable":true,"href":"https:\/\/www.europesays.com\/no\/wp-json\/wp\/v2\/tags?post=50313"}],"curies":[{"name":"wp","href":"https:\/\/api.w.org\/{rel}","templated":true}]}}