{"id":50315,"date":"2025-10-01T18:21:13","date_gmt":"2025-10-01T18:21:13","guid":{"rendered":"https:\/\/www.europesays.com\/no\/50315\/"},"modified":"2025-10-01T18:21:13","modified_gmt":"2025-10-01T18:21:13","slug":"ukrainske-angrep-tvinger-frem-import-av-bensin-teknisk-ukeblad","status":"publish","type":"post","link":"https:\/\/www.europesays.com\/no\/50315\/","title":{"rendered":"Ukrainske angrep tvinger frem import av bensin &#8211; Teknisk Ukeblad"},"content":{"rendered":"<ol>\n<li><a href=\"https:\/\/news.google.com\/rss\/articles\/CBMihwFBVV95cUxQeDVkTmRfSVk2amxjejcwRG53UVBIVmU2NjlkWDU1cFpNSU00MEpjeWU1SlVydXdlM25qWjExdWNqSDA5cmkzSWd2N3lYTDk3VFBIeE05aDRFVmtZSWNUYnlEaTFhMUtwRHZibm1rUG81by1GVlRjU3p1VUFBNWhSa0tXNVoxT00?oc=5\" target=\"_blank\" rel=\"nofollow noopener\">Ukrainske angrep tvinger frem import av bensin<\/a>&nbsp;&nbsp;Teknisk Ukeblad<\/li>\n<li><a href=\"https:\/\/news.google.com\/rss\/articles\/CBMiuAFBVV95cUxOdVdWWFlBbkFSQ1U0dFpDemY3LVBoY29saWU1bThheUo3bXBUWm0xRkp5TDlVN1dTekVub28yd0VzTjlRajl1aHNaTEhjR25LSGlHZjBJNjdZVzJnaktWVVRCXzlMY3BaVk9MejlUcXNGRGpFTmpJbE1RUnpCbGJIVGRlendRam80SGZ3NDF5NWlBUnp0ZllfaTV3LUc0NngzSVAzOXRENEdhdnNXSU1WS3d5QkY4blNk?oc=5\" target=\"_blank\" rel=\"nofollow noopener\">Putins n\u00f8dl\u00f8sning latterliggj\u00f8res av hans egne<\/a>&nbsp;&nbsp;Nettavisen<\/li>\n<li><a href=\"https:\/\/news.google.com\/rss\/articles\/CBMipwFBVV95cUxPdHlxUjc3UFZJeTVVMmVQX2J6ZG8tVTJZbkNDX0hDMVVfUkVXWUZRSFA0ZFdIa3lJb3hoZDNZS01xYXd1TGh0MFo0S3BpMlVRaHdJRmpOWEVZNFdtQlVyaHpFVC1SdzdWTTZYQi1fLUxOcVFoZHcxVld3NkpHd0xHaFN0b0lYLUw2UFFyc0NqbkVlSUFJMHNocGM0TmtNVkpoTV9zR3ByVQ?oc=5\" target=\"_blank\" rel=\"nofollow noopener\">Russisk guvern\u00f8r: Pumpestasjon truffet i ukrainsk droneangrep<\/a>&nbsp;&nbsp;Aftenposten<\/li>\n<li><a href=\"https:\/\/news.google.com\/rss\/articles\/CBMiqgFBVV95cUxOdmkzMlpaSEhzbEhibTFzRWJLdFVGNEN1UkpYNUlpUWUtQzEtMlVsQkZ1VXN1ZENScFZjZ3NuYlgwdzVudmVuMHJuR0M2aEdvSjhvRXdNU3FYZ0NUNm5SS0RSQV9JVkxGZkZaNEpQY3NyNHlxSzVZb1lFbEU0eGtreEFDRkQxYkJjU1dFUTdvYTZIclJ5ZU51UXhIYkVRNTZ0U1E0OG9hTTJkdw?oc=5\" target=\"_blank\" rel=\"nofollow noopener\">Russlands oljeeksport p\u00e5 h\u00f8yeste niv\u00e5 siden mai 2024<\/a>&nbsp;&nbsp;Finansavisen<\/li>\n<li><a href=\"https:\/\/news.google.com\/rss\/articles\/CBMib0FVX3lxTE9WRTNGMjNEbkVfemlGTFZUNW5NbDZuV0Zlb2o4UlE0N3ZoVUVQMHJOWUkzMjhFZ1RRRDZydFFnc3hvZVZOY1RwRkI0d1BnNmZfMURHWDJfX01CSG1XTmdXSVBraTdYTWlBazM4UDNRRQ?oc=5\" target=\"_blank\" rel=\"nofollow noopener\">Russlands oljesektor i langsom kollaps<\/a>&nbsp;&nbsp;geopolitika.no<\/li>\n<\/ol>\n","protected":false},"excerpt":{"rendered":"Ukrainske angrep tvinger frem import av bensin&nbsp;&nbsp;Teknisk Ukeblad Putins n\u00f8dl\u00f8sning latterliggj\u00f8res av hans egne&nbsp;&nbsp;Nettavisen Russisk guvern\u00f8r: Pumpestasjon truffet&hellip;\n","protected":false},"author":2,"featured_media":50316,"comment_status":"","ping_status":"","sticky":false,"template":"","format":"standard","meta":{"footnotes":""},"categories":[12],"tags":[20,21,382,24,25,15,179,22,23,13,30,28,29,14,16,26,27,42,43,44,45],"class_list":{"0":"post-50315","1":"post","2":"type-post","3":"status-publish","4":"format-standard","5":"has-post-thumbnail","7":"category-verden","8":"tag-breaking-news","9":"tag-breakingnews","10":"tag-energi","11":"tag-featured-news","12":"tag-featurednews","13":"tag-headlines","14":"tag-krigen-i-ukraina","15":"tag-latest-news","16":"tag-latestnews","17":"tag-news","18":"tag-no","19":"tag-norge","20":"tag-norway","21":"tag-nyheter","22":"tag-overskrifter","23":"tag-top-stories","24":"tag-topstories","25":"tag-verden","26":"tag-world","27":"tag-world-news","28":"tag-worldnews"},"share_on_mastodon":{"url":"","error":""},"_links":{"self":[{"href":"https:\/\/www.europesays.com\/no\/wp-json\/wp\/v2\/posts\/50315","targetHints":{"allow":["GET"]}}],"collection":[{"href":"https:\/\/www.europesays.com\/no\/wp-json\/wp\/v2\/posts"}],"about":[{"href":"https:\/\/www.europesays.com\/no\/wp-json\/wp\/v2\/types\/post"}],"author":[{"embeddable":true,"href":"https:\/\/www.europesays.com\/no\/wp-json\/wp\/v2\/users\/2"}],"replies":[{"embeddable":true,"href":"https:\/\/www.europesays.com\/no\/wp-json\/wp\/v2\/comments?post=50315"}],"version-history":[{"count":0,"href":"https:\/\/www.europesays.com\/no\/wp-json\/wp\/v2\/posts\/50315\/revisions"}],"wp:featuredmedia":[{"embeddable":true,"href":"https:\/\/www.europesays.com\/no\/wp-json\/wp\/v2\/media\/50316"}],"wp:attachment":[{"href":"https:\/\/www.europesays.com\/no\/wp-json\/wp\/v2\/media?parent=50315"}],"wp:term":[{"taxonomy":"category","embeddable":true,"href":"https:\/\/www.europesays.com\/no\/wp-json\/wp\/v2\/categories?post=50315"},{"taxonomy":"post_tag","embeddable":true,"href":"https:\/\/www.europesays.com\/no\/wp-json\/wp\/v2\/tags?post=50315"}],"curies":[{"name":"wp","href":"https:\/\/api.w.org\/{rel}","templated":true}]}}