{"id":50337,"date":"2025-10-01T18:58:11","date_gmt":"2025-10-01T18:58:11","guid":{"rendered":"https:\/\/www.europesays.com\/no\/50337\/"},"modified":"2025-10-01T18:58:11","modified_gmt":"2025-10-01T18:58:11","slug":"palestinske-fanger-sulter","status":"publish","type":"post","link":"https:\/\/www.europesays.com\/no\/50337\/","title":{"rendered":"Palestinske fanger sulter"},"content":{"rendered":"\n<p class=\"_paragraph_1994c_4 _paragraph_xtcu6_10 layout-component text-serif-m layout-normal text-serif-m layout-padded\">Midt p\u00e5 natten knuses stillheten i huset til Munther Amira (54) i Betlehem.<\/p>\n<p class=\"_paragraph_1994c_4 _paragraph_xtcu6_10 layout-component text-serif-m layout-normal text-serif-m layout-padded\">Soldater stormet inn, skrik fylte rommet og volden br\u00f8t l\u00f8s.<\/p>\n<p class=\"_paragraph_1994c_4 _paragraph_xtcu6_10 layout-component text-serif-m layout-normal text-serif-m layout-padded\">Amira ble bundet, banket opp og kastet inn i en milit\u00e6rbil. Han beskriver til VG hvordan det siste han h\u00f8rte var datteren som ropte \u00abjeg elsker deg\u00bb til ham.<\/p>\n<p><img alt=\"Foto: Privat\" class=\"_image_qp4xg_65 layout-component layout-normal\" data-fullscreen- data-track-element-type=\"Article image fullscreen\" data-track-name=\"ImageFullscreen\" decoding=\"async\" loading=\"lazy\" height=\"1920\" itemprop=\"image\"  src=\"https:\/\/www.europesays.com\/no\/wp-content\/uploads\/2025\/10\/0a79d6fa-b9ce-4c35-8912-ba2330c9aa81\"  style=\"object-position:0% 0%\" width=\"1080\"\/>Foto: Privat<\/p>\n<p class=\"_paragraph_1994c_4 _paragraph_xtcu6_10 layout-component text-serif-m layout-normal text-serif-m layout-padded\">Soldatene truet han med at de skulle ta ham med til Gaza, forteller han.<\/p>\n<p class=\"_paragraph_1994c_4 _paragraph_xtcu6_10 layout-component text-serif-m layout-normal text-serif-m layout-padded\">\u2013 Det begynte \u00e5 tegne seg bilder i hodet mitt av hvordan jeg kom til \u00e5 d\u00f8, sier Amira.<\/p>\n<p class=\"_paragraph_1994c_4 _paragraph_xtcu6_10 layout-component text-serif-m layout-normal text-serif-m layout-padded\">Dette var begynnelsen p\u00e5 en fire m\u00e5neder lang fengselsstraff for den palestinske menneskerettighetsforkjemperen. <\/p>\n<p class=\"_paragraph_1994c_4 _paragraph_xtcu6_10 layout-component text-serif-m layout-normal text-serif-m layout-padded\">Amira var blant tusener av palestinske fanger, som n\u00e5 spiller en viktig rolle i fredsforhandlingen om Gaza og Midt\u00f8sten.<\/p>\n<p>Trumps fredsplan<\/p>\n<p class=\"_paragraph_1994c_4 _paragraph_xtcu6_10 layout-component text-serif-m layout-normal text-serif-m layout-padded\">Mandag denne uken gikk Trump p\u00e5 talerstolen og fastslo at dette var en stor, vakker dag: \u00abpotensielt en av de store dagene noensinne i sivilisasjonen\u00bb.<\/p>\n<p class=\"_paragraph_1994c_4 _paragraph_xtcu6_10 layout-component text-serif-m layout-normal text-serif-m layout-padded\">\u00c5rsaken er hans <a href=\"https:\/\/www.vg.no\/nyheter\/i\/4ByA7o\/trump-og-netanyahu-moetes-i-det-hvite-hus-diskuterer-21-punktsplan-for-gaza\" data-track-element-type=\"Link\" data-track-id=\"link:4ByA7o\" class=\"_link_1994c_39\" rel=\"nofollow noopener\" target=\"_blank\">forslag<\/a> til en fredsplan for <a href=\"https:\/\/www.vg.no\/tag\/israel?utm_source=vg-article&amp;utm_medium=auto-tagger&amp;utm_campaign=LM2rp4\" class=\"_link_1994c_39\" rel=\"nofollow noopener\" target=\"_blank\">Israel<\/a>, Hamas og Midt\u00f8sten. <\/p>\n<p class=\"_paragraph_1994c_4 _paragraph_xtcu6_10 layout-component text-serif-m layout-normal text-serif-m layout-padded\">Planen best\u00e5r av <a href=\"https:\/\/www.bbc.com\/news\/articles\/c70155nked7o\" class=\"_link_1994c_39\" rel=\"nofollow noopener\" target=\"_blank\">20 punkter<\/a>, der to av punktene handler om \u00e5 hente hjem de gjenv\u00e6rende israelske gislene i bytte mot palestinske fanger, if\u00f8lge Det hvite hus.<\/p>\n<p><img alt=\"Foto: Jonathan Ernst \/ Reuters \/ NTB\" class=\"_image_qp4xg_65 layout-component layout-normal\" data-fullscreen- data-track-element-type=\"Article image fullscreen\" data-track-name=\"ImageFullscreen\" decoding=\"async\" loading=\"lazy\" height=\"1918\" itemprop=\"image\"  src=\"https:\/\/www.europesays.com\/no\/wp-content\/uploads\/2025\/10\/b8198cab-b8e1-45e5-8c7f-4a8db6bc52c8\"  style=\"object-position:0% 0%\" width=\"2557\"\/>Foto: Jonathan Ernst \/ Reuters \/ NTB<\/p>\n<p class=\"_paragraph_1994c_4 _paragraph_xtcu6_10 layout-component text-serif-m layout-normal text-serif-m layout-padded\">Punkt fire i planen er at alle gisler, levende og d\u00f8de, skal returneres til Israel.<\/p>\n<p class=\"_paragraph_1994c_4 _paragraph_xtcu6_10 layout-component text-serif-m layout-normal text-serif-m layout-padded\">Deretter skal Israel l\u00f8slate 250 fanger med livstidsdommer samt 1.700 personer fra Gaza som ble p\u00e5grepet etter 7. oktober 2023, inkludert alle kvinner og barn som ble fengslet i denne perioden. <\/p>\n<p class=\"_paragraph_1994c_4 _paragraph_xtcu6_10 layout-component text-serif-m layout-normal text-serif-m layout-padded\">For hvert drepte israelske gissel som blir utlevert, vil Israel overlevere levningene etter 15 drepte palestinere fra Gaza.<\/p>\n<p>Dette er planen:<\/p>\n<p class=\"_paragraph_1994c_4 _paragraph_xtcu6_10 _paragraph_16v91_10 layout-component text-serif-m layout-normal text-sans-m layout-padded\">If\u00f8lge Det hvite hus, er dette Trumps 20-punktsplan:<\/p>\n<ol class=\"_list_1994c_3 _list_xtcu6_9 _list_16v91_9 _ordered_1994c_79 layout-component text-serif-m layout-normal text-sans-m layout-padded\">\n<li class=\"_item_1994c_30\">Gaza blir en avradikalisert, terrorfri sone uten trussel mot naboer.<\/li>\n<li class=\"_item_1994c_30\">Gaza gjenoppbygges til fordel for egen befolkning, som har lidd mer en nok.<\/li>\n<li class=\"_item_1994c_30\">Ved aksept fra begge parter,\u00a0<strong class=\"_strong_1994c_25\">stanser krigen umiddelbart<\/strong>, IDF trekker seg ut til det som er avtalt, avbryter milit\u00e6r aktivitet, fryser frontlinjer og forbereder gisselutveksling.<\/li>\n<li class=\"_item_1994c_30\">Alle gisler (levende og d\u00f8de) returneres innen 72 timer.<\/li>\n<li class=\"_item_1994c_30\">Israel l\u00f8slater 250 livstidsfanger + 1700 arrestert etter 7. oktober.<\/li>\n<li class=\"_item_1994c_30\">Hamas-medlemmer som avv\u00e6pner seg f\u00e5r amnesti eller trygg passasje.<\/li>\n<li class=\"_item_1994c_30\">Ved godkjennelse av avtalen, starter full n\u00f8dhjelp til Gazastripen straks, inkludert gjenoppbygging av infrastruktur og sykehus.<\/li>\n<li class=\"_item_1994c_30\">Hjelpen skal distribueres gjennom FN, R\u00f8de Halvm\u00e5ne mfl.; Rafah-grensen \u00e5pnes etter 19. jan-avtalen.<\/li>\n<li class=\"_item_1994c_30\">Gaza vil styres midlertidig av en teknokratisk, upolitisk, komit\u00e9 med internasjonalt tilsyn \u2013 \u00abBoard of Peace\u00bb ledet av Donald Trump og tidligere britisk statsminister Tony Blair. Komiteen vil best\u00e5 av \u00abkvalifiserte palestinere\u00bb og internasjonal eksperter.<\/li>\n<li class=\"_item_1994c_30\">En Trump-ledet utviklingsplan lanseres for investeringer og arbeidsplasser.<\/li>\n<li class=\"_item_1994c_30\">Det vil bli opprettet en egen, \u00f8konomisk sone.<\/li>\n<li class=\"_item_1994c_30\">Ingen tvinges til \u00e5 forlate Gaza; folk kan bli, reise og returnere fritt. Vi oppfordrer folk til \u00e5 bli og vil gi dem muligheten til \u00e5 bygge et bedre Gaza.<\/li>\n<li class=\"_item_1994c_30\">Hamas og andre fraksjoner f\u00e5r ingen styringsrolle, hverken direkte eller indirekte. Milit\u00e6r infrastruktur og v\u00e5penproduksjon skal \u00f8delegges og ikke gjenoppbygges.<\/li>\n<li class=\"_item_1994c_30\">Regionale partnere garanterer at Hamas og andre fraksjoner holder seg til avtalen og at nye Gaza ikke utgj\u00f8r en trussel for sine naboer eller egen befolkning.<\/li>\n<li class=\"_item_1994c_30\">USA vil jobbe med arabiske og internasjonale partnere for \u00e5 etablere en midlertidig, internasjonal stabiliseringsstyrke (ISF). Stabiliseringsstyrken vil trene og st\u00f8tte palestinske politistyrker i Gaza. Stabiliseringsstyrken vil fungere som en langsiktig, intern sikkerhetsl\u00f8sning, og den vil jobbe med Israel og Egypt for \u00e5 sikre grenseomr\u00e5der. Det blir kritisk \u00e5 hindre at ammunisjon entrer Gaza, og sikre trygg flyt av varer for \u00e5 bygge opp Gaza.<\/li>\n<li class=\"_item_1994c_30\">Israel skal ikke okkupere eller annektere Gaza. Idet ISF oppn\u00e5r kontroll og stabilitet, vil IDF trekke seg gradvis ut etter m\u00e5lbare milep\u00e6ler bestemt i enighet mellom IDF, ISF, garantister og USA. Samtidig vil midlertidige sikkerhetsperimeter beholdes.<\/li>\n<li class=\"_item_1994c_30\">Dersom Hamas utsetter eller avviser avtalen, iverksettes punktene over, samt n\u00f8dhjelpen, i \u00abterror-frie omr\u00e5der\u00bb overlevert fra IDF til ISF (den midlertidige stabiliseringsstyrken).<\/li>\n<li class=\"_item_1994c_30\">En interreligi\u00f8s dialogprosess vil fremme toleranse og sameksistens, og vil s\u00f8ke \u00e5 endre holdninger blant palestinere og israelere ved \u00e5 vektlegge fordelene som kan komme fra fred.<\/li>\n<li class=\"_item_1994c_30\">N\u00e5r reformer er gjennomf\u00f8rt og gjenoppbygging p\u00e5g\u00e5r, \u00e5pnes vei mot palestinsk selvstyre og statsdannelse, som anerkjennes som et legitimt \u00f8nske for det palestinske folket.<\/li>\n<li class=\"_item_1994c_30\">USA vil etablere politisk dialog mellom Israel og palestinerne for fredelig og velfungerende sameksistens.<\/li>\n<\/ol>\n<p>Vis merRekordmange fengslet<\/p>\n<p class=\"_paragraph_1994c_4 _paragraph_xtcu6_10 layout-component text-serif-m layout-normal text-serif-m layout-padded\">Antallet palestinske fanger i israelske fengsler er i september 2025 11.040. Det viser tall fra menneskerettighetsorganisasjonen <a href=\"https:\/\/hamoked.org\/prisoners-charts.php\" class=\"_link_1994c_39\" rel=\"nofollow noopener\" target=\"_blank\">HaMoked<\/a>.<\/p>\n<p class=\"_paragraph_1994c_4 _paragraph_xtcu6_10 layout-component text-serif-m layout-normal text-serif-m layout-padded\">Blant dem er 3577 i administrativ forvaring.<\/p>\n<p class=\"_paragraph_1994c_4 _paragraph_xtcu6_10 layout-component text-serif-m layout-normal text-serif-m layout-padded\"><strong class=\"_strong_1994c_25\">\u2013 Det er det h\u00f8yeste antallet fanger vi har registrert siden vi begynte \u00e5 f\u00f8re oversikt i 2008, sier israelske Jessica Montell, leder i HaMoked, til VG.<\/strong><\/p>\n<p><img decoding=\"async\" alt=\"Bilde av Jessica Montell\" class=\"_image_ygndg_42\" height=\"60\" itemprop=\"image\" loading=\"lazy\"  src=\"https:\/\/www.europesays.com\/no\/wp-content\/uploads\/2025\/10\/c168da5d-0a94-4bea-8196-0829db9891e2\"  width=\"40\"\/><strong class=\"_name_ygndg_51 title-serif-xs\">Jessica Montell<\/strong><\/p>\n<p class=\"_paragraph_1994c_4 text-sans-m _description_ygndg_56\">HaMoked, direkt\u00f8r<\/p>\n<p class=\"_paragraph_1994c_4 _paragraph_xtcu6_10 layout-component text-serif-m layout-normal text-serif-m layout-padded\">Fra januar til mars 2025 sank antallet fanger fra 10.200 til 9406 som f\u00f8lge av flere runder med <a href=\"https:\/\/www.vg.no\/nyheter\/i\/wgk3dM\/israelske-gisler-overlatt-til-roede-kors-i-gaza\" data-track-element-type=\"Link\" data-track-id=\"link:wgk3dM\" class=\"_link_1994c_39\" rel=\"nofollow noopener\" target=\"_blank\">fangeutveksling<\/a> etter forrige v\u00e5penhvileavtalen mellom Israel og Hamas.<\/p>\n<p class=\"_paragraph_1994c_4 _paragraph_xtcu6_10 layout-component text-serif-m layout-normal text-serif-m layout-padded\">Siden har Israel arrestert nye fanger i langt st\u00f8rre grad enn har l\u00f8slatt, forklarer Montell.<\/p>\n<p class=\"_paragraph_1994c_4 _paragraph_xtcu6_10 layout-component text-serif-m layout-normal text-serif-m layout-padded\">\u2013 Etter mars har tallene bare steget igjen, b\u00e5de for administrative fanger p\u00e5 Vestbredden og for de som holdes som \u00abulovlige stridende\u00bb fra Gaza.<\/p>\n<p><img alt=\"Israelske soldater p\u00e5griper palestinske menn under en razzia etter at et israelsk milit\u00e6rkj\u00f8ret\u00f8y angivelig eksploderte n\u00e6r en kontrollpost vest for Tulkarem p\u00e5 den okkuperte Vestbredden.  Foto: JAAFAR ASHTIYEH \/ AFP \/ NTB\" class=\"_image_qp4xg_65 layout-component layout-right\" data-fullscreen- data-track-element-type=\"Article image fullscreen\" data-track-name=\"ImageFullscreen\" decoding=\"async\" loading=\"lazy\" height=\"4015\" itemprop=\"image\"  src=\"https:\/\/www.europesays.com\/no\/wp-content\/uploads\/2025\/10\/edade3fe-b889-4904-baa3-3cc15a7f5615\"  style=\"object-position:0% 0%\" width=\"5354\"\/>Israelske soldater p\u00e5griper palestinske menn under en razzia etter at et israelsk milit\u00e6rkj\u00f8ret\u00f8y angivelig eksploderte n\u00e6r en kontrollpost vest for Tulkarem p\u00e5 den okkuperte Vestbredden.  Foto: JAAFAR ASHTIYEH \/ AFP \/ NTB<img alt=\"Israelske soldater st\u00e5r ved en lastebil fylt med palestinske fanger i Gaza.  Foto: Moti Milrod \/ AP \/ NTB\" class=\"_image_qp4xg_65 layout-component layout-left\" data-fullscreen- data-track-element-type=\"Article image fullscreen\" data-track-name=\"ImageFullscreen\" decoding=\"async\" loading=\"lazy\" height=\"5464\" itemprop=\"image\"  src=\"https:\/\/www.europesays.com\/no\/wp-content\/uploads\/2025\/10\/c14cd716-866d-459a-93df-9156d73d3a78\"  style=\"object-position:0% 0%\" width=\"8192\"\/>Israelske soldater st\u00e5r ved en lastebil fylt med palestinske fanger i Gaza.  Foto: Moti Milrod \/ AP \/ NTBFengsling uten lov og dom<\/p>\n<p class=\"_paragraph_1994c_4 _paragraph_xtcu6_10 layout-component text-serif-m layout-normal text-serif-m layout-padded\">Administrativ forvaring er en ordning Israel arvet fra den britiske okkupasjonen av landet.<\/p>\n<p class=\"_paragraph_1994c_4 _paragraph_xtcu6_10 layout-component text-serif-m layout-normal text-serif-m layout-padded\">\u2013 Det gir Israel lov til \u00e5 arrestere personer som ikke har beg\u00e5tt noen lovbrudd, men som anses \u00e5 utgj\u00f8re en fremtidig fare, forklarer Montell.<\/p>\n<p><a class=\"_link_1woao_14\" data-track-id=\"teaser:kwemoX\" data-track-impression=\"true\" data-track-name=\"\u2013 De rev familien min i stykker\" href=\"https:\/\/www.vg.no\/nyheter\/i\/kwemoX\/ahmad-khalifa-arrestert-i-israel-for-aa-ha-demonstrert-mot-krigen-i-gaza\" rel=\"nofollow noopener\" target=\"_blank\">\u2013 De rev familien min i stykker<img decoding=\"async\" alt=\"\" class=\"_image_1woao_6\" height=\"181\" loading=\"lazy\"  src=\"https:\/\/www.europesays.com\/no\/wp-content\/uploads\/2025\/10\/22a058ceb0660137fae75583802f2178.jpg\"  width=\"102\"\/><\/a><\/p>\n<p class=\"_paragraph_1994c_4 _paragraph_xtcu6_10 layout-component text-serif-m layout-normal text-serif-m layout-padded\">\u2013 Men i praksis bruker Israel ordningen som en snarvei for \u00e5 unng\u00e5 rettssaker. <\/p>\n<p class=\"_paragraph_1994c_4 _paragraph_xtcu6_10 layout-component text-serif-m layout-normal text-serif-m layout-padded\">Dommeren f\u00e5r se hemmelig informasjon, som hverken den arresterte eller deres advokat f\u00e5r mulighet til \u00e5 im\u00f8teg\u00e5. Forvaringen kan forlenges hver sjette m\u00e5ned \u2013 i det uendelige.<\/p>\n<p><img alt=\"Palestinsk ungdom satte fyr p\u00e5 veien inn til Beitunia p\u00e5 Vestbredden for \u00e5 hindre den israelske h\u00e6ren \u00e5 komme inn. Januar 2025.  Foto: Ammar Awad \/ Reuters \/ NTB\" class=\"_image_qp4xg_65 layout-component layout-normal\" data-fullscreen- data-track-element-type=\"Article image fullscreen\" data-track-name=\"ImageFullscreen\" decoding=\"async\" loading=\"lazy\" height=\"3230\" itemprop=\"image\"  src=\"https:\/\/www.europesays.com\/no\/wp-content\/uploads\/2025\/10\/a99c66bf-c4f0-4275-a0d3-30a6b5538930\"  style=\"object-position:0% 0%\" width=\"4310\"\/>Palestinsk ungdom satte fyr p\u00e5 veien inn til Beitunia p\u00e5 Vestbredden for \u00e5 hindre den israelske h\u00e6ren \u00e5 komme inn. Januar 2025.  Foto: Ammar Awad \/ Reuters \/ NTB<\/p>\n<p class=\"_paragraph_1994c_4 _paragraph_xtcu6_10 layout-component text-serif-m layout-normal text-serif-m layout-padded\">\u2013 Vi ser folk som sitter i ett, to og til og med flere \u00e5r uten \u00e5 ha blitt siktet for noe, forteller Montell.<\/p>\n<p class=\"_paragraph_1994c_4 _paragraph_xtcu6_10 layout-component text-serif-m layout-normal text-serif-m layout-padded\">\u2013 Fangene er fullstendig isolert. Ingen bes\u00f8k, ingen telefoner, ingen brev. For mange er v\u00e5re advokater de f\u00f8rste de f\u00e5r se utenfra mens de sitter fengslet.<\/p>\n<p>Ba fuglene om hjelp<\/p>\n<p class=\"_paragraph_1994c_4 _paragraph_xtcu6_10 layout-component text-serif-m layout-normal text-serif-m layout-padded\">I flere ti\u00e5r har Amira st\u00e5tt i spissen for den ikkevoldelige motstanden mot Israels ulovlige okkupasjon av Palestina. Flere ganger har israelske myndigheter arrestert og fengslet ham.<\/p>\n<p class=\"_paragraph_1994c_4 _paragraph_xtcu6_10 layout-component text-serif-m layout-normal text-serif-m layout-padded\">Desember 2023 stormet israelske soldater huset hans fordi han tilsynelatende skal ha publisert innlegg p\u00e5 Facebook som \u00aboppfordret til vold\u00bb. <\/p>\n<p class=\"_paragraph_1994c_4 _paragraph_xtcu6_10 layout-component text-serif-m layout-normal text-serif-m layout-padded\">Da israelske myndigheter <a href=\"https:\/\/www.amnesty.org\/en\/documents\/mde15\/7867\/2024\/en\/\" class=\"_link_1994c_39\" rel=\"nofollow noopener\" target=\"_blank\">ikke kunne legge fram troverdige bevis<\/a>, ble han i stedet satt i fire m\u00e5neders \u00abadministrativ forvaring\u00bb.<\/p>\n<p><img alt=\"Foto: Privat\" class=\"_image_qp4xg_65 layout-component layout-normal\" data-fullscreen- data-track-element-type=\"Article image fullscreen\" data-track-name=\"ImageFullscreen\" decoding=\"async\" loading=\"lazy\" height=\"1600\" itemprop=\"image\"  src=\"https:\/\/www.europesays.com\/no\/wp-content\/uploads\/2025\/10\/9766399c-d377-4251-ba02-e74a0fce0662\"  style=\"object-position:0% 0%\" width=\"1299\"\/>Foto: Privat<\/p>\n<p class=\"_paragraph_1994c_4 _paragraph_xtcu6_10 layout-component text-serif-m layout-normal text-serif-m layout-padded\">Amira ble sittende i fengsel i flere m\u00e5neder under administrativ forvaring.<\/p>\n<p class=\"_paragraph_1994c_4 _paragraph_xtcu6_10 layout-component text-serif-m layout-normal text-serif-m layout-padded\">Hverdagen i fengsel beskriver han som en blanding av fysisk vold og systematisk ydmykelse.<\/p>\n<p class=\"_paragraph_1994c_4 _paragraph_xtcu6_10 layout-component text-serif-m layout-normal text-serif-m layout-padded\">Maten besto av to skjeer ris, tolv b\u00f8nner og en suppe uten salt eller sukker.<\/p>\n<p><img alt=\"Foto: Privat\" class=\"_image_qp4xg_65 layout-component layout-normal\" data-fullscreen- data-track-element-type=\"Article image fullscreen\" data-track-name=\"ImageFullscreen\" decoding=\"async\" loading=\"lazy\" height=\"941\" itemprop=\"image\"  src=\"https:\/\/www.europesays.com\/no\/wp-content\/uploads\/2025\/10\/0f1f547b-fa03-47a9-83df-696d5e594f88\"  style=\"object-position:0% 0%\" width=\"1254\"\/>Foto: Privat<\/p>\n<p class=\"_paragraph_1994c_4 _paragraph_xtcu6_10 layout-component text-serif-m layout-normal text-serif-m layout-padded\">Vinduene i cellen til Amira manglet glass. Kulden fra vinteren skar inn i kroppen. Elektrisitet og vann ble sl\u00e5tt av og p\u00e5 som straff.<\/p>\n<p class=\"_paragraph_1994c_4 _paragraph_xtcu6_10 layout-component text-serif-m layout-normal text-serif-m layout-padded\">\u2013 Jeg pleide \u00e5 st\u00e5 ved vinduet og be fuglene frakte meg nyheter om barnebarnet mitt. Tenk deg \u00e5 sp\u00f8rre fuglene om din egen familie er i live? sier Amira.<\/p>\n<p><img alt=\"Fugler svever over Nablus p\u00e5 den okkuperte Vestbredden ved solnedgang.   Foto: ZAIN JAAFAR \/ AFP \/ NTB\" class=\"_image_qp4xg_65 layout-component layout-normal\" data-fullscreen- data-track-element-type=\"Article image fullscreen\" data-track-name=\"ImageFullscreen\" decoding=\"async\" loading=\"lazy\" height=\"4000\" itemprop=\"image\"  src=\"https:\/\/www.europesays.com\/no\/wp-content\/uploads\/2025\/10\/532acad6-9887-4576-ab17-40ec0e68fb1c\"  style=\"object-position:0% 0%\" width=\"5333\"\/>Fugler svever over Nablus p\u00e5 den okkuperte Vestbredden ved solnedgang.   Foto: ZAIN JAAFAR \/ AFP \/ NTB<\/p>\n<p class=\"_paragraph_1994c_4 _paragraph_xtcu6_10 layout-component text-serif-m layout-normal text-serif-m layout-padded\">Hverdagen var ogs\u00e5 preget av b\u00e5de fysisk og psykisk tortur, forteller Amira.<\/p>\n<p class=\"_paragraph_1994c_4 _paragraph_xtcu6_10 layout-component text-serif-m layout-normal text-serif-m layout-padded\">\u2013 De behandlet oss som dyr, sier Amira om fengselsvokternes behandling.<\/p>\n<p class=\"_paragraph_1994c_4 _paragraph_xtcu6_10 layout-component text-serif-m layout-normal text-serif-m layout-padded\">Fangene ble ogs\u00e5 utsatt for kollektiv avstraffelse, sier Amira, som har vanskelig for \u00e5 utdype de vonde minnene.<\/p>\n<p class=\"_paragraph_1994c_4 _paragraph_xtcu6_10 layout-component text-serif-m layout-normal text-serif-m layout-padded\">\u2013 Hver dag tenkte jeg: Dette blir dagen de dreper oss, sier Amira. Kroppen forandrer seg, men det gj\u00f8r hodet ogs\u00e5. Frykten sitter i deg hele tiden.<\/p>\n<p class=\"_paragraph_1994c_4 _paragraph_xtcu6_10 layout-component text-serif-m layout-normal text-serif-m layout-padded\">Amira er ikke alene om opplevelsene sine. Montell i HaMoked sier til VG at palestinske fanger i praksis sultes.<\/p>\n<p class=\"_paragraph_1994c_4 _paragraph_xtcu6_10 layout-component text-serif-m layout-normal text-serif-m layout-padded\">\u2013 Alle fanger vi prater med \u2013 spesielt barn \u2013 forteller at de er sultne hele tiden.<\/p>\n<p><a class=\"_link_1woao_14\" data-track-id=\"teaser:1M637B\" data-track-impression=\"true\" data-track-name=\"Slapp de fri i siste liten?\" href=\"https:\/\/www.vg.no\/nyheter\/i\/1M637B\/israel-luis-70-ble-kidnappet-og-ble-holdt-i-hamas-fangenskap-i-gaza\" rel=\"nofollow noopener\" target=\"_blank\">Slapp de fri i siste liten?<img decoding=\"async\" alt=\"\" class=\"_image_1woao_6\" height=\"5464\" loading=\"lazy\"  src=\"https:\/\/www.europesays.com\/no\/wp-content\/uploads\/2025\/10\/63f22255-c06d-4a69-94d8-99b9b7c80baf\"  width=\"8192\"\/><\/a><\/p>\n<p class=\"_paragraph_1994c_4 _paragraph_xtcu6_10 layout-component text-serif-m layout-normal text-serif-m layout-padded\">Hun peker p\u00e5 at dette ikke kun handler om d\u00e5rlig kvalitet p\u00e5 maten, men om bevisst redusert matrasjoner. <\/p>\n<p class=\"_paragraph_1994c_4 _paragraph_xtcu6_10 layout-component text-serif-m layout-normal text-serif-m layout-padded\">\u2013 Dette er en del av politikken til den ansvarlige ministeren, som \u00e5pent har sagt at han vil gj\u00f8re livet uutholdelig for fangene.<\/p>\n<p>Mannen med ansvaret<\/p>\n<p class=\"_paragraph_1994c_4 _paragraph_xtcu6_10 layout-component text-serif-m layout-normal text-serif-m layout-padded\">Itamar Ben-Gvir, Israels h\u00f8yreekstreme sikkerhetsminister, tiltr\u00e5dte stillingen i 2022. <\/p>\n<p class=\"_paragraph_1994c_4 _paragraph_xtcu6_10 layout-component text-serif-m layout-normal text-serif-m layout-padded\">\u2013 Han lovet \u00e5 gj\u00f8re livet uutholdelig for palestinske fanger, sier Montell. Flere restriksjoner og innstramminger ble derfor innf\u00f8rt allerede da.<\/p>\n<p><img alt=\"Sikkerhetsminister Itamar Ben-Gvir.  Foto: Ammar Awad \/ Reuters \/ NTB\" class=\"_image_qp4xg_65 layout-component layout-normal\" data-fullscreen- data-track-element-type=\"Article image fullscreen\" data-track-name=\"ImageFullscreen\" decoding=\"async\" loading=\"lazy\" height=\"3555\" itemprop=\"image\"  src=\"https:\/\/www.europesays.com\/no\/wp-content\/uploads\/2025\/10\/bdb4749e-35ef-45fd-820e-b20ac42ac695\"  style=\"object-position:0% 0%\" width=\"5333\"\/>Sikkerhetsminister Itamar Ben-Gvir.  Foto: Ammar Awad \/ Reuters \/ NTB<\/p>\n<p class=\"_paragraph_1994c_4 _paragraph_xtcu6_10 layout-component text-serif-m layout-normal text-serif-m layout-padded\">Etter Hamas sitt terrorangrep beskriver Montell en dramatisk forverring av forholdene for palestinske fanger:<\/p>\n<ul class=\"_list_1994c_3 _list_xtcu6_9 _unordered_1994c_105 layout-component text-serif-m layout-normal text-serif-m layout-padded\">\n<li class=\"_item_1994c_30\">Matrasjonene er kuttet s\u00e5 kraftig at fangene sulter<\/li>\n<li class=\"_item_1994c_30\">Hygienen er elendig \u2013 mange har ikke rene kl\u00e6r, og f\u00e5r bare dusje \u00e9n gang i uken<\/li>\n<li class=\"_item_1994c_30\">Volden er blitt mer omfattende<\/li>\n<li class=\"_item_1994c_30\">Fangene er fullstendig isolert<\/li>\n<\/ul>\n<p class=\"_paragraph_1994c_4 _paragraph_xtcu6_10 layout-component text-serif-m layout-normal text-serif-m layout-padded\">\u2013 Og fangene blir torturert, sier Montell.<\/p>\n<p class=\"_paragraph_1994c_4 _paragraph_xtcu6_10 layout-component text-serif-m layout-normal text-serif-m layout-padded\">Hun forklarer at torturen skjer b\u00e5de under avh\u00f8r, der vold brukes for \u00e5 presse frem informasjon, men ogs\u00e5 som ren straff eller hevn.<\/p>\n<p class=\"_paragraph_1994c_4 _paragraph_xtcu6_10 layout-component text-serif-m layout-normal text-serif-m layout-padded\">\u2013 Fangene blir blant annet mishandlet som straff, eller fordi vaktene tar ut sitt raseri p\u00e5 dem, sier Montell.<\/p>\n<p class=\"_paragraph_1994c_4 _paragraph_xtcu6_10 layout-component text-serif-m layout-normal text-serif-m layout-padded\">P\u00e5 telegram publiserte Ben-Gvir denne videoen av seg selv mens han trakasserte Marwan Barghouti, <a href=\"https:\/\/www.thetimes.com\/world\/middle-east\/israel-hamas-war\/article\/marwan-barghouti-palestine-leader-jail-mmsvq5svk\" class=\"_link_1994c_39\" rel=\"nofollow noopener\" target=\"_blank\">en av Palestinas mest kjente fanger<\/a>.<\/p>\n<p>   \u00abMinimum av minimum\u00bb<\/p>\n<p class=\"_paragraph_1994c_4 _paragraph_xtcu6_10 layout-component text-serif-m layout-normal text-serif-m layout-padded\">Nylig slo Israels h\u00f8yesterett fast at den israelske stat <a href=\"https:\/\/www.bbc.com\/news\/articles\/c1mxlk518vko\" class=\"_link_1994c_39\" rel=\"nofollow noopener\" target=\"_blank\">ikke gir palestinske fanger tilstrekkelig mat<\/a>. <\/p>\n<p class=\"_paragraph_1994c_4 _paragraph_xtcu6_10 layout-component text-serif-m layout-normal text-serif-m layout-padded\">Regjeringen er juridisk forpliktet til \u00e5 gi fangene nok n\u00e6ring for \u00e5 sikre \u00abet grunnleggende eksistensniv\u00e5\u00bb. H\u00f8yesterett krever at myndighetene forbedrer ern\u00e6ringen til fangene.<\/p>\n<p class=\"_paragraph_1994c_4 _paragraph_xtcu6_10 layout-component text-serif-m layout-normal text-serif-m layout-padded\">Under h\u00f8ringen i h\u00f8yesterett skr\u00f8t Ben-Gvir over at <a href=\"https:\/\/www.aa.com.tr\/en\/middle-east\/israel-s-ben-gvir-boasts-about-starving-palestinian-prisoners\/3634104\" class=\"_link_1994c_39\" rel=\"nofollow noopener\" target=\"_blank\">Israel sulter fangene<\/a>:<\/p>\n<p class=\"_paragraph_1994c_4 _paragraph_xtcu6_10 layout-component text-serif-m layout-normal text-serif-m layout-padded\">\u2013 Dere diskuterer om menyen er balansert, sunn og rik p\u00e5 vitaminer, sa Ben-Gvir, og kalte saken \u00abgalskap og vrangforestillinger\u00bb, f\u00f8r han lovet \u00e5 ikke gj\u00f8re forholdene bedre for fangene.<\/p>\n<p class=\"_paragraph_1994c_4 _paragraph_xtcu6_10 layout-component text-serif-m layout-normal text-serif-m layout-padded\">\u2013 Jeg er her for \u00e5 sikre at terroristene f\u00e5r minimum av minimum, sa Ben-Gvir.<\/p>\n","protected":false},"excerpt":{"rendered":"Midt p\u00e5 natten knuses stillheten i huset til Munther Amira (54) i Betlehem. Soldater stormet inn, skrik fylte&hellip;\n","protected":false},"author":2,"featured_media":50338,"comment_status":"","ping_status":"","sticky":false,"template":"","format":"standard","meta":{"footnotes":""},"categories":[5],"tags":[20,21,24,25,15,19,52,1243,22,23,17,18,13,30,28,29,14,16,261,26,27,1694],"class_list":{"0":"post-50337","1":"post","2":"type-post","3":"status-publish","4":"format-standard","5":"has-post-thumbnail","7":"category-overskrifter","8":"tag-breaking-news","9":"tag-breakingnews","10":"tag-featured-news","11":"tag-featurednews","12":"tag-headlines","13":"tag-hovedoppslag","14":"tag-israel","15":"tag-israel-palestina","16":"tag-latest-news","17":"tag-latestnews","18":"tag-main-news","19":"tag-mainnews","20":"tag-news","21":"tag-no","22":"tag-norge","23":"tag-norway","24":"tag-nyheter","25":"tag-overskrifter","26":"tag-palestina","27":"tag-top-stories","28":"tag-topstories","29":"tag-vestbredden"},"share_on_mastodon":{"url":"","error":""},"_links":{"self":[{"href":"https:\/\/www.europesays.com\/no\/wp-json\/wp\/v2\/posts\/50337","targetHints":{"allow":["GET"]}}],"collection":[{"href":"https:\/\/www.europesays.com\/no\/wp-json\/wp\/v2\/posts"}],"about":[{"href":"https:\/\/www.europesays.com\/no\/wp-json\/wp\/v2\/types\/post"}],"author":[{"embeddable":true,"href":"https:\/\/www.europesays.com\/no\/wp-json\/wp\/v2\/users\/2"}],"replies":[{"embeddable":true,"href":"https:\/\/www.europesays.com\/no\/wp-json\/wp\/v2\/comments?post=50337"}],"version-history":[{"count":0,"href":"https:\/\/www.europesays.com\/no\/wp-json\/wp\/v2\/posts\/50337\/revisions"}],"wp:featuredmedia":[{"embeddable":true,"href":"https:\/\/www.europesays.com\/no\/wp-json\/wp\/v2\/media\/50338"}],"wp:attachment":[{"href":"https:\/\/www.europesays.com\/no\/wp-json\/wp\/v2\/media?parent=50337"}],"wp:term":[{"taxonomy":"category","embeddable":true,"href":"https:\/\/www.europesays.com\/no\/wp-json\/wp\/v2\/categories?post=50337"},{"taxonomy":"post_tag","embeddable":true,"href":"https:\/\/www.europesays.com\/no\/wp-json\/wp\/v2\/tags?post=50337"}],"curies":[{"name":"wp","href":"https:\/\/api.w.org\/{rel}","templated":true}]}}