{"id":50356,"date":"2025-10-01T19:12:15","date_gmt":"2025-10-01T19:12:15","guid":{"rendered":"https:\/\/www.europesays.com\/no\/50356\/"},"modified":"2025-10-01T19:12:15","modified_gmt":"2025-10-01T19:12:15","slug":"e6-stengt-kokaos-i-hostferien","status":"publish","type":"post","link":"https:\/\/www.europesays.com\/no\/50356\/","title":{"rendered":"E6 stengt \u2013 k\u00f8kaos i h\u00f8stferien"},"content":{"rendered":"<p class=\"kicker bg-cyan color_mobile_bg-cyan hasTextPadding mobile-hasTextPadding\" style=\"\">Reise<\/p>\n<p>  Svenskene glemte noe helt vesentlig og skaper E6-kaos ved Str\u00f6mstad.<\/p>\n<p>\n    PLANLEGG GODT: Skal du p\u00e5 harryhandel til Sverige? Da m\u00e5 du forberede deg p\u00e5 lange k\u00f8er p\u00e5 E6. Foto: Odd Roar Lange\n  <\/p>\n<p>    Kort fortalt<\/p>\n<p lang=\"nb-NO\">Tusenvis av nordmenn m\u00f8ter lange k\u00f8er ved Str\u00f6mstad grunnet E6-stenging.<\/p>\n<p lang=\"nb-NO\">Trafikverket stenger E6 etappevis for vedlikehold midt i h\u00f8stferien.<\/p>\n<p lang=\"nb-NO\">Stengingen skaper problemer for norske grensehandlere.<\/p>\n<p lang=\"nb-NO\">Prosjektlederen erkjenner uheldig timing og oppfordrer til forsiktig kj\u00f8ring.<\/p>\n<p>      Vis mer<br \/>\n      Vis mindre<\/p>\n<p>Tusenvis av nordmenn som hadde planlagt \u00e5 handle over grensa i h\u00f8stferien, m\u00e5 n\u00e5 belage seg p\u00e5 lange k\u00f8er og omkj\u00f8ringer ved Str\u00f6mstad.<\/p>\n<p>Dette fordi det svenske Trafikverket stenger E6 etappevis flere dager denne uka.<\/p>\n<p>B\u00e5de tirsdag, onsdag og torsdag &#8211; midt i den f\u00f8rste norske h\u00f8stferieuka &#8211; blir trafikken p\u00e5virket av arbeidet og dermed oppst\u00e5r lange k\u00f8er, melder <a href=\"https:\/\/www.ha-halden.no\/e6-stengt-ved-str-mstad-svenskene-glemte-norsk-hosterie\/s\/5-20-1793726\" rel=\"nofollow noopener\" target=\"_blank\">Halden Arbeiderblad.<\/a><\/p>\n<p>E6 ved Str\u00f6mstad er stengt helt eller delvis p\u00e5 dagtid disse tre dagene. Arbeidet p\u00e5g\u00e5r fra klokka 07.00 til 18.00, og rammer s\u00e6rlig trafikken til og fra handlesentrene ved Nordby.\u00a0<\/p>\n<p>        SVENSKEHANDEL: Disse triksene er gode \u00e5 ha i bakh\u00e5nd n\u00e5r du skal p\u00e5 \u00abharryhandel\u00bb. Reporter: Ingebj\u00f8rg Iversen. Video: Kristin S\u00f8rdal \/ Dinside.<\/p>\n<p>Helt stengt\t<\/p>\n<p>Tirsdag var nordg\u00e5ende l\u00f8p helt stengt mellom Nordbymotet og S\u00e4ltenmotet, med trafikken ledet om p\u00e5 mindre veier.<\/p>\n<p>\u00c5rsaken er det Trafikverket beskriver som n\u00f8dvendig h\u00f8strydding \u2013 bytte av rekkverk, slamsuging og asfaltutbedringer.\u00a0<\/p>\n<p>Men tidspunktet skaper store problemer for norske grensehandlere.<\/p>\n<p>          <img loading=\"lazy\" decoding=\"async\" src=\"https:\/\/www.europesays.com\/no\/wp-content\/uploads\/2025\/10\/83667627.webp\" width=\"980\" height=\"559\" title=\"D\u00c5RLIG PLANLAGT: Det svenske Trafikverket gjorde en megatabbe i h\u00f8stferien. Det rammet mange som skulle til Nordby p\u00e5 shopping. Foto: Odd Roar Lange\" alt=\"\" class=\"\" style=\"--aspect-ratio-image: 1.75; \"\/><\/p>\n<p>\n          D\u00c5RLIG PLANLAGT: Det svenske Trafikverket gjorde en megatabbe i h\u00f8stferien. Det rammet mange som skulle til Nordby p\u00e5 shopping. Foto: Odd Roar Lange\n      <\/p>\n<p>&#8211; Trafikverket tenkte ikke p\u00e5 den norske h\u00f8stferien da vi planla dette, sier Rakel Edh, prosjektleder for veivedlikehold hos Trafikverket, til <a href=\"https:\/\/www.stromstadstidning.se\/nyheter\/stromstad\/trafikverkets-miss-stanger-av-e6-nar-norrmannen-har-hostlov.ea7ddb0d-0c1e-4814-a0ba-5341e63a4583\" rel=\"nofollow noopener\" target=\"_blank\">Str\u00f6mstads Tidning.<\/a><\/p>\n<p>    <a itemprop=\"url\" href=\"https:\/\/dinside.dagbladet.no\/reise\/charterturister-rammes\/83659271\" rel=\"nofollow noopener\" target=\"_blank\"><\/p>\n<p>      <img loading=\"lazy\" decoding=\"async\" src=\"https:\/\/www.europesays.com\/no\/wp-content\/uploads\/2025\/10\/83659372.webp\" width=\"980\" height=\"441\" title=\"Charterturister rammes\" alt=\"\" class=\"lazyload\" style=\"--aspect-ratio-image: 2.22; \"\/><\/p>\n<p>        Charterturister rammes<\/p>\n<p>    <\/a><\/p>\n<p>Problematisk\t<\/p>\n<p>Prosjektlederen erkjenner at timingen er uheldig.<\/p>\n<p>&#8211; Det kan bli problematisk. Vi fors\u00f8ker \u00e5 legge arbeidet etter den verste rushtrafikken, men det er klart at det kan p\u00e5virke noe, sier Edh til avisa.<\/p>\n<p>If\u00f8lge Halden Arbeiderblad m\u00e5 b\u00e5de haldensere og andre nordmenn som reiser til Str\u00f6mstad, belage seg p\u00e5 omkj\u00f8ringer via mindre veier som V\u00e4g 990, 164 og 176.<\/p>\n<p>          <img loading=\"lazy\" decoding=\"async\" src=\"https:\/\/www.europesays.com\/no\/wp-content\/uploads\/2025\/10\/83667576.webp\" width=\"980\" height=\"559\" title=\"P\u00c5 PLASS: Tollerne p\u00e5 norsk side kjenner til \u00f8kt trafikk i h\u00f8stferien. Den betyr kontroller. Arkivfoto: Odd Roar Lange\" alt=\"\" class=\"\" style=\"--aspect-ratio-image: 1.75; \"\/><\/p>\n<p>\n          P\u00c5 PLASS: Tollerne p\u00e5 norsk side kjenner til \u00f8kt trafikk i h\u00f8stferien. Den betyr kontroller. Arkivfoto: Odd Roar Lange\n      <\/p>\n<p>Tar det med oss\t<\/p>\n<p>Prosjektlederen understreker at arbeidene planlegges tidlig, men at de i framtida vil se p\u00e5 muligheten for \u00e5 ta hensyn til ferieavvikling i naboland.<\/p>\n<p>&#8211; Det er noe vi kan ta med oss framover, sier Edh til Str\u00f6mstads Tidning.<\/p>\n<p>Hun oppfordrer samtidig bilistene til \u00e5 kj\u00f8re forsiktig.\u00a0<\/p>\n<p>&#8211; Vi ser at folk ligger tett, og at det er derfor ulykker skjer. Hold avstand, sier Edh.<\/p>\n<p>Trafikverket anbefaler alle som skal over grensa ved Svinesund, \u00e5 kj\u00f8re i god tid og regne med at turen tar lenger tid enn vanlig.<\/p>\n<p>            <img loading=\"lazy\" decoding=\"async\" src=\"https:\/\/www.europesays.com\/no\/wp-content\/uploads\/2025\/10\/83667646.webp\" width=\"980\" height=\"441\" title=\"Har du et tips om svenskehandelen?\" alt=\"\" class=\"\" style=\"--aspect-ratio-image: 2.22; \"\/><\/p>\n<p>        Har du et tips om svenskehandelen?<\/p>\n<p class=\"subtitle\">Hei, jeg heter Odd Roar Lange og er reiseekspert og -journalist for DinSide og Dagbladet. Har du et tips sp\u00f8rsm\u00e5l om reiser og ferie? Send det gjerne til meg. Tips og sp\u00f8rsm\u00e5l som kan brukes til en reportasje vil bli prioritert.<\/p>\n","protected":false},"excerpt":{"rendered":"Reise Svenskene glemte noe helt vesentlig og skaper E6-kaos ved Str\u00f6mstad. PLANLEGG GODT: Skal du p\u00e5 harryhandel til&hellip;\n","protected":false},"author":2,"featured_media":50357,"comment_status":"","ping_status":"","sticky":false,"template":"","format":"standard","meta":{"footnotes":""},"categories":[5],"tags":[20,21,24,25,679,7763,15,19,4060,22,23,17,18,13,30,7764,28,29,14,16,1992,2021,26,27,224],"class_list":{"0":"post-50356","1":"post","2":"type-post","3":"status-publish","4":"format-standard","5":"has-post-thumbnail","7":"category-overskrifter","8":"tag-breaking-news","9":"tag-breakingnews","10":"tag-featured-news","11":"tag-featurednews","12":"tag-grensehandel","13":"tag-harryhandel","14":"tag-headlines","15":"tag-hovedoppslag","16":"tag-hostferie","17":"tag-latest-news","18":"tag-latestnews","19":"tag-main-news","20":"tag-mainnews","21":"tag-news","22":"tag-no","23":"tag-nordby","24":"tag-norge","25":"tag-norway","26":"tag-nyheter","27":"tag-overskrifter","28":"tag-reise","29":"tag-stromstad","30":"tag-top-stories","31":"tag-topstories","32":"tag-trafikk"},"share_on_mastodon":{"url":"","error":""},"_links":{"self":[{"href":"https:\/\/www.europesays.com\/no\/wp-json\/wp\/v2\/posts\/50356","targetHints":{"allow":["GET"]}}],"collection":[{"href":"https:\/\/www.europesays.com\/no\/wp-json\/wp\/v2\/posts"}],"about":[{"href":"https:\/\/www.europesays.com\/no\/wp-json\/wp\/v2\/types\/post"}],"author":[{"embeddable":true,"href":"https:\/\/www.europesays.com\/no\/wp-json\/wp\/v2\/users\/2"}],"replies":[{"embeddable":true,"href":"https:\/\/www.europesays.com\/no\/wp-json\/wp\/v2\/comments?post=50356"}],"version-history":[{"count":0,"href":"https:\/\/www.europesays.com\/no\/wp-json\/wp\/v2\/posts\/50356\/revisions"}],"wp:featuredmedia":[{"embeddable":true,"href":"https:\/\/www.europesays.com\/no\/wp-json\/wp\/v2\/media\/50357"}],"wp:attachment":[{"href":"https:\/\/www.europesays.com\/no\/wp-json\/wp\/v2\/media?parent=50356"}],"wp:term":[{"taxonomy":"category","embeddable":true,"href":"https:\/\/www.europesays.com\/no\/wp-json\/wp\/v2\/categories?post=50356"},{"taxonomy":"post_tag","embeddable":true,"href":"https:\/\/www.europesays.com\/no\/wp-json\/wp\/v2\/tags?post=50356"}],"curies":[{"name":"wp","href":"https:\/\/api.w.org\/{rel}","templated":true}]}}