{"id":50374,"date":"2025-10-01T19:26:09","date_gmt":"2025-10-01T19:26:09","guid":{"rendered":"https:\/\/www.europesays.com\/no\/50374\/"},"modified":"2025-10-01T19:26:09","modified_gmt":"2025-10-01T19:26:09","slug":"norske-eline-i-gaza-konvoi-stoppes-av-israel","status":"publish","type":"post","link":"https:\/\/www.europesays.com\/no\/50374\/","title":{"rendered":"Norske Eline i Gaza-konvoi stoppes av Israel"},"content":{"rendered":"\n<p class=\"_lead_1994c_2 _lead_xtcu6_50 layout-component text-serif-m layout-normal text-serif-l layout-component layout-wide layout-padded _wide_17hqh_1 layout-padded\">Gruppen med rundt 45 b\u00e5ter \u2013 og syv nordmenn \u2013 stoppes n\u00e5 av det israelske milit\u00e6ret i Middelhavet. Signalene fra norske Eline er brutt.<\/p>\n<ul aria-hidden=\"true\" class=\"_images_1y6fe_106\">\n<li><a class=\"_link_1y6fe_111\" href=\"https:\/\/www.vg.no\/forfatter\/espen-rasmussen-2\" style=\"z-index:1\" title=\"Espen Rasmussen\" rel=\"nofollow noopener\" target=\"_blank\"><img alt=\"Bilde av Espen Rasmussen\" class=\"_image_1y6fe_88\" fetchpriority=\"low\" loading=\"lazy\" decoding=\"async\" itemprop=\"image\"  src=\"https:\/\/www.europesays.com\/no\/wp-content\/uploads\/2025\/10\/9e07ea87-bca1-4760-986f-5788e43af739\"  width=\"480\"\/><\/a><\/li>\n<\/ul>\n<p> Oppdatert onsdag 1. oktober kl. 21:25     <\/p>\n<p class=\"_paragraph_1994c_4 _paragraph_xtcu6_10 layout-component text-serif-m layout-normal text-serif-m layout-padded\">\u2013 Vi ser rundt 20 b\u00e5ter i en blokade som omringer oss n\u00e5, forteller studenten og seileren Eline Fr\u00f8ysa Norli (25) fra Trondheim i lydmeldinger til VG klokken \u00e5tte onsdag kveld. <\/p>\n<p class=\"_paragraph_1994c_4 _paragraph_xtcu6_10 layout-component text-serif-m layout-normal text-serif-m layout-padded\">Hun er en av syv nordmenn som befinner seg ombord i b\u00e5ter som seiler mot <a href=\"https:\/\/www.vg.no\/tag\/gaza?utm_source=vg-article&amp;utm_medium=auto-tagger&amp;utm_campaign=dR6Veq\" class=\"_link_1994c_39\" rel=\"nofollow noopener\" target=\"_blank\">Gaza<\/a> med n\u00f8dhjelp. <\/p>\n<p class=\"_paragraph_1994c_4 _paragraph_xtcu6_10 layout-component text-serif-m layout-normal text-serif-m layout-padded\">\u2013 Kameraer er offline, og b\u00e5ter har blitt bordet av milit\u00e6rpersonell. Vi jobber aktivt med \u00e5 bekrefte at alle deltakerne om bord er trygge, skriver Global Sumud Flotilla (GSF) p\u00e5 Instagram.<\/p>\n<p class=\"_paragraph_1994c_4 _paragraph_xtcu6_10 layout-component text-serif-m layout-normal text-serif-m layout-padded\">Eline er ombord i seilb\u00e5ten Yulara og forteller til VG hva som skjer n\u00e5:<\/p>\n<p class=\"_paragraph_1994c_4 _paragraph_xtcu6_10 layout-component text-serif-m layout-normal text-serif-m layout-padded\"><strong class=\"_strong_1994c_25\">\u2013 Det kommer en b\u00e5t i full fart opp mot oss p\u00e5 babord side n\u00e5, sier hun. <\/strong><\/p>\n<p class=\"_paragraph_1994c_4 _paragraph_xtcu6_10 layout-component text-serif-m layout-normal text-serif-m layout-padded\">P\u00e5 konvoiens <a href=\"https:\/\/globalsumudflotilla.org\/live\/\" class=\"_link_1994c_39\" rel=\"nofollow noopener\" target=\"_blank\">livestream<\/a> kan man se at deltagerne ombord i b\u00e5tene n\u00e5 har gjort seg klare for \u00e5 stoppes. De har p\u00e5 seg redningsvester og samles i grupper p\u00e5 dekk og i byssene p\u00e5 de forskjellige b\u00e5tene. <\/p>\n<p class=\"_paragraph_1994c_4 _paragraph_xtcu6_10 layout-component text-serif-m layout-normal text-serif-m layout-padded\">Signalene fra kameraene p\u00e5 de forskjellige b\u00e5tene brytes stadig oftere.<\/p>\n<p class=\"_paragraph_1994c_4 _paragraph_xtcu6_10 layout-component text-serif-m layout-normal text-serif-m layout-padded\">Rundt klokken halv ni forsvant live-bildene fra flere av b\u00e5tene. <\/p>\n<p class=\"_paragraph_1994c_4 _paragraph_xtcu6_10 layout-component text-serif-m layout-normal text-serif-m layout-padded\">\u2013 Det israelske sj\u00f8forsvaret har tatt kontakt med flotiljen og bedt dem om \u00e5 snu. Israel har informert flotiljen om at de n\u00e6rmer seg en aktiv krigssone og krenker en lovlig sj\u00f8blokade, skriver Israels utenriksdepartement p\u00e5<a href=\"https:\/\/twitter.com\/IsraelMFA\/status\/1973454164526330102\" class=\"_link_1994c_39\" rel=\"nofollow noopener\" target=\"_blank\"> X <\/a>litt f\u00f8r klokken 20.30.<\/p>\n<p><img alt=\"\" class=\"_image_qp4xg_65 layout-component layout-normal\" data-fullscreen- data-track-element-type=\"Article image fullscreen\" data-track-name=\"ImageFullscreen\" decoding=\"async\" loading=\"lazy\" height=\"1013\" itemprop=\"image\"  src=\"https:\/\/www.europesays.com\/no\/wp-content\/uploads\/2025\/10\/4940dc61-ffcc-4d53-8fa3-4d183880a328\"  style=\"object-position:0% 0%\" width=\"1571\"\/><\/p>\n<p class=\"_paragraph_1994c_4 _paragraph_xtcu6_10 layout-component text-serif-m layout-normal text-serif-m layout-padded\">Eline forteller i en talemelding at det er et milit\u00e6rskip som sirkler rundt dem p\u00e5 kloss hold. <\/p>\n<p class=\"_paragraph_1994c_4 _paragraph_xtcu6_10 layout-component text-serif-m layout-normal text-serif-m layout-padded\">\u2013 De har begynt \u00e5 jamme, s\u00e5 vi vil nok snart miste alt av signaler. Vi ser en drone som flyr lavt over Alma, hovedskipet i kortesjen. <\/p>\n<p>Hva er Gaza-konvoien Global Sumud Flotilla? <\/p>\n<p class=\"_paragraph_1994c_4 _paragraph_xtcu6_10 _paragraph_16v91_10 layout-component text-serif-m layout-normal text-sans-m layout-padded\" itemprop=\"text\">Det er en konvoi med b\u00e5ter med aktivister fra en rekke land som pr\u00f8ver \u00e5 seile til Gaza for \u00e5 gi befolkningen der n\u00f8dhjelp og utfordre israels sj\u00f8blokade av Gaza. <\/p>\n<p>Hvorfor pr\u00f8ver de \u00e5 komme til Gaza?<\/p>\n<p class=\"_paragraph_1994c_4 _paragraph_xtcu6_10 _paragraph_16v91_10 layout-component text-serif-m layout-normal text-sans-m layout-padded\" itemprop=\"text\">Mangelen p\u00e5 mat, vann og medisiner i Gaza er prek\u00e6r fordi Israel har stengt hele omr\u00e5det. Det er Israel som kontrollerer hva som kommer inn i Gaza. Aktivistene vil hjelpe de som lider, og samtidig vise verden hva som skjer. Sj\u00f8blokaden er if\u00f8lge dem ulovlig, fordi Israel ikke f\u00f8lger folkeretten n\u00e5r det gjelder \u00e5 f\u00e5 inn tilstrekkelig n\u00f8dhjelp til befolkningen i Gaza. Mangelen p\u00e5 n\u00f8dhjelp har f\u00f8rt til at det er konstatert sult i deler av Gaza.<\/p>\n<p>Hvem er med i konvoien? <\/p>\n<p class=\"_paragraph_1994c_4 _paragraph_xtcu6_10 _paragraph_16v91_10 layout-component text-serif-m layout-normal text-sans-m layout-padded\" itemprop=\"text\">Rundt 45 b\u00e5ter med folk fra over 40 land, blant annet Norge, Italia og Spania. Eline (25) fra Trondheim er en av syv norske deltagerne.<\/p>\n<p>Hvorfor blir konvoien angrepet?<\/p>\n<p class=\"_paragraph_1994c_4 _paragraph_xtcu6_10 _paragraph_16v91_10 layout-component text-serif-m layout-normal text-sans-m layout-padded\" itemprop=\"text\">Israel mener det er farlig \u00e5 slippe inn b\u00e5ter til Gaza fordi omr\u00e5det er i krig. De vil stoppe konvoien for \u00e5 kontrollere hva og hvem som kommer inn.<\/p>\n<p class=\"_paragraph_1994c_4 _paragraph_xtcu6_10 layout-component text-serif-m layout-normal text-serif-m layout-padded\">\u2013 Vi har pakket v\u00e5re ting og har tatt p\u00e5 oss de kl\u00e6rne vi vil ha p\u00e5 i fengsel. <\/p>\n<p class=\"_paragraph_1994c_4 _paragraph_xtcu6_10 layout-component text-serif-m layout-normal text-serif-m layout-padded\"><strong class=\"_strong_1994c_25\">\u2013 Vi har kastet over bord kniver og alt annet som kan se ut som v\u00e5pen, sier Eline.<\/strong><\/p>\n<p><img alt=\"\" class=\"_image_qp4xg_65 layout-component layout-normal\" data-fullscreen- data-track-element-type=\"Article image fullscreen\" data-track-name=\"ImageFullscreen\" decoding=\"async\" loading=\"lazy\" height=\"1346\" itemprop=\"image\"  src=\"https:\/\/www.europesays.com\/no\/wp-content\/uploads\/2025\/10\/81c9a8f1-ff86-4dd3-a2b0-f9c90ee4dedd\"  style=\"object-position:0% 0%\" width=\"1858\"\/><\/p>\n<p class=\"_paragraph_1994c_4 _paragraph_xtcu6_10 layout-component text-serif-m layout-normal text-serif-m layout-padded\">Eline fortalte til <a href=\"https:\/\/www.vg.no\/nyheter\/i\/zAvKRb\/norske-eline-25-angrepet-av-droner-paa-vei-til-gaza\" data-track-element-type=\"Link\" data-track-id=\"link:zAvKRb\" class=\"_link_1994c_39\" rel=\"nofollow noopener\" target=\"_blank\">VG i g\u00e5r <\/a>om droneangrepen mot konvoien sist onsdag. <\/p>\n<p class=\"_paragraph_1994c_4 _paragraph_xtcu6_10 layout-component text-serif-m layout-normal text-serif-m layout-padded\">Global Sumud Flotilla best\u00e5r av rundt 45 b\u00e5ter som har som m\u00e5l \u00e5 n\u00e5 Gazastripen med n\u00f8dhjelp. Fem av b\u00e5tene er n\u00e5 ute av konvoien p\u00e5 grunn av motorproblemer og skader etter et angrep mot dem sist onsdag.<\/p>\n<p class=\"_paragraph_1994c_4 _paragraph_xtcu6_10 layout-component text-serif-m layout-normal text-serif-m layout-padded\">\u2013 Vi har med mat og medisiner som vi skal gi til folket i Gaza, sa Eline til VG tirsdag.<\/p>\n<p class=\"_paragraph_1994c_4 _paragraph_xtcu6_10 layout-component text-serif-m layout-normal text-serif-m layout-padded\">P\u00e5 kortesjens offisielle Telegram-kanal ble det meldt i 19.30-tiden at de har identifisert mer enn 20 b\u00e5ter p\u00e5 radar:<\/p>\n<p class=\"_paragraph_1994c_4 _paragraph_xtcu6_10 layout-component text-serif-m layout-normal text-serif-m layout-padded\">\u00abDette kan signalisere en potensiell marineblokade\u00bb, skriver de. <\/p>\n<p>    <script async src=\"https:\/\/platform.twitter.com\/widgets.js\" charset=\"utf-8\"><\/script><\/p>\n","protected":false},"excerpt":{"rendered":"Gruppen med rundt 45 b\u00e5ter \u2013 og syv nordmenn \u2013 stoppes n\u00e5 av det israelske milit\u00e6ret i Middelhavet.&hellip;\n","protected":false},"author":2,"featured_media":50375,"comment_status":"","ping_status":"","sticky":false,"template":"","format":"standard","meta":{"footnotes":""},"categories":[5],"tags":[7765,20,21,24,25,53,15,19,52,22,23,17,18,13,30,28,29,14,16,26,27,412],"class_list":{"0":"post-50374","1":"post","2":"type-post","3":"status-publish","4":"format-standard","5":"has-post-thumbnail","7":"category-overskrifter","8":"tag-batkonvoi","9":"tag-breaking-news","10":"tag-breakingnews","11":"tag-featured-news","12":"tag-featurednews","13":"tag-gaza","14":"tag-headlines","15":"tag-hovedoppslag","16":"tag-israel","17":"tag-latest-news","18":"tag-latestnews","19":"tag-main-news","20":"tag-mainnews","21":"tag-news","22":"tag-no","23":"tag-norge","24":"tag-norway","25":"tag-nyheter","26":"tag-overskrifter","27":"tag-top-stories","28":"tag-topstories","29":"tag-utenriks"},"share_on_mastodon":{"url":"","error":""},"_links":{"self":[{"href":"https:\/\/www.europesays.com\/no\/wp-json\/wp\/v2\/posts\/50374","targetHints":{"allow":["GET"]}}],"collection":[{"href":"https:\/\/www.europesays.com\/no\/wp-json\/wp\/v2\/posts"}],"about":[{"href":"https:\/\/www.europesays.com\/no\/wp-json\/wp\/v2\/types\/post"}],"author":[{"embeddable":true,"href":"https:\/\/www.europesays.com\/no\/wp-json\/wp\/v2\/users\/2"}],"replies":[{"embeddable":true,"href":"https:\/\/www.europesays.com\/no\/wp-json\/wp\/v2\/comments?post=50374"}],"version-history":[{"count":0,"href":"https:\/\/www.europesays.com\/no\/wp-json\/wp\/v2\/posts\/50374\/revisions"}],"wp:featuredmedia":[{"embeddable":true,"href":"https:\/\/www.europesays.com\/no\/wp-json\/wp\/v2\/media\/50375"}],"wp:attachment":[{"href":"https:\/\/www.europesays.com\/no\/wp-json\/wp\/v2\/media?parent=50374"}],"wp:term":[{"taxonomy":"category","embeddable":true,"href":"https:\/\/www.europesays.com\/no\/wp-json\/wp\/v2\/categories?post=50374"},{"taxonomy":"post_tag","embeddable":true,"href":"https:\/\/www.europesays.com\/no\/wp-json\/wp\/v2\/tags?post=50374"}],"curies":[{"name":"wp","href":"https:\/\/api.w.org\/{rel}","templated":true}]}}