{"id":50397,"date":"2025-10-01T19:49:15","date_gmt":"2025-10-01T19:49:15","guid":{"rendered":"https:\/\/www.europesays.com\/no\/50397\/"},"modified":"2025-10-01T19:49:15","modified_gmt":"2025-10-01T19:49:15","slug":"ettersporselen-har-vaert-massiv","status":"publish","type":"post","link":"https:\/\/www.europesays.com\/no\/50397\/","title":{"rendered":"&#8211; Ettersp\u00f8rselen har v\u00e6rt massiv"},"content":{"rendered":"<p class=\"kicker \" style=\"\">Raser:<\/p>\n<p>  &#8211; Jeg hoppet p\u00e5 f\u00f8rste fly, sier Ole Klemetsen (54).<\/p>\n<p>\n    KLINSJ: Ole Klemetsen (til h\u00f8yre) og Frank L\u00f8ke (foran) m\u00f8ttes i bokseringen for halvannen uke siden. Klemetsen vant i Stavanger etter at L\u00f8ke ble disket. Foto: Carina Johansen \/ NTB\n  <\/p>\n<p>LILLESTR\u00d8M (Dagbladet): Eksbokser Ole Klemetsen har endelig bestemt seg: Han kommer ikke p\u00e5 avskjedskampen til Cecilia Br\u00e6khus (44) i Lillestr\u00f8m l\u00f8rdag kveld.<\/p>\n<p>\u00c5rsak: Frank L\u00f8ke (45).\u00a0<\/p>\n<p>&#8211; Jeg var invitert til stevnet og gledet meg. Hun har gitt mye til norsk boksing og er en fantastisk kvinne. Men n\u00e5 er det nok, raser Klemetsen overfor Dagbladet.<\/p>\n<p>    <a itemprop=\"url\" href=\"https:\/\/www.dagbladet.no\/sport\/trekker-seg-ut\/83667733\" rel=\"nofollow noopener\" target=\"_blank\"><\/p>\n<p>      <img loading=\"lazy\" decoding=\"async\" src=\"https:\/\/www.europesays.com\/no\/wp-content\/uploads\/2025\/10\/1759348150_332_83668225.webp\" width=\"980\" height=\"441\" title=\"Trekker seg ut\" alt=\"\" class=\"lazyload\" style=\"--aspect-ratio-image: 2.22; \"\/><\/p>\n<p>        Trekker seg ut<\/p>\n<p>    <\/a><\/p>\n<p>&#8211; Da jeg fikk greie p\u00e5 at L\u00f8ke skulle komme, hoppet jeg p\u00e5 f\u00f8rste fly til en annen destinasjon. Jeg vil ikke se at han pisser p\u00e5 boksesporten igjen, sier Klemetsen og sikter til seieren over L\u00f8ke for halvannen uke siden. Kampen endte med et vilt masseslagsm\u00e5l.<\/p>\n<p>          <img loading=\"lazy\" decoding=\"async\" src=\"https:\/\/www.europesays.com\/no\/wp-content\/uploads\/2025\/10\/1759348151_967_83668571.webp\" width=\"686\" height=\"673\" title=\"MOTIVATOR: Ole Laache (t.v.) har engasjert Frank L\u00f8ke som motivator f\u00f8r kampen mot Giorgi Kubejashvili fra Georgia. Laache og L\u00f8ke stilte opp sammen p\u00e5 pressekonferansen onsdag. Foto: Tore Ulrik Bratland\" alt=\"\" class=\"\" style=\"--aspect-ratio-image: 1.02; \"\/><\/p>\n<p>\n          MOTIVATOR: Ole Laache (t.v.) har engasjert Frank L\u00f8ke som motivator f\u00f8r kampen mot Giorgi Kubejashvili fra Georgia. Laache og L\u00f8ke stilte opp sammen p\u00e5 pressekonferansen onsdag. Foto: Tore Ulrik Bratland\n      <\/p>\n<p>Samtidig p\u00e5 Scandic Lillestr\u00f8m onsdag ettermiddag:<\/p>\n<p>F\u00f8r Br\u00e6khus skal i ilden mot Ema Kozin (26) fra Slovenia l\u00f8rdag kveld, skal det bokses flere kamper i NOVA Spektrum i Lillestr\u00f8m.\u00a0<\/p>\n<p>Blant dem er den norske oksen Ole Laache (24). Mannen p\u00e5 114 kilo g\u00e5r i ringen mot Giorgi Kubejashvili fra Georgia.<\/p>\n<p>          <img loading=\"lazy\" decoding=\"async\" src=\"https:\/\/www.europesays.com\/no\/wp-content\/uploads\/2025\/10\/1759348151_137_83668575.webp\" width=\"686\" height=\"453\" title=\"VEKKER OPPSIKT: Ole Laache (t.v.) stilte med verdens feiteste s\u00f8lvkjede fra Italia p\u00e5 pressekonferansen. Frank L\u00f8ke erkl\u00e6rer: - L\u00f8rdag skal det bli et gullkjede. Foto: Tore Ulrik Bratland\" alt=\"\" class=\"\" style=\"--aspect-ratio-image: 1.51; \"\/><\/p>\n<p>\n          VEKKER OPPSIKT: Ole Laache (t.v.) stilte med verdens feiteste s\u00f8lvkjede fra Italia p\u00e5 pressekonferansen. Frank L\u00f8ke erkl\u00e6rer: &#8211; L\u00f8rdag skal det bli et gullkjede. Foto: Tore Ulrik Bratland\n      <\/p>\n<p>P\u00e5 pressekonferanse onsdag var Laache flankert av Frank L\u00f8ke. Han har kommet inn som mentoren hans. Foran salen gjentok L\u00f8ke at det var han som vant boksekampen mot Klemetsen.<\/p>\n<p>&#8211; Jeg st\u00e5r alltid med vinnerne, erkl\u00e6rte 45-\u00e5ringen og siktet til Laache.<\/p>\n<p>Og:<\/p>\n<p>&#8211; Alle vet at jeg vant kampen mot Ole Klemetsen.<\/p>\n<p>          <img loading=\"lazy\" decoding=\"async\" src=\"https:\/\/www.europesays.com\/no\/wp-content\/uploads\/2025\/10\/1759348153_839_83668577.webp\" width=\"686\" height=\"467\" title=\"TORDNER: Ole Klemetsen langer ut mot Frank L\u00f8ke. Foto: Carina Johansen \/ NTB\" alt=\"\" class=\"\" style=\"--aspect-ratio-image: 1.47; \"\/><\/p>\n<p>\n          TORDNER: Ole Klemetsen langer ut mot Frank L\u00f8ke. Foto: Carina Johansen \/ NTB\n      <\/p>\n<p>L\u00f8ke ble &#8211; for ordens skyld &#8211; disket for brudd p\u00e5 boksereglene. Det ble mest l\u00f8ping og bryting, mente dommerne. At han n\u00e5 f\u00e5r en rolle under Br\u00e6khus-stevnet, f\u00e5r Klemetsen til \u00e5 fyre seg opp igjen.<\/p>\n<p>&#8211; Huff a meg, det synes jeg er j\u00e6vlig trist, sier eksbokseren til Dagbladet.<\/p>\n<p>&#8211; Jeg hadde h\u00e5pet at seieren min over ham skulle v\u00e6re slutten for ham i boksesporten. Han sprang bare bakover og tapte alle rundene. N\u00e5 skal han komme igjen og pisse p\u00e5 boksesporten. Tenk at arrang\u00f8ren synker s\u00e5 dypt og slipper inn den mannen. Han har ingenting \u00e5 komme med.<\/p>\n<p>        Frank L\u00f8ke dukket opp som motivator p\u00e5 en pressekonferanse f\u00f8r boksestevnet The Final Bell.<\/p>\n<p>Klemetsen vil ikke opplyse hvor i verden han er. Men han er langt utenfor landets grenser.\u00a0<\/p>\n<p>N\u00e5r han f\u00e5r h\u00f8re at L\u00f8ke var p\u00e5 pressekonferansen som markerte opptakten til stevnet, ser han r\u00f8dt.<\/p>\n<p>&#8211; Det er et ballespark mot boksesporten. Som jeg har sagt: Det er trist at jeg ikke klarte \u00e5 stoppe ham en gang for alle. Alle s\u00e5 det i Stavanger. Makan til klovn. Jeg har aldri opplevd en s\u00e5 usportslig og pysete mann.<\/p>\n<p>    <a itemprop=\"url\" href=\"https:\/\/www.dagbladet.no\/sport\/manageren-sparket\/83647879\" rel=\"nofollow noopener\" target=\"_blank\"><\/p>\n<p>      <img loading=\"lazy\" decoding=\"async\" src=\"https:\/\/www.europesays.com\/no\/wp-content\/uploads\/2025\/10\/1759348153_938_83647914.webp\" width=\"147\" height=\"98\" title=\"Manageren sparket\" alt=\"\" class=\"lazyload\" style=\"--aspect-ratio-image: 1.50; \"\/><\/p>\n<p>        Manageren sparket<\/p>\n<p>    <\/a><\/p>\n<p>L\u00f8ke &#8211; p\u00e5 sin side &#8211; har lite til overs for Klemetsen.<\/p>\n<p>&#8211; Pisset p\u00e5 boksesporten? Den eneste jeg pisset p\u00e5 var Ole. Du kan sp\u00f8rre ham om slag i skrittet og at teamet hans tok kvelertak p\u00e5 meg i slutten av f\u00f8rste runde. Han begynte \u00e5 sl\u00e5 meg i ballene. Alle m\u00e5 forst\u00e5 at jeg skj\u00f8nte hvor lista l\u00e5 etter dette, sier han.<\/p>\n<p>&#8211; Hvis han ikke kommer p\u00e5 stevnet, er han en redd kylling. Han t\u00f8r ikke \u00e5 komme. Det er helt greit. Jeg trodde han var i Spania allerede og drakk r\u00f8dvin p\u00e5 casino. Hvis han ikke kommer og hedrer Cecilia Br\u00e6khus etter alt hun har gjort, er det bare en vits. Det b\u00f8r selv en avdanket nisse gj\u00f8re. Han b\u00f8r takke meg for at jeg fylte lommeboka hans.<\/p>\n<p>          <img loading=\"lazy\" decoding=\"async\" src=\"https:\/\/www.europesays.com\/no\/wp-content\/uploads\/2025\/10\/1759348154_691_83668607.webp\" width=\"686\" height=\"392\" title=\"KLAR BESKJED: - Ole Klemetsen b\u00f8r takke meg, sier Frank L\u00f8ke. Foto: Carina Johansen \/ NTB\" alt=\"\" class=\"\" style=\"--aspect-ratio-image: 1.75; \"\/><\/p>\n<p>\n          KLAR BESKJED: &#8211; Ole Klemetsen b\u00f8r takke meg, sier Frank L\u00f8ke. Foto: Carina Johansen \/ NTB\n      <\/p>\n<p>Ole Laache er klar n\u00e5r han f\u00e5r h\u00f8re om Klemetsens frav\u00e6r:<\/p>\n<p>&#8211; Jeg synes det er ganske feigt! At han ikke vil komme p\u00e5 stevnet til bokselegenden Cecilia Br\u00e6khus, er for d\u00e5rlig, sier han.<\/p>\n<p class=\"italic m-italic\" data-lab-italic=\"italic\">&#8211; L\u00f8ke hevder at han vant kampen mot Klemetsen?<\/p>\n<p>&#8211; Du s\u00e5 at teamet til Klemetsen ikke var helt greie. De holdt ham i halsen. Det var stygt gjort av en mer erfaren bokser og et mer erfarent team. Det var d\u00e5rlig av dem. Jeg henger heller med Frank enn Klemetsen fordi han vil noe for boksesporten. Klemetsen ville bare ta en kamp og l\u00f8pe vekk med pengene. Jeg st\u00f8tter Frank ett hundre prosent.<\/p>\n<p>    <a itemprop=\"url\" href=\"https:\/\/www.dagbladet.no\/sport\/orker-ikke-mer\/83657860\" rel=\"nofollow noopener\" target=\"_blank\"><\/p>\n<p>      <img loading=\"lazy\" decoding=\"async\" src=\"https:\/\/www.europesays.com\/no\/wp-content\/uploads\/2025\/10\/1759348154_854_83657866.webp\" width=\"980\" height=\"441\" title=\"- Orker ikke mer\" alt=\"\" class=\"lazyload\" style=\"--aspect-ratio-image: 2.22; \"\/><\/p>\n<p>        &#8211; Orker ikke mer<\/p>\n<p>    <\/a><\/p>\n<p class=\"italic m-italic\" data-lab-italic=\"italic\">&#8211; Hva kan han hjelpe deg med?<\/p>\n<p>&#8211; Han er en legende i h\u00e5ndball og har v\u00e6rt p\u00e5 Mount Everest. Han vet hva han driver med. Det handler om \u00e5 f\u00e5 en ut\u00f8ver til \u00e5 yte sitt beste. Det er derfor jeg tar ham inn i hj\u00f8rnet mitt.<\/p>\n<p class=\"italic m-italic\" data-lab-italic=\"italic\">&#8211; Hvor tett er han p\u00e5 deg?<\/p>\n<p>&#8211; Vi har m\u00f8ttes nesten hver dag n\u00e5. B\u00e5de i poker-NM og i bokseringen. Han er en liten blodigle p\u00e5 ryggen.<\/p>\n<p>        Frank L\u00f8ke m\u00f8ter Cecilia Br\u00e6khus f\u00f8r hennes aller siste kamp. Sistnevnte har ikke helt troen p\u00e5 L\u00f8kes ambisjoner i idretten. Reporter: Christian August Cederblad. Video: Maja Walberg Klev<\/p>\n<p>Cecilia Br\u00e6khus har f\u00e5tt med seg isfronten mellom Klemetsen og L\u00f8ke.<\/p>\n<p>&#8211; Jeg h\u00e5per at han (Klemetsen) ombestemmer seg. Jeg er veldig glad i Ole. Vi f\u00e5r snakke og kose litt med ham. Jeg h\u00e5per virkelig han kan sitte ringside, sier Br\u00e6khus til Dagbladet.<\/p>\n<p class=\"italic m-italic\" data-lab-italic=\"italic\">&#8211; Kommer du til \u00e5 be L\u00f8ke om \u00e5 holde seg unna hvis det er det som m\u00e5 til?<\/p>\n<p>&#8211; Det barnehagegreiene kan jeg ikke v\u00e6re med p\u00e5! Begge er invitert. Kom igjen, gutter! N\u00e5 m\u00e5 vi oppf\u00f8re oss n\u00e5r jeg skal ha den siste kampen min.<\/p>\n<p>          <img loading=\"lazy\" decoding=\"async\" src=\"https:\/\/www.europesays.com\/no\/wp-content\/uploads\/2025\/10\/1759348155_460_83668589.webp\" width=\"686\" height=\"426\" title=\"DUELL: Cecilia Br\u00e6khus g\u00e5r i kamp mot Ema Kozin fra Slovenia. Arenaen er NOVA Spektrum i Lillestr\u00f8m l\u00f8rdag kveld. Foto: Jonas Been Henriksen \/ NTB\" alt=\"\" class=\"\" style=\"--aspect-ratio-image: 1.61; \"\/><\/p>\n<p>\n          DUELL: Cecilia Br\u00e6khus g\u00e5r i kamp mot Ema Kozin fra Slovenia. Arenaen er NOVA Spektrum i Lillestr\u00f8m l\u00f8rdag kveld. Foto: Jonas Been Henriksen \/ NTB\n      <\/p>\n<p>Men Klemetsen er klar:<\/p>\n<p>&#8211; Teamet til L\u00f8ke m\u00e5 v\u00e6re de flaueste menneskene i hele universet. Den ene bodygarden pr\u00f8vde \u00e5 sl\u00e5 til meg. I kjent stil trakk jeg meg unna. De folkene m\u00e5 skjermes.<\/p>\n<p>Og:<\/p>\n<p>&#8211; Jeg koser meg der jeg er n\u00e5.<\/p>\n","protected":false},"excerpt":{"rendered":"Raser: &#8211; Jeg hoppet p\u00e5 f\u00f8rste fly, sier Ole Klemetsen (54). KLINSJ: Ole Klemetsen (til h\u00f8yre) og Frank&hellip;\n","protected":false},"author":2,"featured_media":50398,"comment_status":"","ping_status":"","sticky":false,"template":"","format":"standard","meta":{"footnotes":""},"categories":[58],"tags":[150,4426,71,4528,3999,30,28,29,72],"class_list":{"0":"post-50397","1":"post","2":"type-post","3":"status-publish","4":"format-standard","5":"has-post-thumbnail","7":"category-underholdning","8":"tag-bok","9":"tag-bokmerker","10":"tag-entertainment","11":"tag-eyvind-hellstrom","12":"tag-kokkeskolen","13":"tag-no","14":"tag-norge","15":"tag-norway","16":"tag-underholdning"},"share_on_mastodon":{"url":"","error":""},"_links":{"self":[{"href":"https:\/\/www.europesays.com\/no\/wp-json\/wp\/v2\/posts\/50397","targetHints":{"allow":["GET"]}}],"collection":[{"href":"https:\/\/www.europesays.com\/no\/wp-json\/wp\/v2\/posts"}],"about":[{"href":"https:\/\/www.europesays.com\/no\/wp-json\/wp\/v2\/types\/post"}],"author":[{"embeddable":true,"href":"https:\/\/www.europesays.com\/no\/wp-json\/wp\/v2\/users\/2"}],"replies":[{"embeddable":true,"href":"https:\/\/www.europesays.com\/no\/wp-json\/wp\/v2\/comments?post=50397"}],"version-history":[{"count":0,"href":"https:\/\/www.europesays.com\/no\/wp-json\/wp\/v2\/posts\/50397\/revisions"}],"wp:featuredmedia":[{"embeddable":true,"href":"https:\/\/www.europesays.com\/no\/wp-json\/wp\/v2\/media\/50398"}],"wp:attachment":[{"href":"https:\/\/www.europesays.com\/no\/wp-json\/wp\/v2\/media?parent=50397"}],"wp:term":[{"taxonomy":"category","embeddable":true,"href":"https:\/\/www.europesays.com\/no\/wp-json\/wp\/v2\/categories?post=50397"},{"taxonomy":"post_tag","embeddable":true,"href":"https:\/\/www.europesays.com\/no\/wp-json\/wp\/v2\/tags?post=50397"}],"curies":[{"name":"wp","href":"https:\/\/api.w.org\/{rel}","templated":true}]}}