{"id":5040,"date":"2025-08-11T13:24:08","date_gmt":"2025-08-11T13:24:08","guid":{"rendered":"https:\/\/www.europesays.com\/no\/5040\/"},"modified":"2025-08-11T13:24:08","modified_gmt":"2025-08-11T13:24:08","slug":"erna-politikk-skrekk-maling-for-erna-darligste-hoyre-tall-pa-16-ar-bergensavisen","status":"publish","type":"post","link":"https:\/\/www.europesays.com\/no\/5040\/","title":{"rendered":"Erna, Politikk | Skrekk-m\u00e5ling for Erna: D\u00e5rligste H\u00f8yre-tall p\u00e5 16 \u00e5r &#8211; Bergensavisen"},"content":{"rendered":"<ol>\n<li><a href=\"https:\/\/news.google.com\/rss\/articles\/CBMijAFBVV95cUxPYURkNXBxSUx5U29GV1owMlFYb1Z4M2FtR3JwRE0xTWd6RFZ4UVRrd0kwQUhTc2xsQ3E1OXhiQ0w4MUxrTDJQS0FZQlRmSTBtTHc3QVJNTlViN1NKMHlhWGdQeUprQW5wd3hZdWZGSlRQS2xjdl9Ta2dmOG9iZ25GcTBuLWFSbTg3Z2pHYQ?oc=5\" target=\"_blank\" rel=\"nofollow noopener\">Erna, Politikk | Skrekk-m\u00e5ling for Erna: D\u00e5rligste H\u00f8yre-tall p\u00e5 16 \u00e5r<\/a>&nbsp;&nbsp;Bergensavisen<\/li>\n<li><a href=\"https:\/\/news.google.com\/rss\/articles\/CBMilAFBVV95cUxPVFA5UF9JQ0tGTk5LMjNQNWw3cVpkZjBNUDBkZmhFSHRYaGRNVjYwZlVsY0FMVDZlNFdBcUlIOEI4ZVFSYndaTnNoZUNid3dFQXhra0VxcXhoZHJyeXRMWnpqdU85UEFuUi1BTkk2Yzdoc2JKc19MS1NQZzNZWmVCLUp3TmN3dXBTdEM2dmp6WVpuWkdL?oc=5\" target=\"_blank\" rel=\"nofollow noopener\">n\u00e5: Erna-krise: D\u00e5rligste H\u00f8yre-tall p\u00e5 16 \u00e5r<\/a>&nbsp;&nbsp;VG<\/li>\n<li><a href=\"https:\/\/news.google.com\/rss\/articles\/CBMitAFBVV95cUxNNE5Ic2tVT2dlU0JpZS1nQ09nOHRnbF9PdTNwOG5QREUtVG9sUG44NDIzQ0dfbTFzbW1aZ05MbDhlT21jSnN1YkhoRjlyZW51SW9QOUZleHZQNXkxLVpWMF9sR3ZqOUF1UVVoY2VFUlhuNVVfMEEwUUhXMnNBbEtuMnBlM3lMZmtzSTR5OUhPY1JCaDZqWkY5aUM5eHA1VEJjWkRrcVpVc1pFbHJ4ellqdXl4NmU?oc=5\" target=\"_blank\" rel=\"nofollow noopener\">D\u00e5rligste m\u00e5ling for H\u00f8yre p\u00e5 16 \u00e5r: \u2013 Et godt sp\u00f8rsm\u00e5l hvorfor<\/a>&nbsp;&nbsp;Aftenposten<\/li>\n<li><a href=\"https:\/\/news.google.com\/rss\/articles\/CBMihgFBVV95cUxNTGpTMFl1bTZJTlBOeG16OF9TblVxQkp0VDJEN08zeVp1X3J5UE9WUk1lVEtCVU4weXdoVDBGV0wtb2QzWU1oM3NPd0RYS2lYSDdkYk1rNFdjV3ZxNkxianVzS1Z3cHlOMXFtX2FkTEtBU1RNeGc4NVo3aEpTSGpzdWY4Q1ZIQQ?oc=5\" target=\"_blank\" rel=\"nofollow noopener\">Krisetall for H\u00f8yre etter ny meningsm\u00e5ling<\/a>&nbsp;&nbsp;TV2.no<\/li>\n<li><a href=\"https:\/\/news.google.com\/rss\/articles\/CBMiqgFBVV95cUxOWkdvcGFLWC1hRTdyZTB1a0lrNlRidEtZSEJSa04ySEYtYnR2ak9kNE1CZGE2dUJidkMwcDlMUlhlbG5KbHpSZUtzQ3FkanpYS0tfSlZISjV1S0NzNy0yaFZPcWVJQV9sUEtQSTJ1WUhqM0JLeEJZTGMzY0RsdUNFVE5mSzhxdzhqUlYwbWozNUJnZHBxMUw2RDdnakszUUo2aDlsQnBndVllQQ?oc=5\" target=\"_blank\" rel=\"nofollow noopener\">Erna f\u00e5r det bare ikke til (+)<\/a>&nbsp;&nbsp;Dagens N\u00e6ringsliv<\/li>\n<\/ol>\n","protected":false},"excerpt":{"rendered":"Erna, Politikk | Skrekk-m\u00e5ling for Erna: D\u00e5rligste H\u00f8yre-tall p\u00e5 16 \u00e5r&nbsp;&nbsp;Bergensavisen n\u00e5: Erna-krise: D\u00e5rligste H\u00f8yre-tall p\u00e5 16 \u00e5r&nbsp;&nbsp;VG&hellip;\n","protected":false},"author":2,"featured_media":5041,"comment_status":"","ping_status":"","sticky":false,"template":"","format":"standard","meta":{"footnotes":""},"categories":[5],"tags":[36,20,21,1246,24,25,15,19,22,23,17,18,13,30,28,29,14,16,41,26,27],"class_list":{"0":"post-5040","1":"post","2":"type-post","3":"status-publish","4":"format-standard","5":"has-post-thumbnail","7":"category-overskrifter","8":"tag-art","9":"tag-breaking-news","10":"tag-breakingnews","11":"tag-erna","12":"tag-featured-news","13":"tag-featurednews","14":"tag-headlines","15":"tag-hovedoppslag","16":"tag-latest-news","17":"tag-latestnews","18":"tag-main-news","19":"tag-mainnews","20":"tag-news","21":"tag-no","22":"tag-norge","23":"tag-norway","24":"tag-nyheter","25":"tag-overskrifter","26":"tag-politikk","27":"tag-top-stories","28":"tag-topstories"},"share_on_mastodon":{"url":"","error":""},"_links":{"self":[{"href":"https:\/\/www.europesays.com\/no\/wp-json\/wp\/v2\/posts\/5040","targetHints":{"allow":["GET"]}}],"collection":[{"href":"https:\/\/www.europesays.com\/no\/wp-json\/wp\/v2\/posts"}],"about":[{"href":"https:\/\/www.europesays.com\/no\/wp-json\/wp\/v2\/types\/post"}],"author":[{"embeddable":true,"href":"https:\/\/www.europesays.com\/no\/wp-json\/wp\/v2\/users\/2"}],"replies":[{"embeddable":true,"href":"https:\/\/www.europesays.com\/no\/wp-json\/wp\/v2\/comments?post=5040"}],"version-history":[{"count":0,"href":"https:\/\/www.europesays.com\/no\/wp-json\/wp\/v2\/posts\/5040\/revisions"}],"wp:featuredmedia":[{"embeddable":true,"href":"https:\/\/www.europesays.com\/no\/wp-json\/wp\/v2\/media\/5041"}],"wp:attachment":[{"href":"https:\/\/www.europesays.com\/no\/wp-json\/wp\/v2\/media?parent=5040"}],"wp:term":[{"taxonomy":"category","embeddable":true,"href":"https:\/\/www.europesays.com\/no\/wp-json\/wp\/v2\/categories?post=5040"},{"taxonomy":"post_tag","embeddable":true,"href":"https:\/\/www.europesays.com\/no\/wp-json\/wp\/v2\/tags?post=5040"}],"curies":[{"name":"wp","href":"https:\/\/api.w.org\/{rel}","templated":true}]}}