{"id":50420,"date":"2025-10-01T20:30:17","date_gmt":"2025-10-01T20:30:17","guid":{"rendered":"https:\/\/www.europesays.com\/no\/50420\/"},"modified":"2025-10-01T20:30:17","modified_gmt":"2025-10-01T20:30:17","slug":"sport-handball-etter-kamp-ma-marie-lope-i-garderoben-den-nye-hverdagen","status":"publish","type":"post","link":"https:\/\/www.europesays.com\/no\/50420\/","title":{"rendered":"Sport, H\u00e5ndball | Etter kamp m\u00e5 Marie l\u00f8pe i garderoben: \u2013 Den nye hverdagen"},"content":{"rendered":"\n<p><b>Fana \u2013 Gjerpen 32-23:<\/b> \u2013 Jeg ammer, og s\u00e5 er jeg ikke klar for \u00e5 sove borte fra ham en hel natt. Det klarer ikke mammahjertet mitt. Da blir det til at Oskar m\u00e5 v\u00e6re med, sier Davidsen.<\/p>\n<p>Onsdag kveld var hun med p\u00e5 \u00e5 beseire Gjerpen 32\u201323 i Fana Arena. Ikke s\u00e5 verst for en 32-\u00e5ring som ble mor for under et halv\u00e5r siden.<\/p>\n<p>Lille Oskar p\u00e5 fem og en halv m\u00e5ned er et kjent ansikt i Fana Arena allerede \u2013 og spesielt innad i laget. Han har nemlig f\u00e5tt bli med i lagbussen p\u00e5 borteturene ogs\u00e5.<\/p>\n<p>Slik m\u00e5 det bli n\u00e5r Davidsen er fast bestemt p\u00e5 \u00e5 kombinere livet som toppidrettsut\u00f8ver med livet som mamma.<\/p>\n<p>Comeback etter fire m\u00e5neder<\/p>\n<p>Davidsen flyttet hjem igjen i \u00e5r. Ikke helt til Holsn\u00f8y hvor hun er oppvokst, men i alle fall til Norge. H\u00e5ndballkeeperen har spilt for b\u00e5de Th\u00fcringer i Tyskland og CSM Bucuresti i Romania i det store utlandet, men i v\u00e5r signerte den tidligere Tertnes-keeperen for Fana.<\/p>\n<p>8. april ble hun mamma.<\/p>\n<p>19. august spilte hun f\u00f8rste kamp igjen.<\/p>\n<p>\u2013 Jeg er jo ikke forn\u00f8yd med meg selv. Jeg er perfeksjonist, s\u00e5 jeg ser mye som skal bli bedre. Det er t\u00f8ft \u00e5 komme seg tilbake, og jeg er innstilt p\u00e5 at det kommer til \u00e5 ta tid. Kroppen kjennes veldig grei, men den er jo forandret. Det er lett \u00e5 tenke at man kan klare det samme som f\u00f8r, og kanskje man kan det, men det vil ta tid, sier Davidsen til BA.<\/p>\n<p>   <img decoding=\"async\" width=\"8256\" height=\"5504\" fetchpriority=\"low\"  loading=\"lazy\"  src=\"https:\/\/www.europesays.com\/no\/wp-content\/uploads\/2025\/10\/RJ8_6621.jpg\" alt=\"Keeper Marie Davidsen holdt buret tett da Fana m\u00f8tte Aker.\" class=\"brick-c-cFOWSL\" style=\"--brick-image-ratio: 8256 \/ 5504;\"\/><\/p>\n<p>    Etter kampen b\u00e6rer det rett i garderoben for \u00e5 gi Oskar det han trenger.<br \/>\n    Foto: RUNE JOHANSEN\n  <\/p>\n<p>Rett etter kamp l\u00f8p hun for \u00e5 finne s\u00f8nnen hennes.<\/p>\n<p>H\u00e5ndballkamper har en tendens til \u00e5 v\u00e6re god lyd i, med b\u00e5de musikk, roping og trommer \u2013 s\u00e5 under kamp gjemmer Oskar og pappa \u00d8yvind S\u00e6b\u00f8 seg gjerne i mer stille rom.<\/p>\n<p>\u2013 Han har v\u00e6rt p\u00e5 alle kampene hennes til n\u00e5. Vi satt i et m\u00f8rkt rom og h\u00e5pte p\u00e5 at han skulle sove, men nei da, sier S\u00e6b\u00f8.<\/p>\n<p>Lille Oskar er lys v\u00e5ken og i str\u00e5lende hum\u00f8r n\u00e5r BA m\u00f8ter ham. Og alle som g\u00e5r forbi hilser p\u00e5 den blide gutten \u2013 de vet godt hvem han er n\u00e5.<\/p>\n<p>Ekstra husarbeid for \u00d8yvind<\/p>\n<p>Det har p\u00e5 ingen m\u00e5te v\u00e6rt noen ordin\u00e6r mammaperm for Davidsen. Hun brukte m\u00f8drekvoten, men var alts\u00e5 raskt tilbake p\u00e5 jobb. Hele tiden har hun holdt seg aktiv, for \u00e5 kunne klare \u00e5 returnere til toppidretten.<\/p>\n<p>\u2013 Jeg spilte h\u00e5ndball til jeg var gravid i uke elleve, men har trent hele svangerskapet. Og s\u00e5 begynte jeg rolig med trening fire uker etter f\u00f8dsel, forklarer hun.<\/p>\n<p>Men selv om idretten tar en stor del av livet hennes og bestemmer hvordan hun m\u00e5 legge opp dagene sine, er det ikke det viktigste.<\/p>\n<p>   <img decoding=\"async\" width=\"5392\" height=\"3592\" fetchpriority=\"low\"  loading=\"lazy\"  src=\"https:\/\/www.europesays.com\/no\/wp-content\/uploads\/2025\/10\/_RJO0213.jpg\" alt=\"Keeper Marie Davidsen holdt buret tett da Fana m\u00f8tte Aker.\" class=\"brick-c-cFOWSL\" style=\"--brick-image-ratio: 5392 \/ 3592;\"\/><\/p>\n<p>    Keeper Marie Davidsen har hatt en lang og innholdsrik karriere. N\u00e5 har hun kommer hjem til Bergen.<br \/>\n    Foto: RUNE JOHANSEN\n  <\/p>\n<p>\u2013 Oskar er det viktigste. Jeg tok det rolig etter f\u00f8dselen fordi jeg ville nyte tiden med ham. Ikke stresse, men tillate meg \u00e5 v\u00e6re i babyboblen. Det er ikke en tid du f\u00e5r igjen, sier hun.<\/p>\n<p>Davidsen lener seg ogs\u00e5 p\u00e5 S\u00e6b\u00f8. Hun hadde ikke kunnet v\u00e6rt toppidrettsut\u00f8ver akkurat n\u00e5 om det ikke var for ham.<\/p>\n<p>\u2013 Det er litt tyngre \u00e5 spille n\u00e5, for jeg f\u00e5r ikke restituert meg p\u00e5 samme m\u00e5te som f\u00f8r. Men \u00d8yvind sin hjelp er uvurderlig.<\/p>\n<p>\u2013 Hva gj\u00f8r du da?<\/p>\n<p><b>\u2013 Jeg tar nattskiftene med Oskar, og s\u00e5 tar jeg i noen ekstra tak hjemme, sier S\u00e6b\u00f8 og smiler.<\/b><\/p>\n","protected":false},"excerpt":{"rendered":"Fana \u2013 Gjerpen 32-23: \u2013 Jeg ammer, og s\u00e5 er jeg ikke klar for \u00e5 sove borte fra&hellip;\n","protected":false},"author":2,"featured_media":50421,"comment_status":"","ping_status":"","sticky":false,"template":"","format":"standard","meta":{"footnotes":""},"categories":[59],"tags":[36,7767,5703,105,30,28,29,83,82,1510],"class_list":{"0":"post-50420","1":"post","2":"type-post","3":"status-publish","4":"format-standard","5":"has-post-thumbnail","7":"category-sport","8":"tag-art","9":"tag-fana-handball","10":"tag-fana-il","11":"tag-handball","12":"tag-no","13":"tag-norge","14":"tag-norway","15":"tag-sport","16":"tag-sports","17":"tag-story"},"share_on_mastodon":{"url":"","error":""},"_links":{"self":[{"href":"https:\/\/www.europesays.com\/no\/wp-json\/wp\/v2\/posts\/50420","targetHints":{"allow":["GET"]}}],"collection":[{"href":"https:\/\/www.europesays.com\/no\/wp-json\/wp\/v2\/posts"}],"about":[{"href":"https:\/\/www.europesays.com\/no\/wp-json\/wp\/v2\/types\/post"}],"author":[{"embeddable":true,"href":"https:\/\/www.europesays.com\/no\/wp-json\/wp\/v2\/users\/2"}],"replies":[{"embeddable":true,"href":"https:\/\/www.europesays.com\/no\/wp-json\/wp\/v2\/comments?post=50420"}],"version-history":[{"count":0,"href":"https:\/\/www.europesays.com\/no\/wp-json\/wp\/v2\/posts\/50420\/revisions"}],"wp:featuredmedia":[{"embeddable":true,"href":"https:\/\/www.europesays.com\/no\/wp-json\/wp\/v2\/media\/50421"}],"wp:attachment":[{"href":"https:\/\/www.europesays.com\/no\/wp-json\/wp\/v2\/media?parent=50420"}],"wp:term":[{"taxonomy":"category","embeddable":true,"href":"https:\/\/www.europesays.com\/no\/wp-json\/wp\/v2\/categories?post=50420"},{"taxonomy":"post_tag","embeddable":true,"href":"https:\/\/www.europesays.com\/no\/wp-json\/wp\/v2\/tags?post=50420"}],"curies":[{"name":"wp","href":"https:\/\/api.w.org\/{rel}","templated":true}]}}