{"id":5043,"date":"2025-08-11T13:26:12","date_gmt":"2025-08-11T13:26:12","guid":{"rendered":"https:\/\/www.europesays.com\/no\/5043\/"},"modified":"2025-08-11T13:26:12","modified_gmt":"2025-08-11T13:26:12","slug":"namsos-namsosmartnan-vil-vippe-rorvik-av-quiz-trona-vi-vil-bli-storst","status":"publish","type":"post","link":"https:\/\/www.europesays.com\/no\/5043\/","title":{"rendered":"Namsos, Namsosmartnan | Vil vippe R\u00f8rvik av quiz-trona: \u2013 Vi vil bli st\u00f8rst"},"content":{"rendered":"\n<p><b>NAMSOS: <\/b>Med et publikum p\u00e5 500 engasjerte deltakere i 2024, var fjor\u00e5rets arrangement en rungende suksess. Men for konferansierene Ole Anders Olsen og Trond Gunnar Skillingstad er \u00abstor\u00bb bare et springbrett.<\/p>\n<p>\u2013 Vi g\u00e5r for \u00e5 bli Norges st\u00f8rste quiz, fastsl\u00e5r en m\u00e5lrettet Skillingstad.<\/p>\n<p>Arrangementet, som er et samarbeid mellom Statskog, SpareBank 1 SMN, Namdalsavisa og Namsosmartnan, har i \u00e5r skrudd opp innsatsen p\u00e5 alle fronter.<\/p>\n<p>   <img decoding=\"async\" width=\"5712\" height=\"4284\" fetchpriority=\"low\"  loading=\"lazy\"  src=\"https:\/\/www.europesays.com\/no\/wp-content\/uploads\/2025\/08\/IMG_5469.HEIC\" alt=\"\" class=\"brick-c-cFOWSL\" style=\"--brick-image-ratio: 5712 \/ 4284;\"\/><\/p>\n<p>    VIL BLI ST\u00d8RST: Quizmaster-duoen er klar til \u00e5 lede martnasquizen i \u00e5r ogs\u00e5. Fra venstre: Trond Gunnar Skillingstad og Ole Anders Olsen.<br \/>\n    Foto: Sara Grannes\n  <\/p>\n<p>  St\u00f8rre og bedre<\/p>\n<p>Det er ikke bare antall deltakere som skal sl\u00e5s. Premiene har ogs\u00e5 f\u00e5tt en skikkelig oppgradering.<\/p>\n<p>\u2013 Vinnerpokalen er st\u00f8rre og bedre enn noen gang, og vi lover premier for over 50.000 kroner, forteller Olsen.<\/p>\n<p>  <a href=\"https:\/\/www.namdalsavisa.no\/5-121-1351106\" class=\"related-teaser has-image default-story-teaser article--c-eRUmMG article--c-eRUmMG-jKCPdD-design-default\" rel=\"nofollow noopener\" target=\"_blank\"><\/p>\n<p>    <img decoding=\"async\" loading=\"lazy\"  src=\"https:\/\/www.europesays.com\/no\/wp-content\/uploads\/2025\/08\/IMG_5478.jpg\" alt=\"\" class=\"brick-c-cFOWSL\" style=\"\"\/><\/p>\n<p>\n            Les ogs\u00e5<\/p>\n<p>              \u00abKusinene Hotlips\u00bb var pyntet som vinnere \u2013 men det holdt ikke helt til seier: \u2013 Neste \u00e5r blir det skj\u00f8rt\n        <\/p>\n<p>  <\/a><\/p>\n<p>Premiene spenner fra rene pengegevinster til deilige pizzapremier, noe som garantert vil skjerpe konkurranseinstinktet.<\/p>\n<p>   <img decoding=\"async\" width=\"5712\" height=\"4284\" fetchpriority=\"low\"  loading=\"lazy\"  src=\"https:\/\/www.europesays.com\/no\/wp-content\/uploads\/2025\/08\/IMG_5467.HEIC\" alt=\"\" class=\"brick-c-cFOWSL\" style=\"--brick-image-ratio: 5712 \/ 4284;\"\/><\/p>\n<p>    VINNERPREMIE: Pokalen som vinnerlaget vil f\u00e5 er litt annerledes enn 2024-pokalen.<br \/>\n    Foto: Sara Grannes\n  <\/p>\n<p>For \u00e5 im\u00f8tekomme den forventede p\u00e5gangen, har arrang\u00f8rene ogs\u00e5 investert i et st\u00f8rre telt.<\/p>\n<p>\u2013 Vi skal fylle Festplassen, lover duoen med et smil.<\/p>\n<p>M\u00e5let er krystallklart: \u00c5 skape en folkefest der ingen trenger \u00e5 st\u00e5 i regnet.<\/p>\n<p>En smart justering i tidsplanen gj\u00f8r at quizen i \u00e5r legges til etter gospelkoret Salts konsert i Namsos kirke. Dette gir publikum en mulighet til \u00e5 f\u00e5 med seg b\u00e5de den mektige musikken og den intense quizen \u2013 en perfekt kombinasjon for en minneverdig kveld.<\/p>\n<p>      Stemning<\/p>\n<p>Konkurransen er tydelig. R\u00f8rvikdagan har lenge kunnet smykke seg med tittelen \u00abNorges st\u00f8rste quiz\u00bb. Men Namsos-gjengen lar seg ikke skremme.<\/p>\n<p>\u2013 Vi skal v\u00e6re bedre enn R\u00f8rvik, sier Olsen med et glimt i \u00f8yet.<\/p>\n<p>Dette er mer enn bare tomme ord. Quizmasterne har brukt nesten et helt \u00e5r p\u00e5 \u00e5 forberede \u00e5rets utgave. Sp\u00f8rsm\u00e5lene er n\u00f8ye selektert, med et klart m\u00e5l om \u00e5 utfordre, engasjere og ikke minst, skape en uforglemmelig opplevelse.<\/p>\n<p>\u2013 Mange vil f\u00e5 til mye, sier Skillingstad om sp\u00f8rsm\u00e5lene, og antyder at det vil v\u00e6re ei god blanding av utfordringer som krever b\u00e5de dybdekunnskap og raske assosiasjoner.<\/p>\n<p>Det legges stor vekt p\u00e5 stemning. Selv om konkurransen er hard, er hovedfokuset \u00e5 skape en kveld der alle kan kose seg.<\/p>\n<p>\u2013 Det skal ikke bare v\u00e6re \u00abblodseri\u00f8st\u00bb, understreker Olsen.<\/p>\n<p>\u2013 Vi \u00f8nsker \u00e5 skape en festlig atmosf\u00e6re der latter og engasjement st\u00e5r i sentrum.<\/p>\n<p>S\u00e5 er det store sp\u00f8rsm\u00e5let: Vil martnasquizen i Namsos overta trona som landets st\u00f8rste \u2013 og beste \u2013 quizarrangement?<\/p>\n<p>  <a href=\"https:\/\/www.namdalsavisa.no\/5-121-1467988\" class=\"related-teaser has-image default-gallery-teaser article--c-eRUmMG article--c-eRUmMG-jKCPdD-design-default\" rel=\"nofollow noopener\" target=\"_blank\"><\/p>\n<p>    <img decoding=\"async\" loading=\"lazy\"  src=\"https:\/\/www.europesays.com\/no\/wp-content\/uploads\/2025\/08\/IMG_0210.JPG\" alt=\"\" class=\"brick-c-cFOWSL\" style=\"\"\/><\/p>\n<p>\n            Bildeserie<\/p>\n<p>              Str\u00f8mmet til quiz \u2013 se hvem som deltok\n        <\/p>\n<p>  <\/a><\/p>\n<p>  <a href=\"https:\/\/www.namdalsavisa.no\/5-121-1342912\" class=\"related-teaser has-image default-story-teaser article--c-eRUmMG article--c-eRUmMG-jKCPdD-design-default\" rel=\"nofollow noopener\" target=\"_blank\"><\/p>\n<p>    <img decoding=\"async\" loading=\"lazy\"  src=\"https:\/\/www.europesays.com\/no\/wp-content\/uploads\/2025\/08\/Quiz+-+R%C3%B8rvikdagan+-+Bord+9+-+24.07.2024.JPG\" alt=\"\" class=\"brick-c-cFOWSL\" style=\"\"\/><\/p>\n<p>\n            Les ogs\u00e5<\/p>\n<p>              \u00abNorges st\u00f8rste quiz\u00bb med ny rekord. Se hvem som deltok p\u00e5 quizen under R\u00f8rvikdagan onsdag\n        <\/p>\n<p>  <\/a><\/p>\n","protected":false},"excerpt":{"rendered":"NAMSOS: Med et publikum p\u00e5 500 engasjerte deltakere i 2024, var fjor\u00e5rets arrangement en rungende suksess. Men for&hellip;\n","protected":false},"author":2,"featured_media":5044,"comment_status":"","ping_status":"","sticky":false,"template":"","format":"standard","meta":{"footnotes":""},"categories":[58],"tags":[36,71,728,410,1248,783,1247,30,28,29,72],"class_list":{"0":"post-5043","1":"post","2":"type-post","3":"status-publish","4":"format-standard","5":"has-post-thumbnail","7":"category-underholdning","8":"tag-art","9":"tag-entertainment","10":"tag-fritid","11":"tag-kultur","12":"tag-martnasquiz","13":"tag-namsos","14":"tag-namsosmartnan","15":"tag-no","16":"tag-norge","17":"tag-norway","18":"tag-underholdning"},"share_on_mastodon":{"url":"","error":""},"_links":{"self":[{"href":"https:\/\/www.europesays.com\/no\/wp-json\/wp\/v2\/posts\/5043","targetHints":{"allow":["GET"]}}],"collection":[{"href":"https:\/\/www.europesays.com\/no\/wp-json\/wp\/v2\/posts"}],"about":[{"href":"https:\/\/www.europesays.com\/no\/wp-json\/wp\/v2\/types\/post"}],"author":[{"embeddable":true,"href":"https:\/\/www.europesays.com\/no\/wp-json\/wp\/v2\/users\/2"}],"replies":[{"embeddable":true,"href":"https:\/\/www.europesays.com\/no\/wp-json\/wp\/v2\/comments?post=5043"}],"version-history":[{"count":0,"href":"https:\/\/www.europesays.com\/no\/wp-json\/wp\/v2\/posts\/5043\/revisions"}],"wp:featuredmedia":[{"embeddable":true,"href":"https:\/\/www.europesays.com\/no\/wp-json\/wp\/v2\/media\/5044"}],"wp:attachment":[{"href":"https:\/\/www.europesays.com\/no\/wp-json\/wp\/v2\/media?parent=5043"}],"wp:term":[{"taxonomy":"category","embeddable":true,"href":"https:\/\/www.europesays.com\/no\/wp-json\/wp\/v2\/categories?post=5043"},{"taxonomy":"post_tag","embeddable":true,"href":"https:\/\/www.europesays.com\/no\/wp-json\/wp\/v2\/tags?post=5043"}],"curies":[{"name":"wp","href":"https:\/\/api.w.org\/{rel}","templated":true}]}}