{"id":50430,"date":"2025-10-01T20:43:10","date_gmt":"2025-10-01T20:43:10","guid":{"rendered":"https:\/\/www.europesays.com\/no\/50430\/"},"modified":"2025-10-01T20:43:10","modified_gmt":"2025-10-01T20:43:10","slug":"ma-oke-presset-pa-russland-dagbladet","status":"publish","type":"post","link":"https:\/\/www.europesays.com\/no\/50430\/","title":{"rendered":"&#8211; M\u00e5 \u00f8ke presset p\u00e5 Russland &#8211; Dagbladet"},"content":{"rendered":"<ol>\n<li><a href=\"https:\/\/news.google.com\/rss\/articles\/CBMid0FVX3lxTE5nZGl4LVBKUG14ZzNCZ1hCb0pnMFg2NjlFOE9iZnhqT1hoMTdKOFNvV0diMGFLLUQxQ3NuaDNlODBoVmFDRGFiajRwRHJhRWJvQWxleXlicmUtTi03ZHN2alJPMGxhSWRfNWZCUk04d0g3NDNQXzI4?oc=5\" target=\"_blank\" rel=\"nofollow noopener\">&#8211; M\u00e5 \u00f8ke presset p\u00e5 Russland<\/a>&nbsp;&nbsp;Dagbladet<\/li>\n<li><a href=\"https:\/\/news.google.com\/rss\/articles\/CBMioAFBVV95cUxPWnAtVkxrUUU4Zk1UOWp0QVlrX1ZablZLLXBBU1ZoWlpxN2pEVWMta3liNHpkRFlwRzdpTUllNW1VTWd6QS1neXpaS3l5bVo2Yll4TVVRNkxzOEFWR2k5Tkk5YVlYX0RRVkFEYko0SU1KczdsWlMzVFJuYmsyaGl2ZGhvVmNva1BSS3Q1RHozOHNyRHZoT1cxRlVtWHBDLTFo?oc=5\" target=\"_blank\" rel=\"nofollow noopener\">EU-toppm\u00f8te i Danmark om felles forsvar, dronetrussel og Ukraina<\/a>&nbsp;&nbsp;NRK<\/li>\n<li><a href=\"https:\/\/news.google.com\/rss\/articles\/CBMikgFBVV95cUxNRzh0UlZWbUpmZzNSdFpEYUV5aXZ5Tzc1cE5oTDhyNXN0Ry1iUElqenVCQkk4bHJxYmNJZGtUYlFySmw2TEdRS3g5UjMxVlVCM1czdmNld2t1Vm1JM1U2UTlZUXlLWUdXMDRLUEFrZGU2dEVmM1VPMnRUNjRYQXk1ckRlWThJSmRmMlZNdjVHblQ2dw?oc=5\" target=\"_blank\" rel=\"nofollow noopener\">De bestemmer. Norge venter utenfor.<\/a>&nbsp;&nbsp;Aftenposten<\/li>\n<li><a href=\"https:\/\/news.google.com\/rss\/articles\/CBMirAFBVV95cUxPcG9TME1RX1BqQjdnMVU3THVpSGJRZ3QwZVJ6SXhUSW1JREljS2lqRTFZSF9YcWpRWlZWR3hVZXU2SVlnSVlUWDdKRTJLd0g3VXhpM3RjQTY3NC1CbjQzcHhObl9qblROdktsdTdEXzdkYmdYVUZ6VXlueU9Sa0xLZ1U5TS1IWnlhelMySGpsQUZCdDVQdDJLOHRxZE54V2FBc2RieU5OdldBQnI1?oc=5\" target=\"_blank\" rel=\"nofollow noopener\">P\u00e5 slagmarka i Ukraina er vi vitne til ein teknologisk revolusjon<\/a>&nbsp;&nbsp;Digi.no<\/li>\n<li><a href=\"https:\/\/news.google.com\/rss\/articles\/CBMipAFBVV95cUxNbXBWeHBtRFlBZW50azBzZEgxT3NVeFhfNmJfNEdKVEpzbHI2NDgzZHkyUV9hU1lCY3E2cTBCRkd3STNjZVlzSjNob21rTDNQWVJKNkFScmRNaW4xckQycHpfUWlqUDhtczh1MFFFd3pReE9GZzFxbG9hZ1VwWVlMX3B6TUFsdEhXUzNFV2Y1akVqcjl0WFZaV2pRS3UwYjYyN3otWA?oc=5\" target=\"_blank\" rel=\"nofollow noopener\">EU-kommisjonens leder: \u2013 Vil ikke la Russland spre frykt<\/a>&nbsp;&nbsp;adressa.no<\/li>\n<\/ol>\n","protected":false},"excerpt":{"rendered":"&#8211; M\u00e5 \u00f8ke presset p\u00e5 Russland&nbsp;&nbsp;Dagbladet EU-toppm\u00f8te i Danmark om felles forsvar, dronetrussel og Ukraina&nbsp;&nbsp;NRK De bestemmer. Norge&hellip;\n","protected":false},"author":2,"featured_media":50431,"comment_status":"","ping_status":"","sticky":false,"template":"","format":"standard","meta":{"footnotes":""},"categories":[5],"tags":[20,21,24,25,15,19,22,23,17,18,13,30,28,29,14,16,26,27,412],"class_list":{"0":"post-50430","1":"post","2":"type-post","3":"status-publish","4":"format-standard","5":"has-post-thumbnail","7":"category-overskrifter","8":"tag-breaking-news","9":"tag-breakingnews","10":"tag-featured-news","11":"tag-featurednews","12":"tag-headlines","13":"tag-hovedoppslag","14":"tag-latest-news","15":"tag-latestnews","16":"tag-main-news","17":"tag-mainnews","18":"tag-news","19":"tag-no","20":"tag-norge","21":"tag-norway","22":"tag-nyheter","23":"tag-overskrifter","24":"tag-top-stories","25":"tag-topstories","26":"tag-utenriks"},"share_on_mastodon":{"url":"","error":""},"_links":{"self":[{"href":"https:\/\/www.europesays.com\/no\/wp-json\/wp\/v2\/posts\/50430","targetHints":{"allow":["GET"]}}],"collection":[{"href":"https:\/\/www.europesays.com\/no\/wp-json\/wp\/v2\/posts"}],"about":[{"href":"https:\/\/www.europesays.com\/no\/wp-json\/wp\/v2\/types\/post"}],"author":[{"embeddable":true,"href":"https:\/\/www.europesays.com\/no\/wp-json\/wp\/v2\/users\/2"}],"replies":[{"embeddable":true,"href":"https:\/\/www.europesays.com\/no\/wp-json\/wp\/v2\/comments?post=50430"}],"version-history":[{"count":0,"href":"https:\/\/www.europesays.com\/no\/wp-json\/wp\/v2\/posts\/50430\/revisions"}],"wp:featuredmedia":[{"embeddable":true,"href":"https:\/\/www.europesays.com\/no\/wp-json\/wp\/v2\/media\/50431"}],"wp:attachment":[{"href":"https:\/\/www.europesays.com\/no\/wp-json\/wp\/v2\/media?parent=50430"}],"wp:term":[{"taxonomy":"category","embeddable":true,"href":"https:\/\/www.europesays.com\/no\/wp-json\/wp\/v2\/categories?post=50430"},{"taxonomy":"post_tag","embeddable":true,"href":"https:\/\/www.europesays.com\/no\/wp-json\/wp\/v2\/tags?post=50430"}],"curies":[{"name":"wp","href":"https:\/\/api.w.org\/{rel}","templated":true}]}}