{"id":50447,"date":"2025-10-01T21:03:11","date_gmt":"2025-10-01T21:03:11","guid":{"rendered":"https:\/\/www.europesays.com\/no\/50447\/"},"modified":"2025-10-01T21:03:11","modified_gmt":"2025-10-01T21:03:11","slug":"solstad-karmoy-kjell-inge-rokke-raser-lognaktige-pastander","status":"publish","type":"post","link":"https:\/\/www.europesays.com\/no\/50447\/","title":{"rendered":"Solstad, Karm\u00f8y | Kjell Inge R\u00f8kke raser: \u2013 L\u00f8gnaktige p\u00e5stander"},"content":{"rendered":"\n<p><b>\u00d8KONOMI [<a href=\"https:\/\/www.nettavisen.no\/okonomi\/kjell-inge-rokke-raser-lognaktige-pastander\/s\/5-95-2645508\" rel=\"Follow nofollow noopener\" target=\"_blank\">Nettavisen<\/a>]: <\/b>Neste uke starter en omfattende sak i Oslo tingrett der R\u00f8kke, toppsjefen i rederiet Solstad og meglerhuset Pareto Securities som r\u00e5dgivere p\u00e5 den ene siden. P\u00e5 den andre siden finner man Christen Sveaas-selskapet Kistefos og over 40 aksjon\u00e6rer som mener seg grovt forskjellsbehandlet i refinansieringen av rederiet Solstad.<\/p>\n<p>Det nevnte brevet ble sendt ut fra leder i Aker, Kjell Inge R\u00f8kke, til aksjeeiere i Aker.<\/p>\n<p>Saken skal p\u00e5g\u00e5 frem til midten av januar 2026.<\/p>\n<p><b>Les ogs\u00e5: <a class=\"simple-relation related-teaser article--c-eRUmMG article--c-eRUmMG-jKCPdD-design-default article--c-eRUmMG-iBPVJb-cv\" href=\"https:\/\/www.h-avis.no\/finanstilsynet-delte-ulovlig-innsideinformasjon-om-rokke-oppkjop\/s\/5-95-2396930\" rel=\"nofollow noopener\" target=\"_blank\">Finanstilsynet: \u2013 Delte ulovlig innsideinformasjon om R\u00f8kke-oppkj\u00f8p<\/a><\/b><\/p>\n<p>Striden kjerne st\u00e5r om R\u00f8kke og Aker fikk en urimelig stor fordel da rederiet Solstad ble refinansiert i 2023, noe Sveaas og Kistefos mener. R\u00f8kke mener s\u00e5 ikke er tilfelle, men har heller ikke villet kommentere saken videre, f\u00f8r n\u00e5.<\/p>\n<p>\u2013 L\u00f8gnaktige p\u00e5stander<\/p>\n<p>I et brev til aksjon\u00e6rene i Aker skriver han at Kistefos har lagt en medieplan for \u00e5 sverte Aker.<\/p>\n<p><b>\u2013 Med et koordinert og konfliktorientert PR-l\u00f8p i regi av Geelmuyden Kiese mangler det ikke p\u00e5 alvorlige p\u00e5stander, beskyldninger, usannheter, spisse formuleringer, overtramp, injurier og karakteristikker. Utgangspunktet for svertekampanjen er l\u00f8gnaktige p\u00e5stander fra Kistefos om at de gjentatte ganger henvendte seg for \u00e5 bidra til refinansieringsl\u00f8sninger, men ble blankt avvist. Det gjorde de aldri, skriver R\u00f8kke.<\/b><\/p>\n<p><b>Les ogs\u00e5: <a class=\"simple-relation related-teaser article--c-eRUmMG article--c-eRUmMG-jKCPdD-design-default article--c-eRUmMG-iBPVJb-cv\" href=\"https:\/\/www.h-avis.no\/solstad-maritime-deler-ut-233-millioner-i-utbytte\/s\/5-95-2096514\" rel=\"nofollow noopener\" target=\"_blank\">Solstad Maritime deler ut 233 millioner i utbytte<\/a><\/b><\/p>\n<p>R\u00f8kke omtaler videre s\u00f8ksm\u00e5let som absurd og ufattelig. Han mener ingen har lidd \u00f8konomisk i saken.<\/p>\n<p><b>\u2013 Aksjon\u00e6rene har mer enn doblet pengene siden Aker foreslo en l\u00f8sning i oktober 2023. N\u00e5 bruker partene tre m\u00e5neder i retten og over 200 millioner kroner p\u00e5 \u00e5 behandle et grunnl\u00f8st erstatningskrav, skriver moldenseren som n\u00e5 bor i Sveits.<\/b><\/p>\n<p>\u2013 Fors\u00f8k p\u00e5 \u00e5 avspore saken<\/p>\n<p>Til <a href=\"https:\/\/www.dn.no\/marked\/sveaas-leiren-svarer-rokke-elegant-forsok-pa-a-avspore-saken\/2-1-1878795\" rel=\"Follow nofollow noopener\" target=\"_blank\">Dagens N\u00e6ringsliv<\/a> svarer administrerende direkt\u00f8r i Kistefos, Bengt A. Rem, at han ikke er overrasket over at det kommer et slikt brev fra R\u00f8kke. Rem svarer ogs\u00e5 p\u00e5 vegne av Christen Sveaas.<\/p>\n<p><b>\u2013 Brevet er jo et elegant fors\u00f8k p\u00e5 \u00e5 avspore saken med \u00e5 vise til at \u00aballe\u00bb har tjent penger, v\u00e5rt poeng er bare at Aker har tjent veldig mye mer enn de rettmessig hadde krav p\u00e5. Kjell Inge jobber for Akers egeninteresse og Kistefos for aksjon\u00e6rfellesskapets, det er jo heller ikke noe nytt, sier han til avisen.<\/b><\/p>\n<p>Videre \u00f8nsker ikke Rem \u00e5 kommentere enkeltp\u00e5stander eller personkarakteristikkene som R\u00f8kke kommer med i brevet, siden saken skal behandles i retten.<\/p>\n<p><b>\u2013 Saken begynner neste uke og vi ser overhodet ingen grunn til \u00e5 prosedere saken i pressen. Det vil v\u00e5re advokater gj\u00f8re i retten, sier Kistefos-direkt\u00f8ren.<\/b><\/p>\n","protected":false},"excerpt":{"rendered":"\u00d8KONOMI [Nettavisen]: Neste uke starter en omfattende sak i Oslo tingrett der R\u00f8kke, toppsjefen i rederiet Solstad og&hellip;\n","protected":false},"author":2,"featured_media":50448,"comment_status":"","ping_status":"","sticky":false,"template":"","format":"standard","meta":{"footnotes":""},"categories":[56],"tags":[2732,36,60,61,1761,2415,960,62,30,28,29,944,7066,7769,1510],"class_list":{"0":"post-50447","1":"post","2":"type-post","3":"status-publish","4":"format-standard","5":"has-post-thumbnail","7":"category-naeringsliv","8":"tag-aker","9":"tag-art","10":"tag-business","11":"tag-economy","12":"tag-karmoy","13":"tag-kistefos","14":"tag-kjell-inge-rokke","15":"tag-naeringsliv","16":"tag-no","17":"tag-norge","18":"tag-norway","19":"tag-oslo-tingrett","20":"tag-okonomi-og-naeringliv","21":"tag-solstad","22":"tag-story"},"share_on_mastodon":{"url":"","error":""},"_links":{"self":[{"href":"https:\/\/www.europesays.com\/no\/wp-json\/wp\/v2\/posts\/50447","targetHints":{"allow":["GET"]}}],"collection":[{"href":"https:\/\/www.europesays.com\/no\/wp-json\/wp\/v2\/posts"}],"about":[{"href":"https:\/\/www.europesays.com\/no\/wp-json\/wp\/v2\/types\/post"}],"author":[{"embeddable":true,"href":"https:\/\/www.europesays.com\/no\/wp-json\/wp\/v2\/users\/2"}],"replies":[{"embeddable":true,"href":"https:\/\/www.europesays.com\/no\/wp-json\/wp\/v2\/comments?post=50447"}],"version-history":[{"count":0,"href":"https:\/\/www.europesays.com\/no\/wp-json\/wp\/v2\/posts\/50447\/revisions"}],"wp:featuredmedia":[{"embeddable":true,"href":"https:\/\/www.europesays.com\/no\/wp-json\/wp\/v2\/media\/50448"}],"wp:attachment":[{"href":"https:\/\/www.europesays.com\/no\/wp-json\/wp\/v2\/media?parent=50447"}],"wp:term":[{"taxonomy":"category","embeddable":true,"href":"https:\/\/www.europesays.com\/no\/wp-json\/wp\/v2\/categories?post=50447"},{"taxonomy":"post_tag","embeddable":true,"href":"https:\/\/www.europesays.com\/no\/wp-json\/wp\/v2\/tags?post=50447"}],"curies":[{"name":"wp","href":"https:\/\/api.w.org\/{rel}","templated":true}]}}