{"id":50475,"date":"2025-10-01T21:27:15","date_gmt":"2025-10-01T21:27:15","guid":{"rendered":"https:\/\/www.europesays.com\/no\/50475\/"},"modified":"2025-10-01T21:27:15","modified_gmt":"2025-10-01T21:27:15","slug":"prinsesse-marthas-gjentatte-avtalebrudd-svekker-kong-harald-og-monarkiet","status":"publish","type":"post","link":"https:\/\/www.europesays.com\/no\/50475\/","title":{"rendered":"Prinsesse M\u00e4rthas gjentatte avtalebrudd svekker kong Harald og monarkiet"},"content":{"rendered":"<p class=\"kicker \" style=\"\">Krass kritikk mot kong Harald<\/p>\n<p>  &#8211; Et s\u00f8rgelig syn, sier kongehusekspert Trond Nor\u00e9n Isaksen om kong Haralds m\u00f8te med pressen. Han mener at kongen er isolert og svekket.<\/p>\n<p>\n    M\u00d8TTE PRESSEN: Kong Harald m\u00f8tte pressen forrige uke og uttalte seg om datterens nye avtalebrudd &#8211; om \u00e5 blande det kommersielle med sin prinsesse-tittel. Hans svar imponerte ikke kongehusekspert og forfatter Trond Nor\u00e9n Isaksen. Foto: NTB\n  <\/p>\n<p>Helt siden Netflix-dokumentaren \u00abRebel Royals\u00bb ble lansert 16. september har det v\u00e6rt br\u00e5k rundt Det norske kongehuset.\u00a0<\/p>\n<p>Prinsesse M\u00e4rthas (54) \u00e5penbare avtalebrudd om \u00e5 skille sin kommersielle virksomhet fra sin rolle i kongefamilien, har skapt voldsom debatt.\u00a0<\/p>\n<p>N\u00e5 f\u00e5r kong Harald (88) kritikk s\u00e5 \u00f8rene flagrer, fra uventet hold.<\/p>\n<p>B\u00e5de Slottet, kong Harald\u00a0 og M\u00e4rthas bror, kronprins Haakon (52) har sl\u00e5tt fast at den amerikanske dokumentaren bryter med <a href=\"https:\/\/www.kongehuset.no\/artikkel.html?tid=216578&amp;sek=27023\" rel=\"nofollow noopener\" target=\"_blank\">avtalen Kongehuset inngikk med prinsesse M\u00e4rtha Louise i 2022<\/a>.\u00a0<\/p>\n<p>        PROVOSERER: Traileren til M\u00e4rtha Louise og Durek Verretts bryllupsdokumentar har satt sinnene i kok. Video: Netflix \/ Trailer: \u00abRebel Royals: An Unlikely Love Story\u00bb \/\/ Reporter: H\u00e5vard Bj\u00f8rnerem<\/p>\n<p>Og det er ikke det f\u00f8rste avtalebruddet. I sak etter sak er det blitt fastsl\u00e5tt at prinsessen bryter avtalen.\u00a0<\/p>\n<p>Hun har brukt sin kongelige tittel og <a href=\"https:\/\/www.seher.no\/kongelig\/prinsesse-martha-trosser-kong-harald\/81601475\" rel=\"nofollow noopener\" target=\"_blank\">eget monogram p\u00e5 spritflasker<\/a>.\u00a0 Og hun solgte enerett til sitt eget bryllup der resten av Kongefamilien var gjester.<\/p>\n<p>Gang p\u00e5 gang har kong Harald og kronprins Haakon fortalt at de m\u00f8ter avtalebrudd og utfordringer med samtaler med prinsessen.\u00a0<\/p>\n<p>        KONFRONTERES: Prinsesse M\u00e4rtha Louises avtale med kongehuset har blitt bredt diskutert etter Netflix-samarbeidet. Video: Netflix \/ Trailer: \u00abRebel Royals: An Unlikely Love Story\u00bb \/\/ Foto: NTB \/\/ Reporter: H\u00e5vard Bj\u00f8rnerem \/ Anders Johan Stavseng<\/p>\n<p>Forrige uke m\u00f8tte kong Harald pressen og sa:<\/p>\n<p class=\"font-weight-bold m-font-weight-bold italic m-italic\" data-lab-font_weight=\"font-weight-bold\" data-lab-italic=\"italic\">\u00abVi skal leve videre sammen, vi er enige om at det skal v\u00e6re et skille mellom deres virksomhet og v\u00e5r virksomhet, og det skal vi da pr\u00f8ve \u00e5 l\u00f8se ved hjelp av samtaler\u00bb.\u00a0<\/p>\n<p>Ikke alle synes det er godt nok.<\/p>\n<p>    <a itemprop=\"url\" href=\"https:\/\/www.seher.no\/kongelig\/na-skal-de-gjenforenes\/83656881\" rel=\"nofollow noopener\" target=\"_blank\"><\/p>\n<p>      <img loading=\"lazy\" decoding=\"async\" src=\"https:\/\/www.europesays.com\/no\/wp-content\/uploads\/2025\/10\/83657083.webp\" width=\"147\" height=\"98\" title=\"N\u00e5 skal de gjenforenes\" alt=\"\" class=\"lazyload\" style=\"--aspect-ratio-image: 1.50; \"\/><\/p>\n<p>        N\u00e5 skal de gjenforenes<\/p>\n<p>    <\/a><\/p>\n<p>Kongehusekspert og historiker Trond Nor\u00e9n Isaken (44) mener at M\u00e4rthas gjentatte avtalebrudd gj\u00f8r Norge til latter &#8211; og setter hele monarkiets fremtid i fare.\u00a0<\/p>\n<p class=\"font-weight-bold m-font-weight-bold\" data-lab-font_weight=\"font-weight-bold\">I et debattinlegg i\u00a0<a href=\"https:\/\/www.aftenposten.no\/meninger\/debatt\/i\/MnzG25\/trond-noren-isaksen-i-kronikk-om-kongehuset-det-er-tid-for-lederskap-og-handlekraft-ikke-bare-prat-og-taalmodighet\" rel=\"nofollow noopener\" target=\"_blank\">Aftenposten <\/a>peker han spesifikt p\u00e5 kong Haralds unnfallenhet.<\/p>\n<p>&#8211; Kongens m\u00f8te med pressen p\u00e5 torsdag var et s\u00f8rgelig syn. Her sto en mann som hele Norge er glad i, men som er blitt offentlig ydmyket og dolket i ryggen av sin egen datter og svigers\u00f8nn. Allikevel viste han ikke styrke til \u00e5 st\u00e5 opp for seg selv og den institusjonen han forvalter, skriver Nor\u00e9n Isaken i Aftenposten.<\/p>\n<p>        TURBULENT: Kongen diskuterer den nye Netflix dokumentaren til prinsesse M\u00e4rtha Louise og Durek Verrett. Video: NTB. <\/p>\n<p class=\"font-weight-bold m-font-weight-bold\" data-lab-font_weight=\"font-weight-bold\">Han utdyper synspunktene og g\u00e5r hardt i rette med kong Harald:<\/p>\n<p>&#8211; Ikke p\u00e5 noe tidspunkt har alle avtalebruddene f\u00e5tt konsekvenser. Hensynet til familiefreden kommer tydeligvis f\u00f8rst. Men for kongehuset er det hensynet til landet som skal komme f\u00f8rst. Deretter hensynet til monarkiet og s\u00e5 personlige hensyn. <\/p>\n<p>    <a itemprop=\"url\" href=\"https:\/\/www.seher.no\/kjendis\/elsker-at-martha-viser-alt\/83641028\" rel=\"nofollow noopener\" target=\"_blank\"><\/p>\n<p>      <img loading=\"lazy\" decoding=\"async\" src=\"https:\/\/www.europesays.com\/no\/wp-content\/uploads\/2025\/10\/83656150.webp\" width=\"147\" height=\"98\" title=\"- Elsker at M\u00e4rtha viser alt\" alt=\"\" class=\"lazyload\" style=\"--aspect-ratio-image: 1.50; \"\/><\/p>\n<p>        &#8211; Elsker at M\u00e4rtha viser alt<\/p>\n<p>    <\/a><\/p>\n<p class=\"font-weight-bold m-font-weight-bold\" data-lab-font_weight=\"font-weight-bold\">I debatt-innlegget har kongehuseksperten lite til overs for M\u00e4rthas avtalebrudd, og mener hun gj\u00f8r seg til latter.<\/p>\n<p>&#8211; N\u00e5r en prinsesse gj\u00f8r seg til latter for hele verden, gj\u00f8r hun ogs\u00e5 kongehuset og Norge til latter. Det er ikke et privat familieanliggende, for kongehuset er ikke en vanlig familie. Dette handler om noe st\u00f8rre enn forholdet mellom en snill og konfliktsky far og gulljenta hans.<\/p>\n<p>          <img loading=\"lazy\" decoding=\"async\" src=\"https:\/\/www.europesays.com\/no\/wp-content\/uploads\/2025\/10\/83668312.webp\" width=\"686\" height=\"632\" title=\"OPERA: Kongen tok med barna, barnebarna og deres kj\u00e6re p\u00e5 hyggekveld i Operaen i fjor. Foto: Andreas Fadum\/Se og H\u00f8r\" alt=\"\" class=\"\" style=\"--aspect-ratio-image: 1.09; \"\/><\/p>\n<p>\n          OPERA: Kongen tok med barna, barnebarna og deres kj\u00e6re p\u00e5 hyggekveld i Operaen i fjor. Foto: Andreas Fadum\/Se og H\u00f8r\n      <\/p>\n<p> Fire\u00a0<a href=\"https:\/\/www.vg.no\/rampelys\/i\/eM9jr9\/folket-vil-ta-fra-martha-prinsessetittelen\" target=\"_blank\" rel=\"nofollow noopener\">meningsm\u00e5linger, blant andre denne i VG, <\/a>\u00a0har vist at bare 15\u201316 prosent \u00f8nsker at M\u00e4rtha Louise skal beholde prinsessetittelen.\u00a0<\/p>\n<p>&#8211; Men tittelen er \u00abikke et tema forel\u00f8pig\u00bb, sa kongen p\u00e5 torsdag. Kongen, som p\u00e5 eldre dager er blitt mer isolert, st\u00e5r alts\u00e5 langt unna det folket han tjener, forklarer Nor\u00e9n Isaksen.\u00a0<\/p>\n<p>        FORFERDELIG TRIST: Dokumentaren om prinsesse M\u00e4rtha Louise og Durek Verrets bryllup vekker kraftige reaksjoner hos Se og H\u00f8rs kongehusekspert. Foto: NTB \/\/ Video: Netflix \/ \u00abRebel Royals: An Unlikely Love Story\u00bb \/ NTB \/\/ Reporter: Caroline Vagle \/\/ Klipp: H\u00e5vard Bj\u00f8rnerem<\/p>\n<p class=\"font-weight-bold m-font-weight-bold\" data-lab-font_weight=\"font-weight-bold\">Han mener at n\u00e5r alt annet er fors\u00f8kt, er dette m\u00e5ten \u00e5 skape et tydelig skille p\u00e5:<\/p>\n<ul>\n<li>Kongen inndrar prinsessetittelen M\u00e4rtha Louise har misbrukt i \u00e5revis.<\/li>\n<li>Kongen skiller bedre mellom rollene som monark og far.<\/li>\n<li>M\u00e4rtha Louise og Verrett g\u00e5r grundig i seg selv, tar selvkritikk og endrer oppf\u00f8rsel.<\/li>\n<\/ul>\n<p>    <a itemprop=\"url\" href=\"https:\/\/www.seher.no\/kongelig\/for-meg-er-det-normalt\/83625367\" rel=\"nofollow noopener\" target=\"_blank\"><\/p>\n<p>      <img loading=\"lazy\" decoding=\"async\" src=\"https:\/\/www.europesays.com\/no\/wp-content\/uploads\/2025\/10\/83440197.webp\" width=\"980\" height=\"441\" title=\"- For meg er det normalt\" alt=\"\" class=\"lazyload\" style=\"--aspect-ratio-image: 2.22; \"\/><\/p>\n<p>        &#8211; For meg er det normalt<\/p>\n<p>    <\/a><\/p>\n<p class=\"font-weight-bold m-font-weight-bold\" data-lab-font_weight=\"font-weight-bold\">Nor\u00e9n Isaksen tviler p\u00e5 om M\u00e4rtha lar seg begrense i sin kommersielle virksomhet kun ved hjelp av samtaler med far og bror.<\/p>\n<p>&#8211; Om til og med dette s\u00e5 langt groveste avtalebruddet f\u00e5r passere, vil M\u00e4rtha Louise og Verrett ha l\u00e6rt at de kan gj\u00f8re hva som helst uten konsekvenser. For kongehuset inneb\u00e6rer det at de fortsatt m\u00e5 v\u00e6re innstilt p\u00e5 at arbeidet deres n\u00e5r som helst kan bli avsporet og overskygget og vil drukne i st\u00f8y. <\/p>\n<p>          <img loading=\"lazy\" decoding=\"async\" src=\"https:\/\/www.europesays.com\/no\/wp-content\/uploads\/2025\/10\/83668319.webp\" width=\"686\" height=\"419\" title=\"KLAR MELDING: Trond Nor\u00e9n Isaksen er klar i sin dom; M\u00e4rthas gjentatte avtalebrudd b\u00f8r f\u00f8re til st\u00f8rre konsekvenser enn en ny runde med samtaler p\u00e5 Slottet. Foto: NTB\" alt=\"\" class=\"\" style=\"--aspect-ratio-image: 1.64; \"\/><\/p>\n<p>\n          KLAR MELDING: Trond Nor\u00e9n Isaksen er klar i sin dom; M\u00e4rthas gjentatte avtalebrudd b\u00f8r f\u00f8re til st\u00f8rre konsekvenser enn en ny runde med samtaler p\u00e5 Slottet. Foto: NTB\n      <\/p>\n<p> Forfatteren varsler videre at kong Haralds autoritet er i fare, med mindre samtalene f\u00e5r konsekvenser:\u00a0<\/p>\n<p>&#8211; Kongens autoritet vil bli enda mer svekket og monarkiets integritet ytterlige undergravd. De kongelige m\u00e5 ogs\u00e5 i fremtiden regne med \u00e5 m\u00e5tte bruke offisielle oppdrag til \u00e5 svare p\u00e5 sp\u00f8rsm\u00e5l om prinsessens og sjarlatanens seneste avtalebrudd i stedet for \u00e5 snakke om de sakene de er der for \u00e5 l\u00f8fte frem. Da blir det vanskelig \u00e5 kaste glans. <\/p>\n<p>        DUKKET OPP: Til tross for kongehusets reservasjon fra \u00e5 bli filmet av Netflix, viste dokumentaren kronprins Haakon Magnus i samtale med Durek Verrett inne p\u00e5 den lukkede festen i den f\u00f8rste versjonen. Klippet er n\u00e5 fjernet &#8211; men du kan se det her! Video: Netflix \/ R\u00f8d L\u00f8per<\/p>\n<p class=\"font-weight-bold m-font-weight-bold\" data-lab-font_weight=\"font-weight-bold\">Historikeren mener at kongehuset &#8211; som i tre generasjoner har hatt valgspr\u00e5ket \u00abAlt for Norge\u00bb &#8211; st\u00e5r ved et veivalg:\u00a0<\/p>\n<p>&#8211; Det kongefamilien kanskje b\u00f8r ta en samtale om, er om de skal v\u00e6re et kongehus med valgspr\u00e5ket \u00abAlt for Norge\u00bb og store forpliktelser til gjengjeld for store privilegier, eller en vanlig familie uten spesielle privilegier og forpliktelser som lever etter valgspr\u00e5ket \u00abAlt for M\u00e4rtha Louise\u00bb.\u00a0<\/p>\n<p>&#8211; Begge deler er ikke mulig, mener Trond Nor\u00e9n Isaksen. Han er informert om at Se og H\u00f8r trykker store deler av hans innlegg.<\/p>\n<p>Se og H\u00f8r har v\u00e6rt i kontakt med Kongehusets kommunikasjonsssjef Guri Varpe for en kommentar, men Slottet \u00f8nsker ikke \u00e5 gi noe svar denne gang.<\/p>\n","protected":false},"excerpt":{"rendered":"Krass kritikk mot kong Harald &#8211; Et s\u00f8rgelig syn, sier kongehusekspert Trond Nor\u00e9n Isaksen om kong Haralds m\u00f8te&hellip;\n","protected":false},"author":2,"featured_media":50476,"comment_status":"","ping_status":"","sticky":false,"template":"","format":"standard","meta":{"footnotes":""},"categories":[5],"tags":[7771,5294,20,21,2858,4104,24,25,15,19,2590,76,22,23,17,18,13,30,28,29,14,16,1221,26,27,7772],"class_list":{"0":"post-50475","1":"post","2":"type-post","3":"status-publish","4":"format-standard","5":"has-post-thumbnail","7":"category-overskrifter","8":"tag-alt-for-norge","9":"tag-avtalebrudd","10":"tag-breaking-news","11":"tag-breakingnews","12":"tag-durek-verrett","13":"tag-eksklusivt","14":"tag-featured-news","15":"tag-featurednews","16":"tag-headlines","17":"tag-hovedoppslag","18":"tag-kong-harald","19":"tag-kongelig","20":"tag-latest-news","21":"tag-latestnews","22":"tag-main-news","23":"tag-mainnews","24":"tag-news","25":"tag-no","26":"tag-norge","27":"tag-norway","28":"tag-nyheter","29":"tag-overskrifter","30":"tag-prinsesse-martha-louise","31":"tag-top-stories","32":"tag-topstories","33":"tag-trond-noren-isaksen"},"share_on_mastodon":{"url":"","error":""},"_links":{"self":[{"href":"https:\/\/www.europesays.com\/no\/wp-json\/wp\/v2\/posts\/50475","targetHints":{"allow":["GET"]}}],"collection":[{"href":"https:\/\/www.europesays.com\/no\/wp-json\/wp\/v2\/posts"}],"about":[{"href":"https:\/\/www.europesays.com\/no\/wp-json\/wp\/v2\/types\/post"}],"author":[{"embeddable":true,"href":"https:\/\/www.europesays.com\/no\/wp-json\/wp\/v2\/users\/2"}],"replies":[{"embeddable":true,"href":"https:\/\/www.europesays.com\/no\/wp-json\/wp\/v2\/comments?post=50475"}],"version-history":[{"count":0,"href":"https:\/\/www.europesays.com\/no\/wp-json\/wp\/v2\/posts\/50475\/revisions"}],"wp:featuredmedia":[{"embeddable":true,"href":"https:\/\/www.europesays.com\/no\/wp-json\/wp\/v2\/media\/50476"}],"wp:attachment":[{"href":"https:\/\/www.europesays.com\/no\/wp-json\/wp\/v2\/media?parent=50475"}],"wp:term":[{"taxonomy":"category","embeddable":true,"href":"https:\/\/www.europesays.com\/no\/wp-json\/wp\/v2\/categories?post=50475"},{"taxonomy":"post_tag","embeddable":true,"href":"https:\/\/www.europesays.com\/no\/wp-json\/wp\/v2\/tags?post=50475"}],"curies":[{"name":"wp","href":"https:\/\/api.w.org\/{rel}","templated":true}]}}