{"id":50479,"date":"2025-10-01T21:32:09","date_gmt":"2025-10-01T21:32:09","guid":{"rendered":"https:\/\/www.europesays.com\/no\/50479\/"},"modified":"2025-10-01T21:32:09","modified_gmt":"2025-10-01T21:32:09","slug":"to-pagrepet-pa-russisk-skygge-tankskip","status":"publish","type":"post","link":"https:\/\/www.europesays.com\/no\/50479\/","title":{"rendered":"To p\u00e5grepet p\u00e5 russisk \u00abskygge\u00bb-tankskip"},"content":{"rendered":"\n<p class=\"_lead_1994c_2 _lead_xtcu6_50 layout-component text-serif-m layout-normal text-serif-l layout-component layout-wide layout-padded _wide_17hqh_1 layout-padded\">To besetningsmedlemmer p\u00e5 et russisk \u00abskygge\u00bb-tankskip som mistenkes for \u00e5 v\u00e6re forbundet med droneflygingene i Danmark, er p\u00e5grepet i Frankrike.<\/p>\n<p><img alt=\"Franske soldater ombord det russiske \u00abskygge\u00bb-tankskipet onsdag. Foto: DAMIEN MEYER \/ AFP\" class=\"_image_qp4xg_65 layout-component layout-wide\" data-fullscreen- data-track-element-type=\"Article image fullscreen\" data-track-name=\"ImageFullscreen\" fetchpriority=\"high\" decoding=\"sync\" loading=\"eager\" height=\"1734\" itemprop=\"image\"  src=\"https:\/\/www.europesays.com\/no\/wp-content\/uploads\/2025\/10\/e4e5f51f-4953-46d3-9167-443e34fe9e26\"  style=\"object-position:0% 0%\" width=\"1476\"\/>Franske soldater ombord det russiske \u00abskygge\u00bb-tankskipet onsdag. Foto: DAMIEN MEYER \/ AFP<\/p>\n<ul aria-hidden=\"true\" class=\"_images_1y6fe_106\">\n<li><a class=\"_link_1y6fe_111\" href=\"https:\/\/www.vg.no\/forfatter\/ntb\" style=\"z-index:1\" title=\"NTB\" rel=\"nofollow noopener\" target=\"_blank\"><img alt=\"Bilde av NTB\" class=\"_image_1y6fe_88\" fetchpriority=\"low\" loading=\"lazy\" decoding=\"async\" itemprop=\"image\"  src=\"https:\/\/www.europesays.com\/no\/wp-content\/uploads\/2025\/10\/1759354329_178_c33980b0-5d07-4027-84a1-813f90a7c8d6\"  width=\"480\"\/><\/a><\/li>\n<\/ul>\n<p> Oppdatert onsdag 1. oktober kl. 22:08     <\/p>\n<p class=\"_paragraph_1994c_4 _paragraph_xtcu6_10 layout-component text-serif-m layout-normal text-serif-m layout-padded\">De to er tatt i varetekt, opplyste aktor St\u00e9phane Kellenberger i Brest til AFP onsdag.<\/p>\n<p class=\"_paragraph_1994c_4 _paragraph_xtcu6_10 layout-component text-serif-m layout-normal text-serif-m layout-padded\">De to p\u00e5grepne presenterte seg som skipets kaptein og styrmann, if\u00f8lge Kellenberger.<\/p>\n<p class=\"_paragraph_1994c_4 _paragraph_xtcu6_10 layout-component text-serif-m layout-normal text-serif-m layout-padded\">Aktoren uttalte at den forel\u00f8pige etterforskningen fokuserer p\u00e5 \u00abmanglende dokumentasjon p\u00e5 skipets nasjonalitet\u00bb og \u00abnektelse av \u00e5 etterkomme instrukser\u00bb.<\/p>\n<p class=\"_paragraph_1994c_4 _paragraph_xtcu6_10 layout-component text-serif-m layout-normal text-serif-m layout-padded\">Tankskipet, som mistenkes for \u00e5 v\u00e6re forbundet med <a href=\"https:\/\/www.vg.no\/nyheter\/i\/JbkpE6\/dansk-tv-2-luftrommet-over-flyplassen-i-aalborg-stengt-etter-droneobservasjon-to-fly-omdirigert\" data-track-element-type=\"Link\" data-track-id=\"link:JbkpE6\" class=\"_link_1994c_39\" rel=\"nofollow noopener\" target=\"_blank\">droneflygingene i Danmark<\/a>, var utenfor den danske kysten da de skjedde.<\/p>\n<p><img alt=\"Foto: DAMIEN MEYER \/ AFP \/ NTB\" class=\"_image_qp4xg_65 layout-component layout-normal\" data-fullscreen- data-track-element-type=\"Article image fullscreen\" data-track-name=\"ImageFullscreen\" decoding=\"async\" loading=\"lazy\" height=\"5087\" itemprop=\"image\"  src=\"https:\/\/www.europesays.com\/no\/wp-content\/uploads\/2025\/10\/772de70c-c5bd-45e3-a981-e9ee6645f21d\"  style=\"object-position:0% 0%\" width=\"7631\"\/>Foto: DAMIEN MEYER \/ AFP \/ NTB<\/p>\n<p class=\"_paragraph_1994c_4 _paragraph_xtcu6_10 layout-component text-serif-m layout-normal text-serif-m layout-padded\">Det viser en analyse nyhetsbyr\u00e5et AFP har gjort av data fra det maritime nettstedet VesselFinder.\u00a0<\/p>\n<p class=\"_paragraph_1994c_4 _paragraph_xtcu6_10 layout-component text-serif-m layout-normal text-serif-m layout-padded\">If\u00f8lge AFPs analyse var skipet utenfor danskekysten mellom 22. og 25. september, da det ble gjort en rekke droneobservasjoner over danske flyplasser, b\u00e5de sivile og milit\u00e6re.<\/p>\n<p class=\"_paragraph_1994c_4 _paragraph_xtcu6_10 layout-component text-serif-m layout-normal text-serif-m layout-padded\">Nyhetsbyr\u00e5et meldte onsdag kveld at det franske sj\u00f8forsvaret har bordet skipet, som i flere dager har ligget utenfor kysten av Frankrike. Opplysningen hadde de fra en anonym kilde.<\/p>\n<p class=\"_paragraph_1994c_4 _paragraph_xtcu6_10 layout-component text-serif-m layout-normal text-serif-m layout-padded\">Fart\u00f8yet, som heter Pushpa eller Boracay og seiler under Benins flagg, er svartelistet av EU for \u00e5 v\u00e6re del av Russlands sanksjonsbrytende \u00abskyggefl\u00e5te\u00bb.<\/p>\n<p class=\"_paragraph_1994c_4 _paragraph_xtcu6_10 layout-component text-serif-m layout-normal text-serif-m layout-padded\">Franske myndigheter har tidligere sagt at de har \u00e5pnet etterforskning av skipet. Ogs\u00e5 Frankrikes president Emmanuel Macron har bekreftet etterforskningen.<\/p>\n","protected":false},"excerpt":{"rendered":"To besetningsmedlemmer p\u00e5 et russisk \u00abskygge\u00bb-tankskip som mistenkes for \u00e5 v\u00e6re forbundet med droneflygingene i Danmark, er p\u00e5grepet&hellip;\n","protected":false},"author":2,"featured_media":50480,"comment_status":"","ping_status":"","sticky":false,"template":"","format":"standard","meta":{"footnotes":""},"categories":[12],"tags":[20,21,1524,6847,24,25,1244,15,22,23,13,30,28,29,14,16,7773,26,27,412,42,43,44,45],"class_list":{"0":"post-50479","1":"post","2":"type-post","3":"status-publish","4":"format-standard","5":"has-post-thumbnail","7":"category-verden","8":"tag-breaking-news","9":"tag-breakingnews","10":"tag-danmark","11":"tag-droneobservasjoner","12":"tag-featured-news","13":"tag-featurednews","14":"tag-frankrike","15":"tag-headlines","16":"tag-latest-news","17":"tag-latestnews","18":"tag-news","19":"tag-no","20":"tag-norge","21":"tag-norway","22":"tag-nyheter","23":"tag-overskrifter","24":"tag-tankskip","25":"tag-top-stories","26":"tag-topstories","27":"tag-utenriks","28":"tag-verden","29":"tag-world","30":"tag-world-news","31":"tag-worldnews"},"share_on_mastodon":{"url":"","error":""},"_links":{"self":[{"href":"https:\/\/www.europesays.com\/no\/wp-json\/wp\/v2\/posts\/50479","targetHints":{"allow":["GET"]}}],"collection":[{"href":"https:\/\/www.europesays.com\/no\/wp-json\/wp\/v2\/posts"}],"about":[{"href":"https:\/\/www.europesays.com\/no\/wp-json\/wp\/v2\/types\/post"}],"author":[{"embeddable":true,"href":"https:\/\/www.europesays.com\/no\/wp-json\/wp\/v2\/users\/2"}],"replies":[{"embeddable":true,"href":"https:\/\/www.europesays.com\/no\/wp-json\/wp\/v2\/comments?post=50479"}],"version-history":[{"count":0,"href":"https:\/\/www.europesays.com\/no\/wp-json\/wp\/v2\/posts\/50479\/revisions"}],"wp:featuredmedia":[{"embeddable":true,"href":"https:\/\/www.europesays.com\/no\/wp-json\/wp\/v2\/media\/50480"}],"wp:attachment":[{"href":"https:\/\/www.europesays.com\/no\/wp-json\/wp\/v2\/media?parent=50479"}],"wp:term":[{"taxonomy":"category","embeddable":true,"href":"https:\/\/www.europesays.com\/no\/wp-json\/wp\/v2\/categories?post=50479"},{"taxonomy":"post_tag","embeddable":true,"href":"https:\/\/www.europesays.com\/no\/wp-json\/wp\/v2\/tags?post=50479"}],"curies":[{"name":"wp","href":"https:\/\/api.w.org\/{rel}","templated":true}]}}