{"id":50483,"date":"2025-10-01T21:34:13","date_gmt":"2025-10-01T21:34:13","guid":{"rendered":"https:\/\/www.europesays.com\/no\/50483\/"},"modified":"2025-10-01T21:34:13","modified_gmt":"2025-10-01T21:34:13","slug":"straum-forbrukar-ingen-bestiller-norgespris-her","status":"publish","type":"post","link":"https:\/\/www.europesays.com\/no\/50483\/","title":{"rendered":"Straum, Forbrukar | \u00abIngen\u00bb bestiller Norgespris her"},"content":{"rendered":"\n<p>Det er openbert at folk i Sunnfjord \u2013 og i straumomr\u00e5det for Midt-Norge (NO3) \u2013 har sjekka straumprisane sine og h\u00f8yrd p\u00e5 ekspertane. Det ser ein att i ei <a rel=\"Follow nofollow noopener\" href=\"https:\/\/www.nrk.no\/vestland\/i-dag-trer-noregspris-i-kraft_-over-700.000-kundar-har-bestilt-1.17591425\" target=\"_blank\">NRK-sak<\/a> onsdag.<\/p>\n<p>Jonas Gahr St\u00f8re og Ap-regjeringa sin Norgespris, til 50 \u00f8re kW\/t, er f\u00f8rst og fremst blitt omfamna av s\u00f8r- og austlendingane.<\/p>\n<p>Berre 378 husstandar i heile NO3-omr\u00e5det har bestilt Norgespris, viser til Elhub har gitt <a rel=\"Follow nofollow noopener\" href=\"https:\/\/www.nrk.no\/vestland\/i-dag-trer-noregspris-i-kraft_-over-700.000-kundar-har-bestilt-1.17591425\" target=\"_blank\">NRK<\/a>.<\/p>\n<p>            Fakta om Norgespris<\/p>\n<ul>\n<li>Norgespris er eit valfritt val om \u00e5 f\u00e5 fastpris p\u00e5 straum. Prisen er 50 \u00f8re per kilowattime, uavhengig av kva prisen hadde vore elles. Det gjeld b\u00e5de n\u00e5r prisen p\u00e5 straum elles er h\u00f8g, og n\u00e5r prisen ville vore l\u00e5g.<\/li>\n<li>Du treng ikkje \u00e5 bestille Norgespris innan 1. oktober. Det kan du bestemme deg for \u00e5 gjere n\u00e5r som helst.<\/li>\n<li>Norgespris har bindingstid p\u00e5 eitt \u00e5r. Teiknar du avtale om Norgespris 1. oktober 2025, s\u00e5 varar bindingstida til 31. september 2026.<\/li>\n<li>Norgespris har eit forbrukstak p\u00e5 5.000 kilowattimar for hushaldningar, 1.000 kilowattimar for fritidsbustadar, og 4.500 kilowattimar for fjernvarmekundar.<\/li>\n<li>Viss du f\u00e5r Norgespris, f\u00e5r du ikkje straumst\u00f8tte. Held du fram utan Norgespris, f\u00e5r du straumst\u00f8tte.<\/li>\n<li>Du treng framleis straumavtale, sj\u00f8lv om du f\u00e5r Norgespris. Det vil framleis vere eit poeng \u00e5 f\u00e5 ein god straumavtale, med l\u00e5gast p\u00e5slag og m\u00e5nadskostnad.<\/li>\n<li>I tillegg til Norgesprisen p\u00e5 straumen du brukar, m\u00e5 du framleis betale for nettleige, avgifter og p\u00e5slag fr\u00e5 straumleverand\u00f8ren.<\/li>\n<\/ul>\n<p>Kjelde: <a href=\"https:\/\/www.huseierne.no\/nyheter\/20-ting-du-ma-vite-om-norgespris\/\" target=\"_self\" rel=\"Follow nofollow noopener\">Huseierne<\/a><\/p>\n<p><b>Det er ikkje rart. Med fjor\u00e5rets straumprisar hadde Norgespris vore eit par tusen kroner dyrare for ein vanleg husstand i F\u00f8rde-omr\u00e5det.<\/b><\/p>\n<p>Omr\u00e5det inkluderer mesteparten av Sogn og Fjordane nord for Sognefjorden, heile M\u00f8re og Romsdal og Tr\u00f8ndelag. Det er om lag 800.000 innbyggarar.<\/p>\n<p>P\u00e5 Austlandet har 26,2 prosent av husstandane bestilt, mens over ein av tre p\u00e5 S\u00f8rlandet har g\u00e5tt til skrittet og nytta seg av Norgespris.<\/p>\n<p>P\u00e5 Vestlandet, i NO5, er det 18,5 prosent som har gjort det.<\/p>\n<p><b>Les meir her:<\/b><\/p>\n<p>  <a href=\"https:\/\/www.firda.no\/5-15-1946379\" class=\"related-teaser has-image default-story-teaser article--c-eRUmMG article--c-eRUmMG-jKCPdD-design-default\" rel=\"nofollow noopener\" target=\"_blank\"><\/p>\n<p>    <img decoding=\"async\" loading=\"lazy\"  src=\"https:\/\/www.europesays.com\/no\/wp-content\/uploads\/2025\/10\/Tor+Reier+Lilleholt-1.jpg\" alt=\"\" class=\"brick-c-cFOWSL\" style=\"\"\/><\/p>\n<p>\n            Les ogs\u00e5<\/p>\n<p>              Bytte til Norgespris? Eksperten har svaret\n        <\/p>\n<p>  <\/a><\/p>\n<p>  <a href=\"https:\/\/www.firda.no\/5-15-1942781\" class=\"related-teaser has-image default-story-teaser article--c-eRUmMG article--c-eRUmMG-jKCPdD-design-default\" rel=\"nofollow noopener\" target=\"_blank\"><\/p>\n<p>    <img decoding=\"async\" loading=\"lazy\"  src=\"https:\/\/www.europesays.com\/no\/wp-content\/uploads\/2025\/10\/Straum%C3%B8konomen_Elin-2.jpg\" alt=\"\" class=\"brick-c-cFOWSL\" style=\"\"\/><\/p>\n<p>\n            Les ogs\u00e5<\/p>\n<p>              Sognefjord-kabel kan bety dyrare rekning. Ekspert ber oss vente og sj\u00e5\n        <\/p>\n<p>  <\/a><\/p>\n","protected":false},"excerpt":{"rendered":"Det er openbert at folk i Sunnfjord \u2013 og i straumomr\u00e5det for Midt-Norge (NO3) \u2013 har sjekka straumprisane&hellip;\n","protected":false},"author":2,"featured_media":50484,"comment_status":"","ping_status":"","sticky":false,"template":"","format":"standard","meta":{"footnotes":""},"categories":[5],"tags":[36,20,21,24,25,7678,15,19,22,23,17,18,13,30,28,29,14,16,3345,1510,3716,26,27],"class_list":{"0":"post-50483","1":"post","2":"type-post","3":"status-publish","4":"format-standard","5":"has-post-thumbnail","7":"category-overskrifter","8":"tag-art","9":"tag-breaking-news","10":"tag-breakingnews","11":"tag-featured-news","12":"tag-featurednews","13":"tag-forbrukar","14":"tag-headlines","15":"tag-hovedoppslag","16":"tag-latest-news","17":"tag-latestnews","18":"tag-main-news","19":"tag-mainnews","20":"tag-news","21":"tag-no","22":"tag-norge","23":"tag-norway","24":"tag-nyheter","25":"tag-overskrifter","26":"tag-sogn-og-fjordane","27":"tag-story","28":"tag-straum","29":"tag-top-stories","30":"tag-topstories"},"share_on_mastodon":{"url":"","error":""},"_links":{"self":[{"href":"https:\/\/www.europesays.com\/no\/wp-json\/wp\/v2\/posts\/50483","targetHints":{"allow":["GET"]}}],"collection":[{"href":"https:\/\/www.europesays.com\/no\/wp-json\/wp\/v2\/posts"}],"about":[{"href":"https:\/\/www.europesays.com\/no\/wp-json\/wp\/v2\/types\/post"}],"author":[{"embeddable":true,"href":"https:\/\/www.europesays.com\/no\/wp-json\/wp\/v2\/users\/2"}],"replies":[{"embeddable":true,"href":"https:\/\/www.europesays.com\/no\/wp-json\/wp\/v2\/comments?post=50483"}],"version-history":[{"count":0,"href":"https:\/\/www.europesays.com\/no\/wp-json\/wp\/v2\/posts\/50483\/revisions"}],"wp:featuredmedia":[{"embeddable":true,"href":"https:\/\/www.europesays.com\/no\/wp-json\/wp\/v2\/media\/50484"}],"wp:attachment":[{"href":"https:\/\/www.europesays.com\/no\/wp-json\/wp\/v2\/media?parent=50483"}],"wp:term":[{"taxonomy":"category","embeddable":true,"href":"https:\/\/www.europesays.com\/no\/wp-json\/wp\/v2\/categories?post=50483"},{"taxonomy":"post_tag","embeddable":true,"href":"https:\/\/www.europesays.com\/no\/wp-json\/wp\/v2\/tags?post=50483"}],"curies":[{"name":"wp","href":"https:\/\/api.w.org\/{rel}","templated":true}]}}