{"id":50498,"date":"2025-10-01T22:00:11","date_gmt":"2025-10-01T22:00:11","guid":{"rendered":"https:\/\/www.europesays.com\/no\/50498\/"},"modified":"2025-10-01T22:00:11","modified_gmt":"2025-10-01T22:00:11","slug":"trumps-gaza-plan-ultimatum-ikke-fredsplan","status":"publish","type":"post","link":"https:\/\/www.europesays.com\/no\/50498\/","title":{"rendered":"Trumps Gaza-plan: \u2013 Ultimatum, ikke fredsplan"},"content":{"rendered":"\n<ul class=\"_list_1994c_3 _list_64s2r_85 _unordered_1994c_105 text-sans-m\">\n<li class=\"_item_1994c_30\">Hamas ser ut til \u00e5 helle mot \u00e5 akseptere Trumps Gaza-planen, men med krav som Israel ikke godkjenner.<\/li>\n<li class=\"_item_1994c_30\">Ekspert p\u00e5peker at Trumps tidsfrister er urealistiske. Forhandlinger p\u00e5g\u00e5r i Qatar.<\/li>\n<\/ul>\n<p>Vis mer <\/p>\n<p class=\"_paragraph_1994c_4 _paragraph_xtcu6_10 layout-component text-serif-m layout-normal text-serif-m layout-padded\">Da president Donald Trump mandag la frem sin fredsplan for Gaza sammen med <a href=\"https:\/\/www.vg.no\/tag\/israel?utm_source=vg-article&amp;utm_medium=auto-tagger&amp;utm_campaign=gw5qBB\" class=\"_link_1994c_39\" rel=\"nofollow noopener\" target=\"_blank\">Israels<\/a> statsminister Benjamin Netanyahu mandag, hyllet Trump det som \u00aben historisk dag for fred\u00bb.<\/p>\n<p class=\"_paragraph_1994c_4 _paragraph_xtcu6_10 layout-component text-serif-m layout-normal text-serif-m layout-padded\">Samtidig sa Trump at Hamas ville f\u00e5 tre-fire dager til \u00e5 godta planen, hvis ikke skulle Trump gi Israel full st\u00f8tte til \u00e5 \u00f8delegge Hamas.<\/p>\n<p class=\"_paragraph_1994c_4 _paragraph_xtcu6_10 layout-component text-serif-m layout-normal text-serif-m layout-padded\">Netanyahu ga Hamas 72 timer p\u00e5 \u00e5 frigis israelske gisler, s\u00e5 ville Israel svare med en delvis tilbaketrekning.<\/p>\n<p class=\"_paragraph_1994c_4 _paragraph_xtcu6_10 layout-component text-serif-m layout-normal text-serif-m layout-padded\">Men p\u00e5 bakken i Gaza by raser kampene for fullt, og det ser ut til \u00e5 g\u00e5 mot \u00abet endelig slag\u00bb. Det forhandles p\u00e5 spreng i Qatar for \u00e5 unng\u00e5 et blodbad.<\/p>\n<ul class=\"_list_1994c_3 _list_xtcu6_9 _unordered_1994c_105 layout-component text-serif-m layout-normal text-serif-m layout-padded _medium_xtcu6_25\">\n<li class=\"_item_1994c_30\"><strong class=\"_strong_1994c_25\">De siste meldingene tyder p\u00e5 at Hamas lener mot \u00e5 godta fredsplanen, men samtidig kreves det endringer \u2013 som Israel ikke vil akseptere.<\/strong><\/li>\n<\/ul>\n<p>SLIK ER TRUMPS FREDSPLAN<\/p>\n<p class=\"_paragraph_1994c_4 _paragraph_xtcu6_10 _paragraph_16v91_10 layout-component text-serif-m layout-normal text-sans-m layout-padded\">If\u00f8lge Det hvite hus, er dette Trumps 20-punktsplan:<\/p>\n<ol class=\"_list_1994c_3 _list_xtcu6_9 _list_16v91_9 _ordered_1994c_79 layout-component text-serif-m layout-normal text-sans-m layout-padded\">\n<li class=\"_item_1994c_30\">Gaza blir en avradikalisert, terrorfri sone uten trussel mot naboer.<\/li>\n<li class=\"_item_1994c_30\">Gaza gjenoppbygges til fordel for sin egen befolkning, som har lidd mer enn nok.<\/li>\n<li class=\"_item_1994c_30\">Ved aksept fra begge parter,\u00a0<strong class=\"_strong_1994c_25\">stanser krigen umiddelbart<\/strong>, IDF trekker seg ut til det som er avtalt, avbryter milit\u00e6r aktivitet, fryser frontlinjer og forbereder gisselutveksling.<\/li>\n<li class=\"_item_1994c_30\">Alle gisler (levende og d\u00f8de) returneres innen 72 timer.<\/li>\n<li class=\"_item_1994c_30\">Israel l\u00f8slater 250 livstidsfanger + 1700 arrestert etter 7. oktober.<\/li>\n<li class=\"_item_1994c_30\">Hamas-medlemmer som avv\u00e6pner seg f\u00e5r amnesti eller trygg passasje.<\/li>\n<li class=\"_item_1994c_30\">Ved godkjennelse av avtalen, starter full n\u00f8dhjelp til Gazastripen straks, inkludert gjenoppbygging av infrastruktur og sykehus.<\/li>\n<li class=\"_item_1994c_30\">Hjelpen skal distribueres gjennom FN, R\u00f8de Halvm\u00e5ne mfl.; Rafah-grensen \u00e5pnes etter 19. jan-avtalen.<\/li>\n<li class=\"_item_1994c_30\">Gaza vil styres midlertidig av en teknokratisk, upolitisk, komit\u00e9 med internasjonalt tilsyn \u2013 \u00abBoard of Peace\u00bb ledet av Donald Trump og tidligere britisk statsminister Tony Blair. Komiteen vil best\u00e5 av \u00abkvalifiserte palestinere\u00bb og internasjonale eksperter.<\/li>\n<li class=\"_item_1994c_30\">En Trump-ledet utviklingsplan lanseres for investeringer og arbeidsplasser.<\/li>\n<li class=\"_item_1994c_30\">Det vil bli opprettet en egen, \u00f8konomisk sone.<\/li>\n<li class=\"_item_1994c_30\">Ingen tvinges til \u00e5 forlate Gaza; folk kan bli, reise og returnere fritt. Vi oppfordrer folk til \u00e5 bli og vil gi dem muligheten til \u00e5 bygge et bedre Gaza.<\/li>\n<li class=\"_item_1994c_30\">Hamas og andre fraksjoner f\u00e5r ingen styringsrolle, hverken direkte eller indirekte. Milit\u00e6r infrastruktur og v\u00e5penproduksjon skal \u00f8delegges og ikke gjenoppbygges.<\/li>\n<li class=\"_item_1994c_30\">Regionale partnere garanterer at Hamas og andre fraksjoner holder seg til avtalen og at nye Gaza ikke utgj\u00f8r en trussel for sine naboer eller egen befolkning.<\/li>\n<li class=\"_item_1994c_30\">USA vil jobbe med arabiske og internasjonale partnere for \u00e5 etablere en midlertidig, internasjonal stabiliseringsstyrke (ISF). Stabiliseringsstyrken vil trene og st\u00f8tte palestinske politistyrker i Gaza. Stabiliseringsstyrken vil fungere som en langsiktig, intern sikkerhetsl\u00f8sning, og den vil jobbe med Israel og Egypt for \u00e5 sikre grenseomr\u00e5der. Det blir kritisk \u00e5 hindre at ammunisjon entrer Gaza, og sikre trygg flyt av varer for \u00e5 bygge opp Gaza.<\/li>\n<li class=\"_item_1994c_30\">Israel skal ikke okkupere eller annektere Gaza. Idet ISF oppn\u00e5r kontroll og stabilitet, vil IDF trekke seg gradvis ut etter m\u00e5lbare milep\u00e6ler bestemt i enighet mellom IDF, ISF, garantister og USA. Samtidig vil midlertidige sikkerhetsperimeter beholdes.<\/li>\n<li class=\"_item_1994c_30\">Dersom Hamas utsetter eller avviser avtalen, iverksettes punktene over, samt n\u00f8dhjelpen, i \u00abterror-frie omr\u00e5der\u00bb overlevert fra IDF til ISF (den midlertidige stabiliseringsstyrken).<\/li>\n<li class=\"_item_1994c_30\">En interreligi\u00f8s dialogprosess vil fremme toleranse og sameksistens, og vil s\u00f8ke \u00e5 endre holdninger blant palestinere og israelere ved \u00e5 vektlegge fordelene som kan komme fra fred.<\/li>\n<li class=\"_item_1994c_30\">N\u00e5r reformer er gjennomf\u00f8rt og gjenoppbygging p\u00e5g\u00e5r, \u00e5pnes vei mot palestinsk selvstyre og statsdannelse, som anerkjennes som et legitimt \u00f8nske for det palestinske folket.<\/li>\n<li class=\"_item_1994c_30\">USA vil etablere politisk dialog mellom Israel og palestinerne for fredelig og velfungerende sameksistens.<\/li>\n<\/ol>\n<p>Vis mer \u2013 Detaljene mangler<\/p>\n<p class=\"_paragraph_1994c_4 _paragraph_xtcu6_10 layout-component text-serif-m layout-normal text-serif-m layout-padded\">Den <a href=\"https:\/\/www.haaretz.com\/israel-news\/2025-10-01\/ty-article\/.premium\/palestinian-officials-say-hamas-inclined-to-accept-trumps-gaza-plan-with-revisions\/00000199-9f5d-d0f3-a599-dfffe8cb0000\" class=\"_link_1994c_39\" rel=\"nofollow noopener\" target=\"_blank\">israelske avisen Haaretz<\/a> skriver at Hamas er innstilt p\u00e5 \u00e5 akseptere planen. Men at det stilles en del motkrav, som betyr at man neppe kommer i m\u00e5l innen fristen Trump har satt.<\/p>\n<p class=\"_paragraph_1994c_4 _paragraph_xtcu6_10 layout-component text-serif-m layout-normal text-serif-m layout-padded\">\u2013 Detaljene i planen er alt for vage. Den er et rammeverk, og skal det lykkes vil det bety en langvarig prosess. Trump har vist overfor Putin at han gir stadig nye utsettelser. Ingen tror p\u00e5 Trumps tidsfrister, sier Aaron David Miller.<\/p>\n<p class=\"_paragraph_1994c_4 _paragraph_xtcu6_10 layout-component text-serif-m layout-normal text-serif-m layout-padded\">Miller er en av USAs fremste Midt\u00f8sten-eksperter. Historikeren var i 20 \u00e5r r\u00e5dgiver for USAs utenriksministre, og forhandler i konflikten mellom Israel og Palestina.<\/p>\n<p><img decoding=\"async\" alt=\"Bilde av Aaron David Miller\" class=\"_image_ygndg_42\" height=\"60\" itemprop=\"image\" loading=\"lazy\"  src=\"https:\/\/www.europesays.com\/no\/wp-content\/uploads\/2025\/10\/a5f00eae-4c7e-4b73-8d50-49954e5a8b7d\"  width=\"40\"\/><strong class=\"_name_ygndg_51 title-serif-xs\">Aaron David Miller<\/strong><\/p>\n<p class=\"_paragraph_1994c_4 text-sans-m _description_ygndg_56\">Historiker og Midt\u00f8sten-ekspert.<\/p>\n<p class=\"_paragraph_1994c_4 _paragraph_xtcu6_10 layout-component text-serif-m layout-normal text-serif-m layout-padded\">\u2013 La oss v\u00e6re helt tydelige p\u00e5 to ting: Det f\u00f8rste er at dette ikke er en fredsplan, men et ultimatum. Det andre er at dette i beste fall kan f\u00f8re til en prosess med mange stadier av videre forhandlinger. Har Trump t\u00e5lmodigheten til det? Det er usikkert, p\u00e5peker Miller.<\/p>\n<p class=\"_paragraph_1994c_4 _paragraph_xtcu6_10 layout-component text-serif-m layout-normal text-serif-m layout-padded\"><strong class=\"_strong_1994c_25\">Han mener begge parter har gitt et svar som er \u00abja, men &#8230;\u00bb, og at det ikke er sikkert om det blir godt nok for Trump, som \u00f8nsker en rask l\u00f8sning.<\/strong><\/p>\n<p class=\"_paragraph_1994c_4 _paragraph_xtcu6_10 layout-component text-serif-m layout-normal text-serif-m layout-padded\">\u2013 Enten kan Trump si at motkravene som n\u00e5 kommer fra Hamas betyr at de svarer nei, og s\u00e5 kan han gi Netanyahu gr\u00f8nt lys til \u00e5 angripe med enda st\u00f8rre kraft. Alternativt kan Trump velge \u00e5 g\u00e5 videre med forhandlinger, da m\u00e5 han g\u00e5 tilbake til de arabiske landene, og s\u00e5 g\u00e5 tilbake til Netanyahu.<\/p>\n<p><img alt=\"Onsdag morgen: Stadig nye flyktninger ankommer Nuseirat-leiren i Gaza, p\u00e5 flukt fra kampene i Gaza by.   Foto: BASHAR TALEB \/ AFP \/ NTB\" class=\"_image_qp4xg_65 layout-component layout-normal\" data-fullscreen- data-track-element-type=\"Article image fullscreen\" data-track-name=\"ImageFullscreen\" decoding=\"async\" loading=\"lazy\" height=\"3637\" itemprop=\"image\"  src=\"https:\/\/www.europesays.com\/no\/wp-content\/uploads\/2025\/10\/dd5700c0-285d-44fd-9efb-a2a9782c3c00\"  style=\"object-position:0% 0%\" width=\"5455\"\/>Onsdag morgen: Stadig nye flyktninger ankommer Nuseirat-leiren i Gaza, p\u00e5 flukt fra kampene i Gaza by.   Foto: BASHAR TALEB \/ AFP \/ NTB Krever svar om avv\u00e6pning<\/p>\n<p class=\"_paragraph_1994c_4 _paragraph_xtcu6_10 layout-component text-serif-m layout-normal text-serif-m layout-padded\">Haaretz skriver at Hamas blant annet \u00f8nsker en avklaring p\u00e5 om en avv\u00e6pning ogs\u00e5 skal gjelde personlige h\u00e5ndv\u00e5pen.<\/p>\n<p class=\"_paragraph_1994c_4 _paragraph_xtcu6_10 layout-component text-serif-m layout-normal text-serif-m layout-padded\"><strong class=\"_strong_1994c_25\">Planen til Trump sier Hamas-krigere skal gis fritt leide \u2013 men hvor de skal dra st\u00e5r det ikke noe om.<\/strong><\/p>\n<p class=\"_paragraph_1994c_4 _paragraph_xtcu6_10 layout-component text-serif-m layout-normal text-serif-m layout-padded\">Hamas frykter at den israelske h\u00e6ren ikke vil forplikte seg til en tilbaketrekning, selv hvis gislene l\u00f8slates. Derfor \u00f8nsker Hamas nye garantier fra USA, Qatar og Tyrkia.<\/p>\n<p class=\"_paragraph_1994c_4 _paragraph_xtcu6_10 layout-component text-serif-m layout-normal text-serif-m layout-padded\">I tillegg vil Hamas sikre seg at andre fraksjoner, som Islamsk jihad, vil st\u00f8tte planen. Og der har lederskapet omtalt planen som \u00aboppskriften p\u00e5 en katastrofe\u00bb.<\/p>\n<p class=\"_paragraph_1994c_4 _paragraph_xtcu6_10 layout-component text-serif-m layout-normal text-serif-m layout-padded\">\u2013 Israel krevde endringer i den opprinnelige planen, og ba om flere justeringer i helgen. Noe av dette fikk de gjennomslag for, noe sa Trump nei til, forklarer Miller.<\/p>\n<p class=\"_paragraph_1994c_4 _paragraph_xtcu6_10 layout-component text-serif-m layout-normal text-serif-m layout-padded\">\u2013 Men det betyr at planen arabiske land som Qatar og Egypt fikk se, og som Hamas ble informert om, er annerledes enn det Hamas n\u00e5 skal ta stilling til, utdyper han.<\/p>\n<p class=\"_paragraph_1994c_4 _paragraph_xtcu6_10 layout-component text-serif-m layout-normal text-serif-m layout-padded\">IDF har publisert denne videoen fra Gaza: <\/p>\n<p>    \u2013 Sv\u00e6rt vanskelig<\/p>\n<p class=\"_paragraph_1994c_4 _paragraph_xtcu6_10 layout-component text-serif-m layout-normal text-serif-m layout-padded\">\u2013 Trumps tidsfrist er ikke reell. Tidsfrister kommer og g\u00e5r. Sp\u00f8rsm\u00e5let er om han vil investere videre i en plan det ligger mye arbeid bak, eller gi Netanyahu frie hender, sier Miller.<\/p>\n<p class=\"_paragraph_1994c_4 _paragraph_xtcu6_10 layout-component text-serif-m layout-normal text-serif-m layout-padded\">Han p\u00e5peker at Israels statsminister ikke \u00f8nsker \u00e5 godta Hamas sine motkrav, mens planen i realiteten betyr at Hamas m\u00e5 gi opp sitt grep p\u00e5 Gaza, noe gruppen nekter.<\/p>\n<p class=\"_paragraph_1994c_4 _paragraph_xtcu6_10 layout-component text-serif-m layout-normal text-serif-m layout-padded\"><strong class=\"_strong_1994c_25\">\u2013 Hamas har ikke villet overgi seg s\u00e5 langt, og Israel har heller ikke klart \u00e5 knuse dem. Det er de enkle faktum p\u00e5 bakken. <\/strong><\/p>\n<p class=\"_paragraph_1994c_4 _paragraph_xtcu6_10 layout-component text-serif-m layout-normal text-serif-m layout-padded\">Miller p\u00e5peker at alle tidligere forhandlinger mellom Israel og palestinerne har v\u00e6rt sv\u00e6rt tidkrevende, og at situasjonen n\u00e5 er ekstra vanskelig.<\/p>\n<p class=\"_paragraph_1994c_4 _paragraph_xtcu6_10 layout-component text-serif-m layout-normal text-serif-m layout-padded\">\u2013 Hamas er definert som en terrororganisasjon av USA, og etter terroren den 7. oktober deler Trump Israels syn om at Hamas m\u00e5 utslettes. Det betyr at Trump ikke kan presse Israel like hardt som om det var forhandlinger med en annen stat. <\/p>\n<p class=\"_paragraph_1994c_4 _paragraph_xtcu6_10 layout-component text-serif-m layout-normal layout-padded\"><strong class=\"_strong_1994c_25\">Les ogs\u00e5:<\/strong> <a href=\"https:\/\/www.vg.no\/i\/5E9K2b\" data-track-element-type=\"Link\" data-track-id=\"link:5E9K2b\" class=\"_link_1994c_39\" rel=\"nofollow noopener\" target=\"_blank\">Gaza-innbyggere om fredsplan: \u2013 Alt annet er bagateller<\/a><\/p>\n<p><img alt=\"Mens fredssamtalene p\u00e5g\u00e5r, fortsetter Israels angrep med full styrke. Her b\u00e6res en skadet mann inn til sykehus etter en angrep i Deir al-Balah, sentralt i Gaza.  Foto: Abdel Kareem Hana \/ AP \/ NTB\" class=\"_image_qp4xg_65 layout-component layout-normal\" data-fullscreen- data-track-element-type=\"Article image fullscreen\" data-track-name=\"ImageFullscreen\" decoding=\"async\" loading=\"lazy\" height=\"3952\" itemprop=\"image\"  src=\"https:\/\/www.europesays.com\/no\/wp-content\/uploads\/2025\/10\/087993f3-04b2-4d80-80c5-23523735d511\"  style=\"object-position:0% 0%\" width=\"4602\"\/>Mens fredssamtalene p\u00e5g\u00e5r, fortsetter Israels angrep med full styrke. Her b\u00e6res en skadet mann inn til sykehus etter en angrep i Deir al-Balah, sentralt i Gaza.  Foto: Abdel Kareem Hana \/ AP \/ NTB Tenker p\u00e5 Nobelprisen<\/p>\n<p class=\"_paragraph_1994c_4 _paragraph_xtcu6_10 layout-component text-serif-m layout-normal text-serif-m layout-padded\">Haaretz skriver at Hamas vurderer det slik at Trump \u00f8nsker forgang i forhandlingene for \u00e5 kunne vise til en stor suksess f\u00f8r Nobelkomiteen kunngj\u00f8r hvem som f\u00e5r fredsprisen den 10. oktober.<\/p>\n<p class=\"_paragraph_1994c_4 _paragraph_xtcu6_10 layout-component text-serif-m layout-normal text-serif-m layout-padded\">\u2013 Trump hevder han har stanset syv kriger. Faktum er at det ikke stemmer. Det er snakk om sv\u00e6rt komplekse konflikter, som p\u00e5 ingen m\u00e5te er l\u00f8st. N\u00e6rmest er avtalen mellom Aserbajdsjan og Armenia.<\/p>\n<p class=\"_paragraph_1994c_4 _paragraph_xtcu6_10 layout-component text-serif-m layout-normal text-serif-m layout-padded\"><strong class=\"_strong_1994c_25\">\u2013 Det store sp\u00f8rsm\u00e5let er om Trump er villig til \u00e5 p\u00e5ta seg et langsiktig engasjement, og n\u00e5r man ser p\u00e5 det han har f\u00e5tt til de siste ni m\u00e5nedene, er det ikke grunn til optimisme. Men det ligger mye innsats og prestisje i dette, p\u00e5peker Miller.<\/strong><\/p>\n<p class=\"_paragraph_1994c_4 _paragraph_xtcu6_10 layout-component text-serif-m layout-normal text-serif-m layout-padded\">Bildene under: Internt fordrevne i endel\u00f8se k\u00f8er for \u00e5 f\u00e5 n\u00f8dhjelp langs Netzarim-korridoren, sentralt p\u00e5 Gaza-stripen.<\/p>\n<p><img alt=\"Foto: EYAD BABA \/ AFP \/ NTB\" class=\"_image_qp4xg_65 layout-component layout-left\" data-fullscreen- data-track-element-type=\"Article image fullscreen\" data-track-name=\"ImageFullscreen\" decoding=\"async\" loading=\"lazy\" height=\"4000\" itemprop=\"image\"  src=\"https:\/\/www.europesays.com\/no\/wp-content\/uploads\/2025\/10\/170d2d83-02b3-49e9-b67c-629d729f4fab\"  style=\"object-position:0% 0%\" width=\"6000\"\/>Foto: EYAD BABA \/ AFP \/ NTB<img alt=\"Foto: EYAD BABA \/ AFP \/ NTB\" class=\"_image_qp4xg_65 layout-component layout-fullwidth\" data-fullscreen- data-track-element-type=\"Article image fullscreen\" data-track-name=\"ImageFullscreen\" decoding=\"async\" loading=\"lazy\" height=\"4000\" itemprop=\"image\"  src=\"https:\/\/www.europesays.com\/no\/wp-content\/uploads\/2025\/10\/2fe924f0-fb50-482b-8adf-7aaf99b7baa6\"  style=\"object-position:0% 0%\" width=\"6000\"\/>Foto: EYAD BABA \/ AFP \/ NTB<img alt=\"Foto: EYAD BABA \/ AFP \/ NTB\" class=\"_image_qp4xg_65 layout-component layout-right\" data-fullscreen- data-track-element-type=\"Article image fullscreen\" data-track-name=\"ImageFullscreen\" decoding=\"async\" loading=\"lazy\" height=\"4000\" itemprop=\"image\"  src=\"https:\/\/www.europesays.com\/no\/wp-content\/uploads\/2025\/10\/1eff23a4-69f2-4dbc-b9ba-490fa437e2ca\"  style=\"object-position:0% 0%\" width=\"6000\"\/>Foto: EYAD BABA \/ AFP \/ NTB<br \/>\nLes ogs\u00e5<\/p>\n","protected":false},"excerpt":{"rendered":"Hamas ser ut til \u00e5 helle mot \u00e5 akseptere Trumps Gaza-planen, men med krav som Israel ikke godkjenner.&hellip;\n","protected":false},"author":2,"featured_media":50499,"comment_status":"","ping_status":"","sticky":false,"template":"","format":"standard","meta":{"footnotes":""},"categories":[12],"tags":[20,21,55,24,25,53,566,15,52,22,23,13,30,28,29,14,16,26,27,50,42,43,44,45],"class_list":{"0":"post-50498","1":"post","2":"type-post","3":"status-publish","4":"format-standard","5":"has-post-thumbnail","7":"category-verden","8":"tag-breaking-news","9":"tag-breakingnews","10":"tag-donald-trump","11":"tag-featured-news","12":"tag-featurednews","13":"tag-gaza","14":"tag-hamas","15":"tag-headlines","16":"tag-israel","17":"tag-latest-news","18":"tag-latestnews","19":"tag-news","20":"tag-no","21":"tag-norge","22":"tag-norway","23":"tag-nyheter","24":"tag-overskrifter","25":"tag-top-stories","26":"tag-topstories","27":"tag-usa","28":"tag-verden","29":"tag-world","30":"tag-world-news","31":"tag-worldnews"},"share_on_mastodon":{"url":"","error":""},"_links":{"self":[{"href":"https:\/\/www.europesays.com\/no\/wp-json\/wp\/v2\/posts\/50498","targetHints":{"allow":["GET"]}}],"collection":[{"href":"https:\/\/www.europesays.com\/no\/wp-json\/wp\/v2\/posts"}],"about":[{"href":"https:\/\/www.europesays.com\/no\/wp-json\/wp\/v2\/types\/post"}],"author":[{"embeddable":true,"href":"https:\/\/www.europesays.com\/no\/wp-json\/wp\/v2\/users\/2"}],"replies":[{"embeddable":true,"href":"https:\/\/www.europesays.com\/no\/wp-json\/wp\/v2\/comments?post=50498"}],"version-history":[{"count":0,"href":"https:\/\/www.europesays.com\/no\/wp-json\/wp\/v2\/posts\/50498\/revisions"}],"wp:featuredmedia":[{"embeddable":true,"href":"https:\/\/www.europesays.com\/no\/wp-json\/wp\/v2\/media\/50499"}],"wp:attachment":[{"href":"https:\/\/www.europesays.com\/no\/wp-json\/wp\/v2\/media?parent=50498"}],"wp:term":[{"taxonomy":"category","embeddable":true,"href":"https:\/\/www.europesays.com\/no\/wp-json\/wp\/v2\/categories?post=50498"},{"taxonomy":"post_tag","embeddable":true,"href":"https:\/\/www.europesays.com\/no\/wp-json\/wp\/v2\/tags?post=50498"}],"curies":[{"name":"wp","href":"https:\/\/api.w.org\/{rel}","templated":true}]}}