{"id":50508,"date":"2025-10-01T22:11:09","date_gmt":"2025-10-01T22:11:09","guid":{"rendered":"https:\/\/www.europesays.com\/no\/50508\/"},"modified":"2025-10-01T22:11:09","modified_gmt":"2025-10-01T22:11:09","slug":"nyhet-musikk-kaktusfestivalen-slipper-de-forste-navnene","status":"publish","type":"post","link":"https:\/\/www.europesays.com\/no\/50508\/","title":{"rendered":"Nyhet, Musikk | Kaktusfestivalen slipper de f\u00f8rste navnene"},"content":{"rendered":"\n<p>For en ukes tid siden ble det klart at Kaktusfestivalen skal arrangeres for f\u00f8rste gang 28.\u201330. mai 2026.<\/p>\n<p>Planen er at festivalen skal vokse gradvis, og Wille fortalte om et konkret m\u00e5l om \u00e5 kunne presentere Nick Cave p\u00e5 Fredriksten festning f\u00e5 \u00e5r fram i tid.<\/p>\n<p>Det er ambisjonen, men fokus n\u00e5 er f\u00f8rst og fremst \u00e5 bygge en festival som er interessant fra f\u00f8rste dag.<\/p>\n<p>\u2013 Vi sikter p\u00e5 en artistplakat som har headlinere, men som ogs\u00e5 har artister som publikum kanskje ikke har h\u00f8rt f\u00f8r. Og som de oppdager underveis, sier han.<\/p>\n<p>  <a href=\"https:\/\/www.ha-halden.no\/5-20-1790086\" class=\"related-teaser has-image default-story-teaser article--c-eRUmMG article--c-eRUmMG-jKCPdD-design-default\" rel=\"nofollow noopener\" target=\"_blank\"><\/p>\n<p>    <img decoding=\"async\" loading=\"lazy\"  src=\"https:\/\/www.europesays.com\/no\/wp-content\/uploads\/2025\/10\/IMG_3879.JPG\" alt=\"\" class=\"brick-c-cFOWSL\" style=\"\"\/><\/p>\n<p>\n            Les ogs\u00e5<\/p>\n<p>              Ny festival \u2013 Jonas vil ha Nick Cave om 4\u20135 \u00e5r\n        <\/p>\n<p>  <\/a><br \/>\n  Reise noen timer<\/p>\n<p>Jerry Leger, Sean Rowe og Spirit in the Dark med Geir Sundst\u00f8l, er de tre f\u00f8rste artistene som er sluppet ut av festivalhatten til arrang\u00f8rene. Wille forteller at flere artister og band blir bekreftet.<\/p>\n<p>\u2013 Det vi \u00f8nsker \u00e5 f\u00e5 til, er at folk som liker den type musikk er villige til \u00e5 reise noen timer for \u00e5 oppleve den, sier den ferske festivalsjefen.<\/p>\n<p>Han er selv ikke fremmed for \u00e5 kj\u00f8re noen mil b\u00e5de s\u00f8rover og nordover for \u00e5 oppleve musikk.<\/p>\n<p>\u2013 Vi \u00f8nsker \u00e5 trekke til oss publikum i en utvidet region fra Oslo til G\u00f6teborg, sier Wille.<\/p>\n<p>Han har v\u00e6rt \u00e5pen om at dette er noe han jobber med ut fra det han kaller \u00abet egoistisk \u00f8nske om \u00e5 velge en konsertplakat\u00bb. <\/p>\n<p>\u2013 Det er ikke Spotify-lyttingene som er vesentlig for oss, men vi vil n\u00e5 fram til musikkelskerne. Det synes jeg er greit \u00e5 st\u00e5 for, sier han oppriktig.<\/p>\n<p>Sporene g\u00e5r tilbake til den gang man handlet musikk p\u00e5 fysisk format, og fikk veiledning av fagfolk som kjente kundene sine.<\/p>\n<p>\u2013 Jeg synes at det er morsomt \u00e5 dele musikk med folk. Jeg f\u00f8ler meg heldig som har vokst opp i Halden p\u00e5 mange m\u00e5ter, og i ungdoms\u00e5rene s\u00e5 begynte jeg \u00e5 henge hos Erik p\u00e5 Eldorado. Jeg merket hvordan musikksmaken min utvidet seg fra bes\u00f8k til bes\u00f8k, s\u00e5 kan du si at festivalen vel er et produkt av Eldorado og Erik H\u00e5gensen, sier han.<\/p>\n<p>Platebutikken l\u00e5 i Basarene, og ga utdannelse til mange musikere og musikkinteresserte.<\/p>\n<p>   <img decoding=\"async\" width=\"5952\" height=\"3642\" fetchpriority=\"low\"  loading=\"lazy\"  src=\"https:\/\/www.europesays.com\/no\/wp-content\/uploads\/2025\/10\/Jonas_Wille+%2813+of+1%29.jpg\" alt=\"\" class=\"brick-c-cFOWSL\" style=\"--brick-image-ratio: 5952 \/ 3642;\"\/><\/p>\n<p>    \u2013 Det vi \u00f8nsker \u00e5 f\u00e5 til, er at folk som liker den type musikk er villige til \u00e5 reise noen timer for \u00e5 oppleve den, sier den ferske festivalsjefen.<br \/>\n    Foto: Anders Svendsen\n  <\/p>\n<p>  F\u00f8rst i teateret<\/p>\n<p>Festivalen innledes allerede torsdag 28. mai i Fredrikshalds Teater. I s\u00e5 m\u00e5te blir det en tredagers festival.<\/p>\n<p>Der er et eminent husband som er vertskap p\u00e5 scenen, best\u00e5ende av Geir Sundst\u00f8l, David Wallumr\u00f8d, Audun Erlien og Anders Engen.<\/p>\n<p>De tre sistnevnte utgj\u00f8r til vanlig trioen Spirit in the Dark, og haldenseren Sundst\u00f8l har samarbeidet mye med hver av musikerne i trioen i ulike konstellasjoner over flere \u00e5r.<\/p>\n<p>Tom Skjekles\u00e6ther pr\u00f8ver \u00e5 beskrive husbandet.<\/p>\n<p>\u2013 Skal man gj\u00f8re rede for alle platene som disse fire musikerne mellom seg har spilt p\u00e5 de siste ti\u00e5rene, s\u00e5 lar det seg bare l\u00f8se med \u00e5 ansette en rutinert bibliotekar. For enkelthetens skyld kan vi sl\u00e5 fast at det dreier seg om mange hundre innspillinger, kanskje tusen, over store deler av det musikalske spekteret.<\/p>\n<p>Men potensialet i den musikalske opplevelsen er han klar p\u00e5.<\/p>\n<p>\u2013 De av oss som har egen forkj\u00e6rlighet for improvisasjonens eventyrlige muligheter kommer til \u00e5 sitte ringside i det intime teateret i slutten av mai 2026.<\/p>\n<p>   <img decoding=\"async\" width=\"5296\" height=\"3470\" fetchpriority=\"low\"  loading=\"lazy\"  src=\"https:\/\/www.europesays.com\/no\/wp-content\/uploads\/2025\/10\/Skjekles%C3%A6ther+%281+of+1%29.jpg\" alt=\"\" class=\"brick-c-cFOWSL\" style=\"--brick-image-ratio: 5296 \/ 3470;\"\/><\/p>\n<p>    Tom Skjekles\u00e6ther er sparringspartner for Wille.<br \/>\n    Foto: Anders Svendsen\n  <\/p>\n<p>  Flere involverte<\/p>\n<p>For Skjekles\u00e6ther er naturligvis tilstedev\u00e6rende \u2013 i det minste i kulissene \u2013 i en festival som dette.<\/p>\n<p>\u2013 Jeg snakker mye med Skjekles\u00e6ther. Han er ikke direkte involvert i festivalen, men er absolutt en som jeg syne at det er fint \u00e5 sparre med n\u00e5r det gjelder artister og booking. Vi skal ogs\u00e5 ha presentasjoner og innspill av folk som Egon Holstad og Erik Valebrokk, forteller Wille.<\/p>\n<p>I teateret skal husbandet spille sammen med noen av artistene p\u00e5 festivalen med tre\u2013fire sanger hver.<\/p>\n<p>\u2013 Det er det lagt ut 150 billetter til den torsdagskvelden i Fredrikshalds Teater. Der kan billettene g\u00e5 ganske fort, og man b\u00f8r nok v\u00e6re ganske rask p\u00e5 ballen, sier Wille.<\/p>\n<p>Dette inng\u00e5r ikke i festivalpasset, som er den type billetter som er lagt ut n\u00e5.<\/p>\n<p>Fulle dager p\u00e5 brygga<\/p>\n<p>For det er fredag 29. og l\u00f8rdag 30. mai hovedprogrammet p\u00e5 festivalen foreg\u00e5r i Brygga kultursal, der hver kveld byr p\u00e5 fem\u2013seks artister fra 17-tida til godt over midnatt.<\/p>\n<p>Totalt er det beregnet 800 publikummere til fredagen og l\u00f8rdagen. Det er vanlig at det er lavere priser p\u00e5 billetter som selges lang tid i forveien, det gjelder ogs\u00e5 festivalpass.<\/p>\n<p>Men de byr ogs\u00e5 p\u00e5 en helt kostnadsfri musikalsk formiddag.<\/p>\n<p>\u2013 L\u00f8rdag formiddag arrangeres ogs\u00e5 en gratis matin\u00e9konsert p\u00e5 Kulturhuset med to artister, forteller Wille.<\/p>\n<p>Det er enn\u00e5 ikke klart hvem som opptrer der.<\/p>\n<p>Sean Rowe kommer fra Troy i delstaten New York, USA. Han g\u00e5r i den vide beskrivelsen singer-songwriter, og er kjent for sin dype barytonstemme og virtuost gitarspill.<\/p>\n<p>Musikkjournalist Erik Valebrokk beskriver Rowe som en artist i tradisjonen etter Bob Dylan, Van Morrison og Leonard Cohen.<\/p>\n<p>\u2013 De som velger \u00e5 l\u00f8se billett til verdenshistoriens aller f\u00f8rste Kaktusfestival i Halden beg\u00e5r en klok handling, mener Valebrokk.<\/p>\n<p>   <img decoding=\"async\" width=\"5936\" height=\"3664\" fetchpriority=\"low\"  loading=\"lazy\"  src=\"https:\/\/www.europesays.com\/no\/wp-content\/uploads\/2025\/10\/Jonas_Wille+%285+of+1%29.jpg\" alt=\"\" class=\"brick-c-cFOWSL\" style=\"--brick-image-ratio: 5936 \/ 3664;\"\/><\/p>\n<p>    \u2013 Jeg synes at det er morsomt \u00e5 dele musikk med folk, sier Jonas Wille.<br \/>\n    Foto: Anders Svendsen\n  <\/p>\n<p>  God bredde<\/p>\n<p>Wille understreker at festivalen ikke skal v\u00e6re en \u00ablapskausfestival\u00bb med stort sprik i sjangre, men samtidig favne bredt nok. De to beskrivelsene americana og indie ekskluderer ikke hverandre, men g\u00e5r \u00e5penbart ikke i konkurranse med \u00abOpp\u00e5 borgen\u00bb, for eksempel.<\/p>\n<p>Musikkjournalist Egon Holstad mener at canadieren Jerry Leger burde v\u00e6re langt mer kjent enn han er, og setter pris p\u00e5 at Kaktusfestivalen henter inn artisten.<\/p>\n<p>\u2013 Det er godt \u00e5 registrere at det fortsatt kommer noe ut av Nord-Amerika som det er verdt \u00e5 juble entusiastisk og uironisk til. Vi trenger det mer enn noensinne. Vi trenger faen meg Jerry Leger. N\u00e5 kommer han til Halden, og vi dit, sier han.<\/p>\n<p>Wille understreker at dette er en internasjonal musikkfestival, men samtidig har de ogs\u00e5 \u00f8nsker om \u00e5 inkludere lokale krefter.<\/p>\n<p>\u2013 P\u00e5 sikt ser vi for oss en egen scene for lokale band og artister som en del av festivalen, men byen har allerede en kjempebra festival i Halden-scenen, sier han.<\/p>\n<p>De jobber med de siste detaljene for \u00e5 spikre de neste artistene.<\/p>\n<p>\u2013 Jeg h\u00e5per at det er klart i l\u00f8pet av to-tre uker. Jeg er nesten i m\u00e5l med alt sammen. Utfordringen har v\u00e6rt om det passer inn i tidsplanen, b\u00e5de for artistene og sammensettingen for oss. Alt skal klaffe, sier festivalsjef Wille.<\/p>\n<p>   <img decoding=\"async\" width=\"5767\" height=\"3442\" fetchpriority=\"low\"  loading=\"lazy\"  src=\"https:\/\/www.europesays.com\/no\/wp-content\/uploads\/2025\/10\/Jonas_Wille+(9+of+1)_1.jpg\" alt=\"\" class=\"brick-c-cFOWSL\" style=\"--brick-image-ratio: 5767 \/ 3442;\"\/><\/p>\n<p>    \u2013 P\u00e5 sikt ser vi for oss en egen scene for lokale band og artister som en del av festivalen, men byen har allerede en kjempebra festival i Halden-scenen, sier Wille.<br \/>\n    Foto: Anders Svendsen\n  <\/p>\n","protected":false},"excerpt":{"rendered":"For en ukes tid siden ble det klart at Kaktusfestivalen skal arrangeres for f\u00f8rste gang 28.\u201330. mai 2026.&hellip;\n","protected":false},"author":2,"featured_media":50509,"comment_status":"","ping_status":"","sticky":false,"template":"","format":"standard","meta":{"footnotes":""},"categories":[58],"tags":[36,71,6986,410,221,30,28,29,447,1510,72],"class_list":{"0":"post-50508","1":"post","2":"type-post","3":"status-publish","4":"format-standard","5":"has-post-thumbnail","7":"category-underholdning","8":"tag-art","9":"tag-entertainment","10":"tag-jonas-wille","11":"tag-kultur","12":"tag-musikk","13":"tag-no","14":"tag-norge","15":"tag-norway","16":"tag-nyhet","17":"tag-story","18":"tag-underholdning"},"share_on_mastodon":{"url":"","error":""},"_links":{"self":[{"href":"https:\/\/www.europesays.com\/no\/wp-json\/wp\/v2\/posts\/50508","targetHints":{"allow":["GET"]}}],"collection":[{"href":"https:\/\/www.europesays.com\/no\/wp-json\/wp\/v2\/posts"}],"about":[{"href":"https:\/\/www.europesays.com\/no\/wp-json\/wp\/v2\/types\/post"}],"author":[{"embeddable":true,"href":"https:\/\/www.europesays.com\/no\/wp-json\/wp\/v2\/users\/2"}],"replies":[{"embeddable":true,"href":"https:\/\/www.europesays.com\/no\/wp-json\/wp\/v2\/comments?post=50508"}],"version-history":[{"count":0,"href":"https:\/\/www.europesays.com\/no\/wp-json\/wp\/v2\/posts\/50508\/revisions"}],"wp:featuredmedia":[{"embeddable":true,"href":"https:\/\/www.europesays.com\/no\/wp-json\/wp\/v2\/media\/50509"}],"wp:attachment":[{"href":"https:\/\/www.europesays.com\/no\/wp-json\/wp\/v2\/media?parent=50508"}],"wp:term":[{"taxonomy":"category","embeddable":true,"href":"https:\/\/www.europesays.com\/no\/wp-json\/wp\/v2\/categories?post=50508"},{"taxonomy":"post_tag","embeddable":true,"href":"https:\/\/www.europesays.com\/no\/wp-json\/wp\/v2\/tags?post=50508"}],"curies":[{"name":"wp","href":"https:\/\/api.w.org\/{rel}","templated":true}]}}