{"id":50514,"date":"2025-10-01T22:18:14","date_gmt":"2025-10-01T22:18:14","guid":{"rendered":"https:\/\/www.europesays.com\/no\/50514\/"},"modified":"2025-10-01T22:18:14","modified_gmt":"2025-10-01T22:18:14","slug":"lillehammer-kultur-om-en-reiser-seg-og-gar-midt-i-stykket-er-det-greit-for-da-har-det-gjort-inntrykk","status":"publish","type":"post","link":"https:\/\/www.europesays.com\/no\/50514\/","title":{"rendered":"Lillehammer, Kultur | \u2013 Om en reiser seg og g\u00e5r midt i stykket, er det greit, for da har det gjort inntrykk"},"content":{"rendered":"\n<p>Oppsetningen br\u00f8t med den tidens r\u00e5dende teaternorm, den realistiske.<\/p>\n<p>Den franske symbolistiske forfatteren Alfred Jarry skrev stykket som handler om maktbegj\u00e6r som f\u00f8rer til krig.<\/p>\n<p>Stykket ble betraktet som vilt og bisart, surrealistisk og en forl\u00f8per til absurdteater.<\/p>\n<p>   <img decoding=\"async\" width=\"2313\" height=\"3462\" fetchpriority=\"low\"  loading=\"lazy\"  src=\"https:\/\/www.europesays.com\/no\/wp-content\/uploads\/2025\/10\/TO-KONG_UBU_ROI_5.jpg\" alt=\"\" class=\"brick-c-cFOWSL\" style=\"--brick-image-ratio: 2313 \/ 3462;\"\/><\/p>\n<p>    Id\u00e9 og regi er ved Eline Holb\u00f8 Wendelbo.<br \/>\n    Foto: Torbj\u00f8rn Olsen\n  <\/p>\n<p>  Verden i dag<\/p>\n<p>Eline Holb\u00f8 Wendelbo, teaterutdannet i Frankrike, kom til \u00e5 tenke p\u00e5 at stykket faller rett inn i og beskriver verden slik den er i dag, at det har et ytterst aktuelt tema.<\/p>\n<p>Slik fikk hun ideen til forestillingen \u00abKong Ubu Roi \u2013 og de\u00bb som hun ogs\u00e5 regisserer.<\/p>\n<p>\u2013 Du inviterer lillehamringer og d\u00f8ler til et teaterstykke med r\u00f8tter til b\u00e5de symbolisme og absurdteater, hvordan kommer det til \u00e5 g\u00e5?<\/p>\n<p>\u2013 Jeg h\u00e5per stykket vil vekke tanker og f\u00f8lelser vi alle har godt av \u00e5 kjenne p\u00e5 og tenke over, at det vil r\u00f8re folk. Og er det en i publikum som reiser seg og g\u00e5r midt i stykket, er det greit, for da har stykket i hvert fall gjort inntrykk, sier Wendelbo.<\/p>\n<p>   <img decoding=\"async\" width=\"5392\" height=\"3528\" fetchpriority=\"low\"  loading=\"lazy\"  src=\"https:\/\/www.europesays.com\/no\/wp-content\/uploads\/2025\/10\/TO-KONG_UBU_ROI_4.jpg\" alt=\"Teaterstykke vises tre kvelder i Kulturhuset Banken&#10;&#10;Journalist Steinar Christiansen\" class=\"brick-c-cFOWSL\" style=\"--brick-image-ratio: 5392 \/ 3528;\"\/><\/p>\n<p>    S\u00f8sknene Inga-Live, Anders, Jonas og Peter Kippersund under pr\u00f8ver i Kulturhuset Banken.<br \/>\n    Foto: Torbj\u00f8rn Olsen\n  <\/p>\n<p>  Fransk overraskelse<\/p>\n<p>De franske skuespillerne Fr\u00e9d\u00e9ric Aspisi og Lise Bellynck vil ogs\u00e5 dukke opp p\u00e5 scenen i l\u00f8pet av den rundt en og en halv time lange teaterkvelden.<\/p>\n<p>Det er de som er \u00ab\u2013 og de\u00bb.<\/p>\n<p>\u2013 Men ikke som en del av stykket, forklarer Aspisi. De skal framf\u00f8re et stykke i stykket, uavhengig av \u00abKong Ubu Roi\u00bb-framf\u00f8ringen.<\/p>\n<p>   <img decoding=\"async\" width=\"5216\" height=\"3072\" fetchpriority=\"low\"  loading=\"lazy\"  src=\"https:\/\/www.europesays.com\/no\/wp-content\/uploads\/2025\/10\/TO-KONG_UBU_ROI_2.jpg\" alt=\"Teaterstykke vises tre kvelder i Kulturhuset Banken&#10;&#10;Journalist Steinar Christiansen\" class=\"brick-c-cFOWSL\" style=\"--brick-image-ratio: 5216 \/ 3072;\"\/><\/p>\n<p>    Alltid like engasjerte Inga-Live Kippersund.<br \/>\n    Foto: Torbj\u00f8rn Olsen\n  <\/p>\n<p>  Hjelp fra Hamar<\/p>\n<p>Anders, Inga-Live, Jonas og Peter Kippersund fra Teater Utlandet p\u00e5 Hamar er stykkets skuespillere i tillegg til to elever fra Lillehammer kulturskole. De understreker at stykket er fullt av humor og satire.<\/p>\n<p>S\u00f8skenkvartetten fra Teater Utlandet sier at de h\u00e5per stykket kan bli satt opp p\u00e5 Hamar ogs\u00e5 en gang etter jul.<\/p>\n<p>   <img decoding=\"async\" width=\"4992\" height=\"3344\" fetchpriority=\"low\"  loading=\"lazy\"  src=\"https:\/\/www.europesays.com\/no\/wp-content\/uploads\/2025\/10\/TO-KONG_UBU_ROI_1.jpg\" alt=\"Teaterstykke vises tre kvelder i Kulturhuset Banken&#10;&#10;Journalist Steinar Christiansen\" class=\"brick-c-cFOWSL\" style=\"--brick-image-ratio: 4992 \/ 3344;\"\/><\/p>\n<p>    Hele gjengen bortsett fra elevene fra kulturskolen. Fra venstre: Lise Bellynck, Fr\u00e9d\u00e9ric Aspisi, Eline Holb\u00f8 Wendelbo og Inga-Live, Jonas, Anders og Peter Kippersund.<br \/>\n    Foto: Torbj\u00f8rn Olsen\n  <\/p>\n<p>  <a href=\"https:\/\/www.gd.no\/5-18-2367076\" class=\"related-teaser has-image default-feature-teaser article--c-eRUmMG article--c-eRUmMG-jKCPdD-design-default\" rel=\"nofollow noopener\" target=\"_blank\"><\/p>\n<p>    <img decoding=\"async\" loading=\"lazy\"  src=\"https:\/\/www.europesays.com\/no\/wp-content\/uploads\/2025\/10\/DSC_0607_1.JPG\" alt=\"\" class=\"brick-c-cFOWSL\" style=\"\"\/><\/p>\n<p>\n            Les ogs\u00e5<\/p>\n<p>              Adrian har bestemt seg: \u2013 Jeg vil bli skuespiller\n        <\/p>\n<p>  <\/a><\/p>\n<p>  <a href=\"https:\/\/www.gd.no\/5-18-2358709\" class=\"related-teaser has-image default-feature-teaser article--c-eRUmMG article--c-eRUmMG-jKCPdD-design-default\" rel=\"nofollow noopener\" target=\"_blank\"><\/p>\n<p>    <img decoding=\"async\" loading=\"lazy\"  src=\"https:\/\/www.europesays.com\/no\/wp-content\/uploads\/2025\/10\/Simen+S%C3%A6tre+%2815%29.jpg\" alt=\"\" class=\"brick-c-cFOWSL\" style=\"\"\/><\/p>\n<p>\n            Les ogs\u00e5<\/p>\n<p>              M\u00f8tte seriemorderen: \u2013 Jeg m\u00e5tte komme til bunns i det\n        <\/p>\n<p>  <\/a><\/p>\n<p>  <a href=\"https:\/\/www.gd.no\/5-18-2368020\" class=\"related-teaser has-image default-story-teaser article--c-eRUmMG article--c-eRUmMG-jKCPdD-design-default\" rel=\"nofollow noopener\" target=\"_blank\"><\/p>\n<p>    <img decoding=\"async\" loading=\"lazy\"  src=\"https:\/\/www.europesays.com\/no\/wp-content\/uploads\/2025\/10\/20250924_102925.jpg\" alt=\"\" class=\"brick-c-cFOWSL\" style=\"\"\/><\/p>\n<p>\n            Les ogs\u00e5<\/p>\n<p>              Lanserer nytt tilbod \u2013 sist gong var det ikkje plass til henne sj\u00f8lv ein gong\n        <\/p>\n<p>  <\/a><\/p>\n","protected":false},"excerpt":{"rendered":"Oppsetningen br\u00f8t med den tidens r\u00e5dende teaternorm, den realistiske. Den franske symbolistiske forfatteren Alfred Jarry skrev stykket som&hellip;\n","protected":false},"author":2,"featured_media":50515,"comment_status":"","ping_status":"","sticky":false,"template":"","format":"standard","meta":{"footnotes":""},"categories":[58],"tags":[36,71,1839,1552,410,7776,635,1427,30,28,29,2909,72],"class_list":{"0":"post-50514","1":"post","2":"type-post","3":"status-publish","4":"format-standard","5":"has-post-thumbnail","7":"category-underholdning","8":"tag-art","9":"tag-entertainment","10":"tag-feature","11":"tag-hamar","12":"tag-kultur","13":"tag-kulturhuset-banken","14":"tag-kunst","15":"tag-lillehammer","16":"tag-no","17":"tag-norge","18":"tag-norway","19":"tag-teater","20":"tag-underholdning"},"share_on_mastodon":{"url":"","error":""},"_links":{"self":[{"href":"https:\/\/www.europesays.com\/no\/wp-json\/wp\/v2\/posts\/50514","targetHints":{"allow":["GET"]}}],"collection":[{"href":"https:\/\/www.europesays.com\/no\/wp-json\/wp\/v2\/posts"}],"about":[{"href":"https:\/\/www.europesays.com\/no\/wp-json\/wp\/v2\/types\/post"}],"author":[{"embeddable":true,"href":"https:\/\/www.europesays.com\/no\/wp-json\/wp\/v2\/users\/2"}],"replies":[{"embeddable":true,"href":"https:\/\/www.europesays.com\/no\/wp-json\/wp\/v2\/comments?post=50514"}],"version-history":[{"count":0,"href":"https:\/\/www.europesays.com\/no\/wp-json\/wp\/v2\/posts\/50514\/revisions"}],"wp:featuredmedia":[{"embeddable":true,"href":"https:\/\/www.europesays.com\/no\/wp-json\/wp\/v2\/media\/50515"}],"wp:attachment":[{"href":"https:\/\/www.europesays.com\/no\/wp-json\/wp\/v2\/media?parent=50514"}],"wp:term":[{"taxonomy":"category","embeddable":true,"href":"https:\/\/www.europesays.com\/no\/wp-json\/wp\/v2\/categories?post=50514"},{"taxonomy":"post_tag","embeddable":true,"href":"https:\/\/www.europesays.com\/no\/wp-json\/wp\/v2\/tags?post=50514"}],"curies":[{"name":"wp","href":"https:\/\/api.w.org\/{rel}","templated":true}]}}