{"id":50520,"date":"2025-10-01T22:31:18","date_gmt":"2025-10-01T22:31:18","guid":{"rendered":"https:\/\/www.europesays.com\/no\/50520\/"},"modified":"2025-10-01T22:31:18","modified_gmt":"2025-10-01T22:31:18","slug":"bjorkelangen-handballskole-all-aere-til-dem-som-arrangerer","status":"publish","type":"post","link":"https:\/\/www.europesays.com\/no\/50520\/","title":{"rendered":"Bj\u00f8rkelangen, H\u00e5ndballskole | \u2013 All \u00e6re til dem som arrangerer"},"content":{"rendered":"\n<p>Hva er vel bedre \u00e5 bruke tre dager av h\u00f8stferien p\u00e5 enn p\u00e5 h\u00e5ndballskole?<\/p>\n<p>Ingen av de 60 barna fra seks til 11 \u00e5r som var med p\u00e5 HIUL\/BSFs h\u00e5ndballskole i Bj\u00f8rkelangen sportshall fra mandag til onsdag var i alle fall i tvil om at dette var rette valget.<\/p>\n<p>\u2013 Vi har det kjempeg\u00f8y, sa Oliver.<\/p>\n<p>\u2013 Men vi er litt slitne ogs\u00e5, f\u00f8yde Ella Sophie til da de var p\u00e5 vei hjem klokka tre etter dag to.<\/p>\n<p>Slitne, men proppfulle av inntrykk.<\/p>\n<p>   <img decoding=\"async\" width=\"3456\" height=\"2304\" fetchpriority=\"low\"  loading=\"lazy\"  src=\"https:\/\/www.europesays.com\/no\/wp-content\/uploads\/2025\/10\/H%C3%85NDBALL+5.JPG\" alt=\"\" class=\"brick-c-cFOWSL\" style=\"--brick-image-ratio: 3456 \/ 2304;\"\/><\/p>\n<p>    SLITSOMT, men veldig moro, sier Oda Riber (fra v.), Caroline Vestreng, Ella Sophie Hoftvedt og Lykke Victoria Holmedahl. Foto: \u00d8ivind Eriksen.<br \/>\n    Foto: \u00d8ivind Eriksen\n  <\/p>\n<p>  \u2013 All \u00e6re<\/p>\n<p>Mikolaj Kunc fra Momoen var p\u00e5 plass for \u00e5 hente datter Iben, og ga verbale blomster til det lokale h\u00f8stferietilbudet.<\/p>\n<p>\u2013 Et fint tilbud til dem som tilbringer h\u00f8stferien hjemme. Sosialt er det ogs\u00e5, og det gir barn en fin mulighet til \u00e5 bli kjent med andre enn de omg\u00e5s med til daglig. All \u00e6re til dem som arrangerer.<\/p>\n<p>   <img decoding=\"async\" width=\"3468\" height=\"2601\" fetchpriority=\"low\"  loading=\"lazy\"  src=\"https:\/\/www.europesays.com\/no\/wp-content\/uploads\/2025\/10\/H%C3%85NDBALL+3.jpg\" alt=\"\" class=\"brick-c-cFOWSL\" style=\"--brick-image-ratio: 3468 \/ 2601;\"\/><\/p>\n<p>    FRUKT NESTE: Deltakerne fikk tre serveringer, lunsj og to ganger med frukt i l\u00f8pet av dagen. Her er Karl Fredrik Bevan (t.h.)  og Stian Fallet i gang med \u00e5 forberede den andre fruktserveringen. \u2013 Vi har v\u00e6rt s\u00e5 heldige at REMA 1000 p\u00e5 Bj\u00f8rkelangen har sponset alt vi serverer av mat og drikke under hele h\u00e5ndballskolen, forteller Karl Fredrik Bevan.<br \/>\n    Foto: \u00d8ivind Eriksen\n  <\/p>\n<p>  \u2013 Vel verdt det<\/p>\n<p>Det gj\u00f8r seg da heller ikke selv \u00e5 aktivisere et 60-talls barn i tre dager. Ikke bare kreves det organisering og et gjennomarbeidet opplegg \u00e5 holde det rette \u00abtr\u00f8kket\u00bb og engasjementet for barna i seks timer i tre dager.<\/p>\n<p>Uten mat og drikke duger h\u00e5ndballskole for barn heller ikke.<\/p>\n<p><b>\u2013 Til sammen er det rundt 15 personer som st\u00e5r bak avviklingen gjennom de tre dagene den varer, forteller leder for arrangementet Karl Fredrik Bevan. <\/b><\/p>\n<p>   <img decoding=\"async\" width=\"3456\" height=\"2304\" fetchpriority=\"low\"  loading=\"lazy\"  src=\"https:\/\/www.europesays.com\/no\/wp-content\/uploads\/2025\/10\/H%C3%85NDBALL+6.JPG\" alt=\"\" class=\"brick-c-cFOWSL\" style=\"--brick-image-ratio: 3456 \/ 2304;\"\/><\/p>\n<p>    INSTRUKT\u00d8RER: Karoline Hellerud (t.v.) og Pia Lysaker var to av instrukt\u00f8rene p\u00e5 h\u00e5ndballskolen. Begge spiller aktivt p\u00e5 lag i HIUL\/BSF. \u2013 L\u00e6rerikt og veldig g\u00f8y. Men ogs\u00e5 litt slitsom med s\u00e5 mange energiske barn rundt seg. Det er mye overskudd og entusiasme, og det hender at vi m\u00e5 bruke litt utestemme inne for \u00e5 f\u00e5 dem til \u00e5 h\u00f8re, men dette g\u00e5r fint, forteller duoen.<br \/>\n    Foto: \u00d8ivind Eriksen\n  <\/p>\n<p>Det inneb\u00e6rer for mange \u00e5 ta seg fri fra jobben. For Bevans del handler det om tre avspaseringsdager som brukes i Bj\u00f8rkelangen sportshall.<\/p>\n<p>\u2013Men det er vel verdt det. Vi gir et ferietilbud til barn og unge. Samtidig f\u00e5r vi presentert h\u00e5ndballen og det tilbudet vi har til nye ansikter. Forh\u00e5pentligvis kan dette bidra litt i rekrutteringsarbeidet v\u00e5rt, sier Karl Fredrik Bevan, som ogs\u00e5 sender en varm takk til Rema 1000 p\u00e5 Bj\u00f8rkelangen som har sponset alt av mat og drikke som serveres i l\u00f8pet av de tre dagene.<\/p>\n<p>   <img decoding=\"async\" width=\"3055\" height=\"1993\" fetchpriority=\"low\"  loading=\"lazy\"  src=\"https:\/\/www.europesays.com\/no\/wp-content\/uploads\/2025\/10\/H%C3%85NDBALL+4.JPG\" alt=\"\" class=\"brick-c-cFOWSL\" style=\"--brick-image-ratio: 3055 \/ 1993;\"\/><\/p>\n<p>    \u2013 N\u00e5 er vi slitne, men i morgen tidlig er vi klare igjen, sier denne blide trioen etter dag to av HIUL\/BSFs h\u00e5ndballskole i Bj\u00f8rkelangen Sportshall. Fra venstre Filip Lie Rud, Oliver \u00d8stengen og Marcus Aasberg.  Etter h\u00e5ndballskolen skal vi p\u00e5 hytta, forteller Filip og Marcus. \u2013 Jeg blir hjemme og kommer til \u00e5 sitte p\u00e5 sofaen og slappe av, skyter Oliver kjapt inn.<br \/>\n    Foto: \u00d8ivind Eriksen\n  <\/p>\n<p>   <img decoding=\"async\" width=\"3468\" height=\"2601\" fetchpriority=\"low\"  loading=\"lazy\"  src=\"https:\/\/www.europesays.com\/no\/wp-content\/uploads\/2025\/10\/H%C3%85NDBALL+1.jpg\" alt=\"\" class=\"brick-c-cFOWSL\" style=\"--brick-image-ratio: 3468 \/ 2601;\"\/><\/p>\n<p>    FULL FART fra morgen til ettermiddag.  \u2013 Vi er godt forn\u00f8yde med deltakelsen p\u00e5 h\u00f8stferiens h\u00e5ndballskole med 60 barn fra seks til 11 \u00e5r, sier Karl Fredrik Bevan, leder for den tre dager lange h\u00e5ndballskolen.<br \/>\n    Foto: \u00d8ivind Eriksen\n  <\/p>\n","protected":false},"excerpt":{"rendered":"Hva er vel bedre \u00e5 bruke tre dager av h\u00f8stferien p\u00e5 enn p\u00e5 h\u00e5ndballskole? Ingen av de 60&hellip;\n","protected":false},"author":2,"featured_media":50521,"comment_status":"","ping_status":"","sticky":false,"template":"","format":"standard","meta":{"footnotes":""},"categories":[59],"tags":[36,2943,7784,7783,7785,30,28,29,83,82,1510],"class_list":{"0":"post-50520","1":"post","2":"type-post","3":"status-publish","4":"format-standard","5":"has-post-thumbnail","7":"category-sport","8":"tag-art","9":"tag-bjorkelangen","10":"tag-bjorkelangen-sf","11":"tag-handballskole","12":"tag-holand-iul","13":"tag-no","14":"tag-norge","15":"tag-norway","16":"tag-sport","17":"tag-sports","18":"tag-story"},"share_on_mastodon":{"url":"","error":""},"_links":{"self":[{"href":"https:\/\/www.europesays.com\/no\/wp-json\/wp\/v2\/posts\/50520","targetHints":{"allow":["GET"]}}],"collection":[{"href":"https:\/\/www.europesays.com\/no\/wp-json\/wp\/v2\/posts"}],"about":[{"href":"https:\/\/www.europesays.com\/no\/wp-json\/wp\/v2\/types\/post"}],"author":[{"embeddable":true,"href":"https:\/\/www.europesays.com\/no\/wp-json\/wp\/v2\/users\/2"}],"replies":[{"embeddable":true,"href":"https:\/\/www.europesays.com\/no\/wp-json\/wp\/v2\/comments?post=50520"}],"version-history":[{"count":0,"href":"https:\/\/www.europesays.com\/no\/wp-json\/wp\/v2\/posts\/50520\/revisions"}],"wp:featuredmedia":[{"embeddable":true,"href":"https:\/\/www.europesays.com\/no\/wp-json\/wp\/v2\/media\/50521"}],"wp:attachment":[{"href":"https:\/\/www.europesays.com\/no\/wp-json\/wp\/v2\/media?parent=50520"}],"wp:term":[{"taxonomy":"category","embeddable":true,"href":"https:\/\/www.europesays.com\/no\/wp-json\/wp\/v2\/categories?post=50520"},{"taxonomy":"post_tag","embeddable":true,"href":"https:\/\/www.europesays.com\/no\/wp-json\/wp\/v2\/tags?post=50520"}],"curies":[{"name":"wp","href":"https:\/\/api.w.org\/{rel}","templated":true}]}}