{"id":5053,"date":"2025-08-11T13:33:08","date_gmt":"2025-08-11T13:33:08","guid":{"rendered":"https:\/\/www.europesays.com\/no\/5053\/"},"modified":"2025-08-11T13:33:08","modified_gmt":"2025-08-11T13:33:08","slug":"politiet-henlegger-anmeldelse-mot-mans-zelmerlow","status":"publish","type":"post","link":"https:\/\/www.europesays.com\/no\/5053\/","title":{"rendered":"Politiet henlegger anmeldelse mot M\u00e5ns Zelmerl\u00f6w"},"content":{"rendered":"\n<p class=\"_lead_1bvmi_2 _lead_xtcu6_50 layout-component text-serif-m layout-normal text-serif-l layout-component layout-wide layout-padded _wide_17hqh_1 layout-padded\">Den svenske artisten ble etterforsket for vold mot ekskona.<\/p>\n<p><img alt=\"Artist M\u00e5ns Zelmerl\u00f6w. Foto: Anders Wiklund\/TT \/ TT Nyhetsbyr\u00e5n \/ NTB\" class=\"_image_qp4xg_65 layout-component layout-wide\" data-fullscreen- data-track-element-type=\"Article image fullscreen\" data-track-name=\"ImageFullscreen\" fetchpriority=\"high\" decoding=\"sync\" loading=\"eager\" height=\"1920\" itemprop=\"image\"  src=\"https:\/\/www.europesays.com\/no\/wp-content\/uploads\/2025\/08\/df50fc0e-6e38-4c96-8efd-90008bfee70d\"  style=\"object-position:0% 0%\" width=\"2880\"\/>Artist M\u00e5ns Zelmerl\u00f6w. Foto: Anders Wiklund\/TT \/ TT Nyhetsbyr\u00e5n \/ NTB<\/p>\n<ul aria-hidden=\"true\" class=\"_images_1y6fe_106\">\n<li><a class=\"_link_1y6fe_111\" href=\"https:\/\/www.vg.no\/forfatter\/elise-roennevig-andersen\" style=\"z-index:1\" title=\"Elise R\u00f8nnevig Andersen\" rel=\"nofollow noopener\" target=\"_blank\"><img alt=\"Bilde av Elise R\u00f8nnevig Andersen\" class=\"_image_1y6fe_88\" fetchpriority=\"low\" loading=\"lazy\" decoding=\"async\" itemprop=\"image\"  src=\"https:\/\/www.europesays.com\/no\/wp-content\/uploads\/2025\/08\/d4a69b78-dc9a-4021-89fd-0783e681325f\"  width=\"480\"\/><\/a><\/li>\n<\/ul>\n<p> Oppdatert mandag 11. august kl. 15:20    <\/p>\n<ul class=\"_list_1bvmi_3 _list_1flq1_85 _unordered_1bvmi_99 text-sans-m\">\n<li class=\"_item_1bvmi_30\">Politiet i Sverige henlegger anmeldelsen mot Eurovision-vinneren M\u00e5ns Zelmerl\u00f6w.<\/li>\n<li class=\"_item_1bvmi_30\">Zelmerl\u00f6w ble etterforsket for vold mot sin tidligere kone, Ciara Janson.<\/li>\n<li class=\"_item_1bvmi_30\">Det er uklart hvorfor politiet avslutter saken.<\/li>\n<li class=\"_item_1bvmi_30\">Zelmerl\u00f6w har ikke kommentert politiets avgj\u00f8relse.<\/li>\n<\/ul>\n<p>Vis mer <\/p>\n<p class=\"_paragraph_1bvmi_4 _paragraph_xtcu6_10 layout-component text-serif-m layout-normal text-serif-m layout-padded\">Politiet i Sverige henlegger anmeldelsen mot Eurovision-vinneren <a href=\"https:\/\/www.vg.no\/tag\/maans-zelmerlow?utm_source=vg-article&amp;utm_medium=auto-tagger&amp;utm_campaign=wgW904\" class=\"_link_1bvmi_39\" rel=\"nofollow noopener\" target=\"_blank\">M\u00e5ns Zelmerl\u00f6w<\/a>, som ble etterforsket for mishandling av sin tidligere kone Ciara Janson.<\/p>\n<p class=\"_paragraph_1bvmi_4 _paragraph_xtcu6_10 layout-component text-serif-m layout-normal text-serif-m layout-padded\">Det melder den svenske avisen<a href=\"https:\/\/www.aftonbladet.se\/nyheter\/a\/Rr77qd\/aftonbladet-direkt?pinnedEntry=1393897\" class=\"_link_1bvmi_39\" rel=\"nofollow noopener\" target=\"_blank\"> Expressen<\/a>, if\u00f8lge Aftonbladet.<\/p>\n<p class=\"_paragraph_1bvmi_4 _paragraph_xtcu6_10 layout-component text-serif-m layout-normal text-serif-m layout-padded\">Zelmerl\u00f6w har v\u00e6rt under etterforskning for p\u00e5st\u00e5tt vold mot ekskona.<\/p>\n<p class=\"_paragraph_1bvmi_4 _paragraph_xtcu6_10 layout-component text-serif-m layout-normal text-serif-m layout-padded\">Politiet har n\u00e5 besluttet \u00e5 ikke g\u00e5 videre med saken, men det er ikke kjent hvilke grunner som ligger bak avgj\u00f8relsen.<\/p>\n<p class=\"_paragraph_1bvmi_4 _paragraph_xtcu6_10 layout-component text-serif-m layout-normal text-serif-m layout-padded\">M\u00e5ns Zelmerl\u00f6w og Ciara Janson var tidligere gift. I mars ble det kjent at <a href=\"https:\/\/www.vg.no\/rampelys\/i\/KMR2oo\/maans-zelmerlow-har-soekt-om-skilsmisse\" data-track-element-type=\"Link\" data-track-id=\"link:KMR2oo\" class=\"_link_1bvmi_39\" rel=\"nofollow noopener\" target=\"_blank\">de skulle skilles.<\/a><\/p>\n<p class=\"_paragraph_1bvmi_4 _paragraph_xtcu6_10 layout-component text-serif-m layout-normal text-serif-m layout-padded\">I forbindelse med den bitre skilsmissestriden har artisten v\u00e6rt <a href=\"https:\/\/www.vg.no\/rampelys\/i\/4BA5nR\/maans-zelmerlow-innroemmer-kokainbruk-i-bitter-skilsmissestrid\" data-track-element-type=\"Link\" data-track-id=\"link:4BA5nR\" class=\"_link_1bvmi_39\" rel=\"nofollow noopener\" target=\"_blank\">\u00e5pen om kokainbruk<\/a>.<\/p>\n<p class=\"_paragraph_1bvmi_4 _paragraph_xtcu6_10 layout-component text-serif-m layout-normal text-serif-m layout-padded\">Zelmerl\u00f6w har ikke uttalt seg om politiets beslutning om \u00e5 henlegge saken.<\/p>\n<p class=\"_paragraph_1bvmi_4 _paragraph_xtcu6_10 layout-component text-serif-m layout-normal text-serif-m layout-padded\">Den svenske artisten er kjent for sin musikkarriere og har tidligere vunnet Eurovision. Han var ogs\u00e5 med i \u00e5rets Melodifestivalen, men n\u00e5dde ikke helt opp.<\/p>\n","protected":false},"excerpt":{"rendered":"Den svenske artisten ble etterforsket for vold mot ekskona. Artist M\u00e5ns Zelmerl\u00f6w. Foto: Anders Wiklund\/TT \/ TT Nyhetsbyr\u00e5n&hellip;\n","protected":false},"author":2,"featured_media":5054,"comment_status":"","ping_status":"","sticky":false,"template":"","format":"standard","meta":{"footnotes":""},"categories":[58],"tags":[71,1249,30,28,29,72,46],"class_list":{"0":"post-5053","1":"post","2":"type-post","3":"status-publish","4":"format-standard","5":"has-post-thumbnail","7":"category-underholdning","8":"tag-entertainment","9":"tag-mans-zelmerlow","10":"tag-no","11":"tag-norge","12":"tag-norway","13":"tag-underholdning","14":"tag-vgai"},"share_on_mastodon":{"url":"","error":""},"_links":{"self":[{"href":"https:\/\/www.europesays.com\/no\/wp-json\/wp\/v2\/posts\/5053","targetHints":{"allow":["GET"]}}],"collection":[{"href":"https:\/\/www.europesays.com\/no\/wp-json\/wp\/v2\/posts"}],"about":[{"href":"https:\/\/www.europesays.com\/no\/wp-json\/wp\/v2\/types\/post"}],"author":[{"embeddable":true,"href":"https:\/\/www.europesays.com\/no\/wp-json\/wp\/v2\/users\/2"}],"replies":[{"embeddable":true,"href":"https:\/\/www.europesays.com\/no\/wp-json\/wp\/v2\/comments?post=5053"}],"version-history":[{"count":0,"href":"https:\/\/www.europesays.com\/no\/wp-json\/wp\/v2\/posts\/5053\/revisions"}],"wp:featuredmedia":[{"embeddable":true,"href":"https:\/\/www.europesays.com\/no\/wp-json\/wp\/v2\/media\/5054"}],"wp:attachment":[{"href":"https:\/\/www.europesays.com\/no\/wp-json\/wp\/v2\/media?parent=5053"}],"wp:term":[{"taxonomy":"category","embeddable":true,"href":"https:\/\/www.europesays.com\/no\/wp-json\/wp\/v2\/categories?post=5053"},{"taxonomy":"post_tag","embeddable":true,"href":"https:\/\/www.europesays.com\/no\/wp-json\/wp\/v2\/tags?post=5053"}],"curies":[{"name":"wp","href":"https:\/\/api.w.org\/{rel}","templated":true}]}}