{"id":50543,"date":"2025-10-02T00:38:09","date_gmt":"2025-10-02T00:38:09","guid":{"rendered":"https:\/\/www.europesays.com\/no\/50543\/"},"modified":"2025-10-02T00:38:09","modified_gmt":"2025-10-02T00:38:09","slug":"jane-fonda-gjenoppliver-fars-ytringsfrihet-gruppe","status":"publish","type":"post","link":"https:\/\/www.europesays.com\/no\/50543\/","title":{"rendered":"Jane Fonda gjenoppliver fars ytringsfrihet-gruppe"},"content":{"rendered":"\n<p class=\"_lead_1994c_2 _lead_xtcu6_50 layout-component text-serif-m layout-normal text-serif-l layout-component layout-wide layout-padded _wide_17hqh_1 layout-padded\">Over 550 kjendiser st\u00f8tter initiativet mot sensur.<\/p>\n<p><img alt=\"Jane Fonda Foto: JULIEN DE ROSA \/ AFP \/ NTB\" class=\"_image_qp4xg_65 layout-component layout-wide\" data-fullscreen- data-track-element-type=\"Article image fullscreen\" data-track-name=\"ImageFullscreen\" fetchpriority=\"high\" decoding=\"sync\" loading=\"eager\" height=\"2178\" itemprop=\"image\"  src=\"https:\/\/www.europesays.com\/no\/wp-content\/uploads\/2025\/10\/12bab63d-6825-4f52-9441-d4a3c052890f\"  style=\"object-position:0% 0%\" width=\"3266\"\/>Jane Fonda Foto: JULIEN DE ROSA \/ AFP \/ NTB<\/p>\n<ul aria-hidden=\"true\" class=\"_images_1y6fe_106\">\n<li><a class=\"_link_1y6fe_111\" href=\"https:\/\/www.vg.no\/forfatter\/kari-aarstad-aase\" style=\"z-index:1\" title=\"Kari Aarstad Aase\" rel=\"nofollow noopener\" target=\"_blank\"><img alt=\"Bilde av Kari Aarstad Aase\" class=\"_image_1y6fe_88\" fetchpriority=\"low\" loading=\"lazy\" decoding=\"async\" itemprop=\"image\"  src=\"https:\/\/www.europesays.com\/no\/wp-content\/uploads\/2025\/10\/1759365488_97_0dbde33e-6d8e-4680-8e4f-e2a64281e2b8\"  width=\"480\"\/><\/a><\/li>\n<\/ul>\n<p> Oppdatert torsdag 2. oktober kl. 02:06     <\/p>\n<p class=\"_paragraph_1994c_4 _paragraph_xtcu6_10 layout-component text-serif-m layout-normal text-serif-m layout-padded\">Jane Fonda har gjenopplivet Committee for the First Amendment, en gruppe som ble startet av hennes far, Henry Fonda p\u00e5 1940-tallet. Den nye komiteen skal beskytte ytringsfriheten mot statlig sensur, melder <a href=\"https:\/\/www.theguardian.com\/film\/2025\/oct\/01\/jane-fonda-committee-first-amendment-trump\" class=\"_link_1994c_39\" rel=\"nofollow noopener\" target=\"_blank\">CNN og The Guardian<\/a>.<\/p>\n<p class=\"_paragraph_1994c_4 _paragraph_xtcu6_10 layout-component text-serif-m layout-normal text-serif-m layout-padded\">Over 550 kjendiser st\u00f8tter initiativet, blant dem Natalie Portman, Aaron Sorkin, Spike Lee, Pedro Pascal, Ben Stiller, Whoopi Goldberg, Sean Penn, John Legend, Damon Lindelof, Julianne Moore, Janelle Mon\u00e1e, Barbra Streisand, Julia Louis-Dreyfus, Ethan Hawke, Billie Eilish og Anjelica Huston.<\/p>\n<p class=\"_paragraph_1994c_4 _paragraph_xtcu6_10 layout-component text-serif-m layout-normal text-serif-m layout-padded\">\u2013 McCarthy-tiden tok slutt da amerikanere fra hele det politiske spekteret endelig kom sammen og sto opp for prinsippene i grunnloven mot undertrykkelseskrefter, sier Fonda i en uttalelse.<\/p>\n<p class=\"_paragraph_1994c_4 _paragraph_xtcu6_10 layout-component text-serif-m layout-normal text-serif-m layout-padded\">Den opprinnelige komiteen ble grunnlagt som svar p\u00e5 Komit\u00e9en for uamerikansk virksomhet, ledet av senator Joseph McCarthy og ble til en kampanje kalt Mccarthyisme.Mccarthyisme.Begrepet \u00abMcCarthyisme\u00bb betydde den r\u00e5dende ideologien i amerikansk politikk i perioden McCarthy var aktiv. Det beskrev ogs\u00e5 rigid antikommunisme blandet med autorit\u00e6re metoder, og mer generelt alvorlige offentlige anklager og ideologisk forf\u00f8lgelse uten bevis, og heksejakt p\u00e5 politiske motstandere. (SNL) Komiteen anklaget underholdningspersonligheter for \u00e5 v\u00e6re kommunistsympatis\u00f8rer, noe som \u00f8dela mange karrierer.<\/p>\n<p><img alt=\"Jane Fonda  Foto: JC OLIVERA \/ AFP \/ NTB\" class=\"_image_qp4xg_65 layout-component layout-normal\" data-fullscreen- data-track-element-type=\"Article image fullscreen\" data-track-name=\"ImageFullscreen\" decoding=\"async\" loading=\"lazy\" height=\"3635\" itemprop=\"image\"  src=\"https:\/\/www.europesays.com\/no\/wp-content\/uploads\/2025\/10\/36f6d398-b49a-43ef-9340-04deaf5ab454\"  style=\"object-position:0% 0%\" width=\"2423\"\/>Jane Fonda  Foto: JC OLIVERA \/ AFP \/ NTB<\/p>\n<p class=\"_paragraph_1994c_4 _paragraph_xtcu6_10 layout-component text-serif-m layout-normal text-serif-m layout-padded\">\u2013 Disse kreftene har kommet tilbake. Og det er v\u00e5r tur til \u00e5 st\u00e5 sammen for \u00e5 forsvare v\u00e5re grunnlovsfestede rettigheter, fortsetter hun.<\/p>\n<p class=\"_paragraph_1994c_4 _paragraph_xtcu6_10 layout-component text-serif-m layout-normal text-serif-m layout-padded\"> \u2013\u2060\u00a0Ytringsfrihet og fri meningsutveksling er umistelige rettigheter for alle amerikanere, uansett bakgrunn og politisk st\u00e5sted \u2013 enten du er liberal eller konservativ. Muligheten til \u00e5 kritisere, stille sp\u00f8rsm\u00e5l, protestere og til og med gj\u00f8re narr av de som har makten, er grunnleggende for det Amerika alltid har \u00f8nsket \u00e5 v\u00e6re.<\/p>\n<p class=\"_paragraph_1994c_4 _paragraph_xtcu6_10 layout-component text-serif-m layout-normal text-serif-m layout-padded\">Fondas nye komit\u00e9 kommer etter at Disney suspenderte Jimmy Kimmel Live! under press fra Trump-administrasjonen. ABC-eieren lot senere Kimmel returnere til lufta etter kraftig kritikk.<\/p>\n<p class=\"_paragraph_1994c_4 _paragraph_xtcu6_10 layout-component text-serif-m layout-normal text-serif-m layout-padded\">\u2013 Jeg er 87 \u00e5r gammel. Jeg har sett krig, undertrykkelse, protester og tilbakeslag, skriver Fonda i et brev til kolleger.<\/p>\n<p class=\"_paragraph_1994c_4 _paragraph_xtcu6_10 layout-component text-serif-m layout-normal text-serif-m layout-padded\">\u2013 Men jeg kan fortelle deg dette: Dette er det mest skremmende \u00f8yeblikket i mitt liv.<\/p>\n","protected":false},"excerpt":{"rendered":"Over 550 kjendiser st\u00f8tter initiativet mot sensur. Jane Fonda Foto: JULIEN DE ROSA \/ AFP \/ NTB Oppdatert&hellip;\n","protected":false},"author":2,"featured_media":50544,"comment_status":"","ping_status":"","sticky":false,"template":"","format":"standard","meta":{"footnotes":""},"categories":[58],"tags":[71,30,28,29,72,46],"class_list":{"0":"post-50543","1":"post","2":"type-post","3":"status-publish","4":"format-standard","5":"has-post-thumbnail","7":"category-underholdning","8":"tag-entertainment","9":"tag-no","10":"tag-norge","11":"tag-norway","12":"tag-underholdning","13":"tag-vgai"},"share_on_mastodon":{"url":"","error":""},"_links":{"self":[{"href":"https:\/\/www.europesays.com\/no\/wp-json\/wp\/v2\/posts\/50543","targetHints":{"allow":["GET"]}}],"collection":[{"href":"https:\/\/www.europesays.com\/no\/wp-json\/wp\/v2\/posts"}],"about":[{"href":"https:\/\/www.europesays.com\/no\/wp-json\/wp\/v2\/types\/post"}],"author":[{"embeddable":true,"href":"https:\/\/www.europesays.com\/no\/wp-json\/wp\/v2\/users\/2"}],"replies":[{"embeddable":true,"href":"https:\/\/www.europesays.com\/no\/wp-json\/wp\/v2\/comments?post=50543"}],"version-history":[{"count":0,"href":"https:\/\/www.europesays.com\/no\/wp-json\/wp\/v2\/posts\/50543\/revisions"}],"wp:featuredmedia":[{"embeddable":true,"href":"https:\/\/www.europesays.com\/no\/wp-json\/wp\/v2\/media\/50544"}],"wp:attachment":[{"href":"https:\/\/www.europesays.com\/no\/wp-json\/wp\/v2\/media?parent=50543"}],"wp:term":[{"taxonomy":"category","embeddable":true,"href":"https:\/\/www.europesays.com\/no\/wp-json\/wp\/v2\/categories?post=50543"},{"taxonomy":"post_tag","embeddable":true,"href":"https:\/\/www.europesays.com\/no\/wp-json\/wp\/v2\/tags?post=50543"}],"curies":[{"name":"wp","href":"https:\/\/api.w.org\/{rel}","templated":true}]}}