{"id":50551,"date":"2025-10-02T00:53:08","date_gmt":"2025-10-02T00:53:08","guid":{"rendered":"https:\/\/www.europesays.com\/no\/50551\/"},"modified":"2025-10-02T00:53:08","modified_gmt":"2025-10-02T00:53:08","slug":"puma-og-sega-lanserer-en-sonic-kolleksjon-med-joggesko-sonic-x-shadow-generations","status":"publish","type":"post","link":"https:\/\/www.europesays.com\/no\/50551\/","title":{"rendered":"Puma og Sega lanserer en Sonic-kolleksjon med joggesko &#8211; Sonic X Shadow Generations"},"content":{"rendered":"<p>Alle vet hvordan Sonics ikoniske joggesko ser ut, og kunne sikkert tenkt seg et par selv. Men Puma og Sega bryr seg ikke om det, for duoen har n\u00e5 avduket et nytt samarbeid om en joggesko-kolleksjon basert p\u00e5 Sonic og vennene hans i stedet for pinnsvinets ikoniske r\u00f8de og hvite sko.<\/p>\n<p>Det er tre forskjellige modeller totalt, med inspirasjon og farger hentet fra Sonic selv, Shadow og Tails &#8211; alle med en ring festet til lissene. De slippes 30. oktober, og som alltid med slike produkter blir de sannsynligvis raskt utsolgt, s\u00e5 s\u00f8rg for \u00e5 stille deg i k\u00f8 hvis du er ivrig etter \u00e5 f\u00e5 tak i et par.<\/p>\n<p>Ta en titt p\u00e5 Threads-innlegget nedenfor og la oss f\u00e5 vite hvilket par du liker best.<\/p>\n<p><img loading=\"lazy\" decoding=\"async\" id=\"img-1878383-4689243\" data-fullsize=\"\/media\/92\/sonicxshadow_4689243b.jpg\" data-lazy=\"\" src=\"https:\/\/www.gamereactor.nohttps:\/\/www.gamereactor.no\/media\/92\/sonicxshadow_4689243_650x.jpg\" width=\"650\" onclick=\"if (!window.__cfRLUnblockHandlers) return false; gallery_openmodal('1878383','4689243',false,'cdccff37802bfcd189430704c6c87a6d');\" height=\"366\" alt=\"Sonic X Shadow Generations\" class=\"rwd_col_content lazy\" data-cf-modified-3249235da8c4e1612a4f53ac-=\"\"\/>SEGA<\/p>\n","protected":false},"excerpt":{"rendered":"Alle vet hvordan Sonics ikoniske joggesko ser ut, og kunne sikkert tenkt seg et par selv. Men Puma&hellip;\n","protected":false},"author":2,"featured_media":50552,"comment_status":"","ping_status":"","sticky":false,"template":"","format":"standard","meta":{"footnotes":""},"categories":[57],"tags":[30,28,29,65,63,64,66,70,69,67,68],"class_list":{"0":"post-50551","1":"post","2":"type-post","3":"status-publish","4":"format-standard","5":"has-post-thumbnail","7":"category-vitenskap-og-teknologi","8":"tag-no","9":"tag-norge","10":"tag-norway","11":"tag-science","12":"tag-science-and-technology","13":"tag-scienceandtechnology","14":"tag-technology","15":"tag-teknologi","16":"tag-vitenskap","17":"tag-vitenskap-og-teknologi","18":"tag-vitenskapteknologi"},"share_on_mastodon":{"url":"","error":""},"_links":{"self":[{"href":"https:\/\/www.europesays.com\/no\/wp-json\/wp\/v2\/posts\/50551","targetHints":{"allow":["GET"]}}],"collection":[{"href":"https:\/\/www.europesays.com\/no\/wp-json\/wp\/v2\/posts"}],"about":[{"href":"https:\/\/www.europesays.com\/no\/wp-json\/wp\/v2\/types\/post"}],"author":[{"embeddable":true,"href":"https:\/\/www.europesays.com\/no\/wp-json\/wp\/v2\/users\/2"}],"replies":[{"embeddable":true,"href":"https:\/\/www.europesays.com\/no\/wp-json\/wp\/v2\/comments?post=50551"}],"version-history":[{"count":0,"href":"https:\/\/www.europesays.com\/no\/wp-json\/wp\/v2\/posts\/50551\/revisions"}],"wp:featuredmedia":[{"embeddable":true,"href":"https:\/\/www.europesays.com\/no\/wp-json\/wp\/v2\/media\/50552"}],"wp:attachment":[{"href":"https:\/\/www.europesays.com\/no\/wp-json\/wp\/v2\/media?parent=50551"}],"wp:term":[{"taxonomy":"category","embeddable":true,"href":"https:\/\/www.europesays.com\/no\/wp-json\/wp\/v2\/categories?post=50551"},{"taxonomy":"post_tag","embeddable":true,"href":"https:\/\/www.europesays.com\/no\/wp-json\/wp\/v2\/tags?post=50551"}],"curies":[{"name":"wp","href":"https:\/\/api.w.org\/{rel}","templated":true}]}}